{"id":17139,"date":"2025-09-26T11:56:07","date_gmt":"2025-09-26T11:56:07","guid":{"rendered":"https:\/\/www.europesays.com\/pl\/17139\/"},"modified":"2025-09-26T11:56:07","modified_gmt":"2025-09-26T11:56:07","slug":"zielone-stroje-reprezentacji-polski-producent-wyjasnil-skad-pomysl","status":"publish","type":"post","link":"https:\/\/www.europesays.com\/pl\/17139\/","title":{"rendered":"Zielone stroje reprezentacji Polski. Producent wyja\u015bni\u0142 sk\u0105d pomys\u0142"},"content":{"rendered":"\n<p class=\"contentpart contentpart--default contentpart--text\" data-position=\"0\">Reprezentacja Polski siatkarzy w tegorocznym sezonie ma do dyspozycji trzy warianty stroj\u00f3w w r\u00f3\u017cnej kolorystyce: bia\u0142o-czerwone, czerwone oraz zielone. Ten ostatni model wzbudzi\u0142 spore kontrowersje i zaskoczenie w\u015br\u00f3d kibic\u00f3w, kt\u00f3rzy zastanawiali si\u0119 sk\u0105d pomys\u0142 na tak\u0105 w\u0142a\u015bnie kolorystyk\u0119. W rozmowie z Polsk\u0105 Agencj\u0105 Prasow\u0105 w\u0105tpliwo\u015bci postanowi\u0142a rozwia\u0107 przedstawicielka producenta stroj\u00f3w.<\/p>\n<p class=\"contentpart contentpart--default contentpart--text\" data-position=\"1\">&#8211;\u00a0Zale\u017ca\u0142o nam na efekcie \u015bwie\u017co\u015bci i nowo\u015bci w kolekcji reprezentacyjnej. Szukali\u015bmy barwy szlachetnej, mocno osadzonej w charakterze ca\u0142ego konceptu, a przede wszystkim takiej, kt\u00f3ra podkre\u015bla\u0142aby warto\u015bci kluczowe podczas tworzenia grafiki na koszulki meczowe: si\u0142\u0119, niez\u0142omno\u015b\u0107 oraz waleczno\u015b\u0107 &#8211; przekaza\u0142a Dorota Zarzecka, starsza specjalistka ds. komunikacji w firmie OTCF, kt\u00f3ra jest w\u0142a\u015bcicielem marki 4F.<\/p>\n<p class=\"contentpart contentpart--default contentpart--text\" data-position=\"2\">ZOBACZ WIDEO: Pod Siatk\u0105: kulisy wygranego meczu Polski z Kanad\u0105<\/p>\n<p class=\"contentpart contentpart--default contentpart--text\" data-position=\"4\">Zgodnie z przepisami FIVB, ka\u017cda reprezentacja musi mie\u0107 trzeci komplet stroj\u00f3w jako kolor rezerwowy.\u00a0Chodzi o zapewnienie dobrej widoczno\u015b\u0107 i unikni\u0119cia konflikt\u00f3w kolorystycznych z dru\u017cyn\u0105 przeciwn\u0105. W przypadku reprezentacji Polski alternatywn\u0105 kolorystyk\u0105 jest butelkowa ziele\u0144.<\/p>\n<p class=\"contentpart contentpart--default contentpart--text\" data-position=\"5\">&#8211; W zestawieniu z innymi kolorami ziele\u0144 tworzy energetyczny, kontrastowy akcent, nadaj\u0105cy projektowi wyrazisto\u015bci. Sprawia, \u017ce kolekcja zyskuje charakter nowoczesny, a jednocze\u015bnie ponadczasowy, idealnie wpisuj\u0105c si\u0119 w sportow\u0105 estetyk\u0119. Istotne by\u0142o tak\u017ce uzupe\u0142nienie kolekcji o barw\u0119, kt\u00f3ra wyr\u00f3\u017cni j\u0105 na tle standardowych bia\u0142o-czerwonych zestawie\u0144 &#8211; wyja\u015bnia Zarzecka.<\/p>\n<p class=\"contentpart contentpart--default contentpart--text\" data-position=\"6\">W trakcie tegorocznego mundialu podopieczni Nikoli Grbicia w zielonym komplecie stroj\u00f3w wyst\u0105pili w wygranym 3:1 meczu z Holandi\u0105.<\/p>\n","protected":false},"excerpt":{"rendered":"Reprezentacja Polski siatkarzy w tegorocznym sezonie ma do dyspozycji trzy warianty stroj\u00f3w w r\u00f3\u017cnej kolorystyce: bia\u0142o-czerwone, czerwone oraz&hellip;\n","protected":false},"author":2,"featured_media":17140,"comment_status":"","ping_status":"","sticky":false,"template":"","format":"standard","meta":{"footnotes":""},"categories":[24],"tags":[3037,708,42,710,38,40,39,41,539,131,127,126],"class_list":{"0":"post-17139","1":"post","2":"type-post","3":"status-publish","4":"format-standard","5":"has-post-thumbnail","7":"category-sport","8":"tag-mistrzostwa-swiata","9":"tag-mistrzostwa-swiata-2025","10":"tag-pl","11":"tag-pod-siatka","12":"tag-poland","13":"tag-polish","14":"tag-polska","15":"tag-polski","16":"tag-reprezentacje","17":"tag-siatkowka","18":"tag-sport","19":"tag-sports"},"share_on_mastodon":{"url":"","error":""},"_links":{"self":[{"href":"https:\/\/www.europesays.com\/pl\/wp-json\/wp\/v2\/posts\/17139","targetHints":{"allow":["GET"]}}],"collection":[{"href":"https:\/\/www.europesays.com\/pl\/wp-json\/wp\/v2\/posts"}],"about":[{"href":"https:\/\/www.europesays.com\/pl\/wp-json\/wp\/v2\/types\/post"}],"author":[{"embeddable":true,"href":"https:\/\/www.europesays.com\/pl\/wp-json\/wp\/v2\/users\/2"}],"replies":[{"embeddable":true,"href":"https:\/\/www.europesays.com\/pl\/wp-json\/wp\/v2\/comments?post=17139"}],"version-history":[{"count":0,"href":"https:\/\/www.europesays.com\/pl\/wp-json\/wp\/v2\/posts\/17139\/revisions"}],"wp:featuredmedia":[{"embeddable":true,"href":"https:\/\/www.europesays.com\/pl\/wp-json\/wp\/v2\/media\/17140"}],"wp:attachment":[{"href":"https:\/\/www.europesays.com\/pl\/wp-json\/wp\/v2\/media?parent=17139"}],"wp:term":[{"taxonomy":"category","embeddable":true,"href":"https:\/\/www.europesays.com\/pl\/wp-json\/wp\/v2\/categories?post=17139"},{"taxonomy":"post_tag","embeddable":true,"href":"https:\/\/www.europesays.com\/pl\/wp-json\/wp\/v2\/tags?post=17139"}],"curies":[{"name":"wp","href":"https:\/\/api.w.org\/{rel}","templated":true}]}}