{"id":171411,"date":"2025-12-26T06:17:10","date_gmt":"2025-12-26T06:17:10","guid":{"rendered":"https:\/\/www.europesays.com\/pl\/171411\/"},"modified":"2025-12-26T06:17:10","modified_gmt":"2025-12-26T06:17:10","slug":"mrozna-swiateczna-noc-tylko-w-jednym-regionie-temperatura-nie-spadnie-ponizej-zera","status":"publish","type":"post","link":"https:\/\/www.europesays.com\/pl\/171411\/","title":{"rendered":"Mro\u017ana \u015bwi\u0105teczna noc. Tylko w jednym regionie temperatura nie spadnie poni\u017cej zera"},"content":{"rendered":"<ul class=\"UnorderedList_container__nmfSl\">\n<li class=\"UnorderedList_listElement__Py7xi\" data-id=\"ai-summary-link\">Du\u017co czytania, a ma\u0142o czasu? Sprawd\u017a\u00a0skr\u00f3t\u00a0artyku\u0142u<\/li>\n<\/ul>\n<p class=\"Paragraph_desktopParagraph__U31Gm\">W nocy z czwartku na pi\u0105tek zachmurzenie ma\u0142e oraz umiarkowane. Na p\u00f3\u0142nocy i centrum b\u0119dzie ono wzrasta\u0107 do du\u017cego. Na p\u00f3\u0142nocnym wschodzie mo\u017cliwe opady \u015bniegu. Temperatura minimalna od -15 st. C lokalnie na po\u0142udniu przez -9 st. C w centrum i -4 st. C na p\u00f3\u0142nocy do 0 st. C nad morzem. Wiatr s\u0142aby i umiarkowany, na p\u00f3\u0142nocnym wschodzie porywisty.<\/p>\n<p class=\"VideoPlayerText_videoPlayerText__iDwyz\">Dalszy ci\u0105g materia\u0142u pod wideo<\/p>\n<p class=\"Paragraph_desktopParagraph__U31Gm\">IMGW wyda\u0142 ostrze\u017cenia I stopnia przed silnym mrozem dla po\u0142udniowych cz\u0119\u015bci woj. \u015bl\u0105skiego, ma\u0142opolskiego oraz podkarpackiego. Prognozuje si\u0119 tam temperatur\u0119 minimaln\u0105 lokalnie w obni\u017ceniach terenu do -15 st. C. Alert obowi\u0105zuje od godz. 22 w czwartek do pi\u0105tku, do godz. 8. Prawdopodobie\u0144stwo wyst\u0105pienia zjawiska wynosi 70 proc.<\/p>\n<ul class=\"OchatFollowUps_wrapper__1ry7X\">\n<li class=\"OchatFollowUps_item__Dhyly OchatFollowUps_itemDesktop__R6aBv\">Jakie s\u0105 prognozy temperatury na noc z czwartku na pi\u0105tek?<\/li>\n<li class=\"OchatFollowUps_item__Dhyly OchatFollowUps_itemDesktop__R6aBv\">Gdzie obowi\u0105zuj\u0105 ostrze\u017cenia I stopnia przed silnym mrozem?<\/li>\n<li class=\"OchatFollowUps_item__Dhyly OchatFollowUps_itemDesktop__R6aBv\">Jakie mog\u0105 by\u0107 opady w pi\u0105tek?<\/li>\n<li class=\"OchatFollowUps_item__Dhyly OchatFollowUps_itemDesktop__R6aBv\">Jakie s\u0105 przewidywania dla temperatury nad morzem?<\/li>\n<\/ul>\n<p class=\"Paragraph_desktopParagraph__U31Gm\">W pi\u0105tek zachmurzenie du\u017ce z wi\u0119kszymi przeja\u015bnianiami. Na wschodzie s\u0142abe opady \u015bniegu, deszczu ze \u015bniegiem oraz m\u017cawki. Temperatura od -3 st. C na po\u0142udniu do 5 st. C nad morzem. Wiatr s\u0142aby i umiarkowany, lokalnie we wschodniej cz\u0119\u015bci Polski porywisty z kierunk\u00f3w zachodnich.<\/p>\n<p>IMGW ostrzega. Mo\u017cliwy deszcz powoduj\u0105cy go\u0142oled\u017a  <\/p>\n<p class=\"Paragraph_desktopParagraph__U31Gm\">Instytut wyda\u0142 alert I stopnia przed opadami marzn\u0105cymi dla woj. podlaskiego, mazowieckiego i lubelskiego, oraz wschodniej cz\u0119\u015bci woj. warmi\u0144sko-mazurskiego. Prognozuje si\u0119 tam s\u0142abe opady marzn\u0105cej m\u017cawki powoduj\u0105ce go\u0142oled\u017a. Ostrze\u017cenie najwcze\u015bniej zacznie si\u0119 od pi\u0105tku od godz. 2 na p\u00f3\u0142nocnym wschodzie, a najd\u0142u\u017cej potrwa w regionach wschodnich do godz. 22. Prawdopodobie\u0144stwo wyst\u0105pienia zjawiska wynosi ok. 80 proc.<\/p>\n<p class=\"Paragraph_desktopParagraph__U31Gm\">Ostrze\u017cenie I stopnia przewiduje warunki sprzyjaj\u0105ce wyst\u0105pieniu niebezpiecznych zjawisk meteorologicznych mog\u0105cych powodowa\u0107 straty materialne oraz zagro\u017cenie zdrowia i \u017cycia.<\/p>\n<p class=\"Paragraph_desktopParagraph__U31Gm\">Noc z pi\u0105tku na sobot\u0119 b\u0119dzie pochmurna z opadami deszczu, deszczu ze \u015bniegiem i \u015bniegu. Temperatura od -6 st. C do ok. -1 st. C, lokalnie 5 st. C nad morzem. Wiatr s\u0142aby i umiarkowany, lokalnie porywisty na po\u0142udniowym wschodzie z kierunk\u00f3w zachodnich.<\/p>\n","protected":false},"excerpt":{"rendered":"Du\u017co czytania, a ma\u0142o czasu? Sprawd\u017a\u00a0skr\u00f3t\u00a0artyku\u0142u W nocy z czwartku na pi\u0105tek zachmurzenie ma\u0142e oraz umiarkowane. Na p\u00f3\u0142nocy&hellip;\n","protected":false},"author":2,"featured_media":171412,"comment_status":"","ping_status":"","sticky":false,"template":"","format":"standard","meta":{"footnotes":""},"categories":[12],"tags":[18916,32,33,36,37,27,67,34,35,28,31,53,25,52,68,51,55,42,78,38,40,39,41,47,591,29,30,65,50,26,7441],"class_list":{"0":"post-171411","1":"post","2":"type-post","3":"status-publish","4":"format-standard","5":"has-post-thumbnail","7":"category-polska","8":"tag-boze_narodzenie_swieta_bozego_narodzenia_wigilia","9":"tag-breaking-news","10":"tag-breakingnews","11":"tag-featured-news","12":"tag-featurednews","13":"tag-headlines","14":"tag-intextvideo_splayer","15":"tag-latest-news","16":"tag-latestnews","17":"tag-naglowki","18":"tag-najwazniejsze-artykuly","19":"tag-new_header","20":"tag-news","21":"tag-onet3","22":"tag-onet3d","23":"tag-onet3d_2i","24":"tag-phx","25":"tag-pl","26":"tag-pogoda","27":"tag-poland","28":"tag-polish","29":"tag-polska","30":"tag-polski","31":"tag-screening_general","32":"tag-srodowisko","33":"tag-top-stories","34":"tag-topstories","35":"tag-update_me","36":"tag-v2021","37":"tag-wiadomosci","38":"tag-zima"},"share_on_mastodon":{"url":"https:\/\/pubeurope.com\/@pl\/115784413559675236","error":""},"_links":{"self":[{"href":"https:\/\/www.europesays.com\/pl\/wp-json\/wp\/v2\/posts\/171411","targetHints":{"allow":["GET"]}}],"collection":[{"href":"https:\/\/www.europesays.com\/pl\/wp-json\/wp\/v2\/posts"}],"about":[{"href":"https:\/\/www.europesays.com\/pl\/wp-json\/wp\/v2\/types\/post"}],"author":[{"embeddable":true,"href":"https:\/\/www.europesays.com\/pl\/wp-json\/wp\/v2\/users\/2"}],"replies":[{"embeddable":true,"href":"https:\/\/www.europesays.com\/pl\/wp-json\/wp\/v2\/comments?post=171411"}],"version-history":[{"count":0,"href":"https:\/\/www.europesays.com\/pl\/wp-json\/wp\/v2\/posts\/171411\/revisions"}],"wp:featuredmedia":[{"embeddable":true,"href":"https:\/\/www.europesays.com\/pl\/wp-json\/wp\/v2\/media\/171412"}],"wp:attachment":[{"href":"https:\/\/www.europesays.com\/pl\/wp-json\/wp\/v2\/media?parent=171411"}],"wp:term":[{"taxonomy":"category","embeddable":true,"href":"https:\/\/www.europesays.com\/pl\/wp-json\/wp\/v2\/categories?post=171411"},{"taxonomy":"post_tag","embeddable":true,"href":"https:\/\/www.europesays.com\/pl\/wp-json\/wp\/v2\/tags?post=171411"}],"curies":[{"name":"wp","href":"https:\/\/api.w.org\/{rel}","templated":true}]}}