{"id":171447,"date":"2025-12-26T06:41:20","date_gmt":"2025-12-26T06:41:20","guid":{"rendered":"https:\/\/www.europesays.com\/pl\/171447\/"},"modified":"2025-12-26T06:41:20","modified_gmt":"2025-12-26T06:41:20","slug":"to-ja-przylapano-na-koncercie-coldplay-dalismy-sie-poniesc-chwili","status":"publish","type":"post","link":"https:\/\/www.europesays.com\/pl\/171447\/","title":{"rendered":"To j\u0105 przy\u0142apano na koncercie Coldplay. &#8222;Dali\u015bmy si\u0119 ponie\u015b\u0107 chwili&#8221;"},"content":{"rendered":"<p class=\"ods-c-paragraph \">W artykule Kristin Cabot przedstawia swoj\u0105 wersj\u0119 wydarze\u0144, ujawniaj\u0105c, \u017ce by\u0142a \u015bwie\u017co po rozstaniu z m\u0119\u017cem Andrew. \u2014 Wypi\u0142am kilka High Noon\u00f3w, ta\u0144czy\u0142am i zachowywa\u0142am si\u0119 nieodpowiednio. Nie nazwa\u0142abym tego b\u0142ahostk\u0105 \u2014 ocenia z perspektywy czasu.<\/p>\n<p>Dalszy ci\u0105g artyku\u0142u pod materia\u0142em wideo<\/p>\n<p> Jak zareagowa\u0142a Kristin Cabot na krytyk\u0119? <\/p>\n<p> Co przyzna\u0142a o swoim zachowaniu na koncercie? <\/p>\n<p> Dlaczego zrezygnowa\u0142a z pracy? <\/p>\n<p> Jak wp\u0142yn\u0119\u0142y pogr\u00f3\u017cki na jej dzieci? <\/p>\n<blockquote class=\"ods-o-quota\">\n<p class=\"ods-o-quota__paragraph\">Wzi\u0119\u0142am za to odpowiedzialno\u015b\u0107 i zrezygnowa\u0142am z pracy. To by\u0142a cena, kt\u00f3r\u0105 postanowi\u0142am zap\u0142aci\u0107<\/p>\n<\/blockquote>\n<p class=\"ods-c-paragraph \">\u2014 przyznaje Kristin, dodaj\u0105c, \u017ce chce, aby jej post\u0119powanie by\u0142o nauczk\u0105 dla jej dzieci, gdy dorosn\u0105. \u2014 Niech wiedz\u0105, \u017ce mo\u017cna pope\u0142nia\u0107 b\u0142\u0119dy i naprawd\u0119 si\u0119 pogubi\u0107. Ale za co\u015b takiego nie powinno si\u0119 grozi\u0107 komu\u015b \u015bmierci\u0105 \u2014 stwierdza Amerykanka. Liczne pogr\u00f3\u017cki i zmasowany hejt wywo\u0142a\u0142y u pociech kobiety stany l\u0119kowe.<\/p>\n<p class=\"ods-c-paragraph \">\u2014 One ju\u017c by\u0142y w bardzo z\u0142ej kondycji, a wtedy wszystko si\u0119 posypa\u0142o. Ba\u0142y si\u0119, \u017ce ja umr\u0119 i one te\u017c umr\u0105. Oczywi\u015bcie wiedzia\u0142y, kim jest Andy [Byron]. Powiedzia\u0142am im: &#8222;Dali\u015bmy si\u0119 ponie\u015b\u0107 chwili, teraz wszystko jest w internecie&#8221; \u2014 przyznaje.<\/p>\n<p class=\"ods-c-paragraph \">Do udzielenia wywiadu nam\u00f3wi\u0142a j\u0105 Dini von Mueffling, kt\u00f3ra reprezentowa\u0142a m.in. Monik\u0119 Lewinsky i Virgini\u0119 Giuffre. Teraz w rozmowie z bran\u017cowym magazynem &#8222;PRWeek&#8221; m\u00f3wi: &#8222;Sta\u0142o si\u0119 jasne, \u017ce ta sprawa sama nie zniknie, a wizerunek, jaki jej przypisano, nie ulegnie zmianie, je\u015bli sama czego\u015b z tym nie zrobi. Milczenie cz\u0119sto pogarsza sytuacj\u0119. Media maj\u0105 swoj\u0105 rol\u0119 do odegrania, a otwarta komunikacja z nimi jest naprawd\u0119 wa\u017cna&#8221;.<\/p>\n<p>&#8222;Nie przeczytam ani jednego s\u0142owa krytyki&#8221;<\/p>\n<p class=\"ods-c-paragraph \">Internauci byli jednak bezlito\u015bni, pisz\u0105c w komentarzach pod postem &#8222;NYT&#8221;, \u017ce jej historia nie powinna by\u0107 tematem na obszerny artyku\u0142. &#8222;To niedorzeczne&#8221;, &#8222;Cabot nie zas\u0142u\u017cy\u0142a na gro\u017aby \u015bmierci, natomiast s\u0142usznie oberwa\u0142o si\u0119 jej za ob\u015bciskiwanie si\u0119 z \u017conatym&#8221;, &#8222;Jedyn\u0105 ofiar\u0105 jest \u017cona tego faceta&#8221; \u2014 pisz\u0105.<\/p>\n<p class=\"ods-c-paragraph \">Sama zainteresowana nie zamierza si\u0119 z nimi mierzy\u0107. \u2014 Wiedzia\u0142am, \u017ce nadszed\u0142 czas, by zabra\u0107 g\u0142os, ale mia\u0142am te\u017c \u015bwiadomo\u015b\u0107 ryzyka: ponownego wystawienia si\u0119 na ataki internetowych trolli. Ta fala krytyki rzeczywi\u015bcie si\u0119 pojawi\u0142a, dok\u0142adnie tak, jak si\u0119 spodziewa\u0142am \u2014 ujawnia w wywiadzie dla &#8222;PRWeek&#8221;.<\/p>\n<blockquote class=\"ods-o-quota\">\n<p class=\"ods-o-quota__paragraph\">Wiedzia\u0142am, \u017ce te g\u0142osy nie s\u0105 reprezentatywne dla wi\u0119kszo\u015bci, ani nie pochodz\u0105 od os\u00f3b, na kt\u00f3rych opinii mi zale\u017cy. I mimo ich stara\u0144, by mnie zrani\u0107, nie przeczyta\u0142am i nie przeczytam ani jednego s\u0142owa z tych komentarzy<\/p>\n<\/blockquote>\n<p class=\"ods-c-paragraph \">\u2014 kwituje.<\/p>\n","protected":false},"excerpt":{"rendered":"W artykule Kristin Cabot przedstawia swoj\u0105 wersj\u0119 wydarze\u0144, ujawniaj\u0105c, \u017ce by\u0142a \u015bwie\u017co po rozstaniu z m\u0119\u017cem Andrew. \u2014&hellip;\n","protected":false},"author":2,"featured_media":171448,"comment_status":"","ping_status":"","sticky":false,"template":"","format":"standard","meta":{"footnotes":""},"categories":[22],"tags":[4711,122,48,46,42,38,40,39,41,21849,123,47,26],"class_list":{"0":"post-171447","1":"post","2":"type-post","3":"status-publish","4":"format-standard","5":"has-post-thumbnail","7":"category-rozrywka","8":"tag-coldplay","9":"tag-entertainment","10":"tag-nat_styl","11":"tag-omp","12":"tag-pl","13":"tag-poland","14":"tag-polish","15":"tag-polska","16":"tag-polski","17":"tag-romans","18":"tag-rozrywka","19":"tag-screening_general","20":"tag-wiadomosci"},"share_on_mastodon":{"url":"https:\/\/pubeurope.com\/@pl\/115784507958437179","error":""},"_links":{"self":[{"href":"https:\/\/www.europesays.com\/pl\/wp-json\/wp\/v2\/posts\/171447","targetHints":{"allow":["GET"]}}],"collection":[{"href":"https:\/\/www.europesays.com\/pl\/wp-json\/wp\/v2\/posts"}],"about":[{"href":"https:\/\/www.europesays.com\/pl\/wp-json\/wp\/v2\/types\/post"}],"author":[{"embeddable":true,"href":"https:\/\/www.europesays.com\/pl\/wp-json\/wp\/v2\/users\/2"}],"replies":[{"embeddable":true,"href":"https:\/\/www.europesays.com\/pl\/wp-json\/wp\/v2\/comments?post=171447"}],"version-history":[{"count":0,"href":"https:\/\/www.europesays.com\/pl\/wp-json\/wp\/v2\/posts\/171447\/revisions"}],"wp:featuredmedia":[{"embeddable":true,"href":"https:\/\/www.europesays.com\/pl\/wp-json\/wp\/v2\/media\/171448"}],"wp:attachment":[{"href":"https:\/\/www.europesays.com\/pl\/wp-json\/wp\/v2\/media?parent=171447"}],"wp:term":[{"taxonomy":"category","embeddable":true,"href":"https:\/\/www.europesays.com\/pl\/wp-json\/wp\/v2\/categories?post=171447"},{"taxonomy":"post_tag","embeddable":true,"href":"https:\/\/www.europesays.com\/pl\/wp-json\/wp\/v2\/tags?post=171447"}],"curies":[{"name":"wp","href":"https:\/\/api.w.org\/{rel}","templated":true}]}}