{"id":171451,"date":"2025-12-26T06:44:33","date_gmt":"2025-12-26T06:44:33","guid":{"rendered":"https:\/\/www.europesays.com\/pl\/171451\/"},"modified":"2025-12-26T06:44:33","modified_gmt":"2025-12-26T06:44:33","slug":"eksplozja-w-meczecie-w-nigerii-wielu-rannych-i-zabitych","status":"publish","type":"post","link":"https:\/\/www.europesays.com\/pl\/171451\/","title":{"rendered":"Eksplozja w meczecie w Nigerii. Wielu rannych i zabitych"},"content":{"rendered":"<p> Wybuch w meczecie w Nigerii<\/p>\n<p class=\"art_paragraph\">Co najmniej siedem os\u00f3b zgin\u0119\u0142o w <a href=\"https:\/\/wiadomosci.gazeta.pl\/polityka\/7,198012,32487114,tak-polacy-oceniaja-slowa-karola-nawrockiego-o-ukraincach-wyniki.html#anchorLink\" rel=\"nofollow noopener\" target=\"_blank\">wyniku<\/a> eksplozji w meczecie w mie\u015bcie Maiduguri w <a href=\"https:\/\/wiadomosci.gazeta.pl\/nigeria#anchorLink\" rel=\"nofollow noopener\" target=\"_blank\">Nigerii<\/a>. Do wybuchu dosz\u0142o podczas wieczornych modlitw w \u015brod\u0119 24 grudnia. Nie ma pewno\u015bci, kto dokona\u0142 zamachu, jednak przedstawiciele miejscowych si\u0142 bezpiecze\u0144stwa podejrzewaj\u0105, \u017ce sprawcami wybuchu mog\u0105 by\u0107 cz\u0142onkowie d\u017cihadystycznej organizacji Boko Haram. Jak dot\u0105d \u017cadna grupa nie przyzna\u0142a si\u0119 do odpowiedzialno\u015bci. Miejscowe media podaj\u0105, \u017ce podobnych zamach\u00f3w obawiaj\u0105 si\u0119 r\u00f3wnie\u017c chrze\u015bcijanie.<\/p>\n<p> S\u0105 zabici i ranni<\/p>\n<p class=\"art_paragraph\">Wed\u0142ug\u00a0France24 w wybuchu zgin\u0119\u0142o co najmniej siedem os\u00f3b. Jeden ze \u015bwiadk\u00f3w zdarzenia przekaza\u0142 agencji AFP, \u017ce widzia\u0142 &#8222;wiele ofiar&#8221; wiezionych do szpitala. Jak na <a href=\"https:\/\/wiadomosci.gazeta.pl\/Razem#anchorLink\" rel=\"nofollow noopener\" target=\"_blank\">razie<\/a> w\u0142adze nie przekaza\u0142y oficjalnych <a href=\"https:\/\/wiadomosci.gazeta.pl\/papiez-franciszek#anchorLink\" rel=\"nofollow noopener\" target=\"_blank\">informacji<\/a> na temat liczby ofiar.<\/p>\n<p>\n    Zobacz wideo Zamiast bra\u0107 szrot ze Stan\u00f3w rozwijajmy nasz przemys\u0142 zbrojeniowy\n  <\/p>\n<p> Nigeria walczy z d\u017cihadystami<\/p>\n<p class=\"art_paragraph\">Maiduguri jest stolic\u0105 stanu Borno, w kt\u00f3rym od lat dzia\u0142a ekstremistyczna organizacja Boko Haram oraz jej od\u0142am <a href=\"https:\/\/wiadomosci.gazeta.pl\/is#anchorLink\" rel=\"nofollow noopener\" target=\"_blank\">Pa\u0144stwo Islamskie<\/a> Afryki Zachodniej. &#8222;Nigeria od 2009 roku walczy z d\u017cihadystyczn\u0105 rebeli\u0105, w konflikcie, kt\u00f3ry poch\u0142on\u0105\u0142 co najmniej 40 tys. ofiar i wysiedli\u0142 oko\u0142o dw\u00f3ch milion\u00f3w os\u00f3b z ich dom\u00f3w na p\u00f3\u0142nocnym wschodzie&#8221; &#8211; zwraca uwag\u0119 France24.\n  <\/p>\n<p>\u0179r\u00f3d\u0142a:IAR, France24 za AFP<\/p>\n","protected":false},"excerpt":{"rendered":"Wybuch w meczecie w Nigerii Co najmniej siedem os\u00f3b zgin\u0119\u0142o w wyniku eksplozji w meczecie w mie\u015bcie Maiduguri&hellip;\n","protected":false},"author":2,"featured_media":171452,"comment_status":"","ping_status":"","sticky":false,"template":"","format":"standard","meta":{"footnotes":""},"categories":[14],"tags":[32,33,27,34,35,28,31,25,40,41,80,29,30,26,82,83,84],"class_list":{"0":"post-171451","1":"post","2":"type-post","3":"status-publish","4":"format-standard","5":"has-post-thumbnail","7":"category-swiat","8":"tag-breaking-news","9":"tag-breakingnews","10":"tag-headlines","11":"tag-latest-news","12":"tag-latestnews","13":"tag-naglowki","14":"tag-najwazniejsze-artykuly","15":"tag-news","16":"tag-polish","17":"tag-polski","18":"tag-swiat","19":"tag-top-stories","20":"tag-topstories","21":"tag-wiadomosci","22":"tag-world","23":"tag-world-news","24":"tag-worldnews"},"share_on_mastodon":{"url":"https:\/\/pubeurope.com\/@pl\/115784519689338878","error":""},"_links":{"self":[{"href":"https:\/\/www.europesays.com\/pl\/wp-json\/wp\/v2\/posts\/171451","targetHints":{"allow":["GET"]}}],"collection":[{"href":"https:\/\/www.europesays.com\/pl\/wp-json\/wp\/v2\/posts"}],"about":[{"href":"https:\/\/www.europesays.com\/pl\/wp-json\/wp\/v2\/types\/post"}],"author":[{"embeddable":true,"href":"https:\/\/www.europesays.com\/pl\/wp-json\/wp\/v2\/users\/2"}],"replies":[{"embeddable":true,"href":"https:\/\/www.europesays.com\/pl\/wp-json\/wp\/v2\/comments?post=171451"}],"version-history":[{"count":0,"href":"https:\/\/www.europesays.com\/pl\/wp-json\/wp\/v2\/posts\/171451\/revisions"}],"wp:featuredmedia":[{"embeddable":true,"href":"https:\/\/www.europesays.com\/pl\/wp-json\/wp\/v2\/media\/171452"}],"wp:attachment":[{"href":"https:\/\/www.europesays.com\/pl\/wp-json\/wp\/v2\/media?parent=171451"}],"wp:term":[{"taxonomy":"category","embeddable":true,"href":"https:\/\/www.europesays.com\/pl\/wp-json\/wp\/v2\/categories?post=171451"},{"taxonomy":"post_tag","embeddable":true,"href":"https:\/\/www.europesays.com\/pl\/wp-json\/wp\/v2\/tags?post=171451"}],"curies":[{"name":"wp","href":"https:\/\/api.w.org\/{rel}","templated":true}]}}