{"id":171461,"date":"2025-12-26T06:51:23","date_gmt":"2025-12-26T06:51:23","guid":{"rendered":"https:\/\/www.europesays.com\/pl\/171461\/"},"modified":"2025-12-26T06:51:23","modified_gmt":"2025-12-26T06:51:23","slug":"zus-zaskoczy-seniorzy-dostana-jeszcze-jedna-wyplate-w-grudniu","status":"publish","type":"post","link":"https:\/\/www.europesays.com\/pl\/171461\/","title":{"rendered":"ZUS zaskoczy. Seniorzy dostan\u0105 jeszcze jedn\u0105 wyp\u0142at\u0119 w grudniu"},"content":{"rendered":"<p>    W jakich terminach ZUS wyp\u0142aca \u015bwiadczenia emerytalno-rentowe?<\/p>\n<p class=\"hyphenate \" data-text-len=\"725\" data-scroll=\"paragraph_3\">Zgodnie z regulacjami zawartymi w Ustawie z 17 grudnia 1998 roku o emeryturach i rentach z Funduszu Ubezpiecze\u0144 Spo\u0142ecznych (Dz. U. 1998 Nr 162 poz. 1118) oraz z utrwalon\u0105 praktyk\u0105 Zak\u0142adu Ubezpiecze\u0144 Spo\u0142ecznych, wyp\u0142ata emerytur odbywa si\u0119 w terminie okre\u015blonym w decyzji wydanej przez ZUS. Data ta zawsze przypada na jeden z sze\u015bciu sta\u0142ych dni w miesi\u0105cu, kt\u00f3rymi s\u0105: 1., 6., 10., 15., 20. lub 25. dzie\u0144 miesi\u0105ca. Kiedy ZUS przyznaje emerytur\u0119, w decyzji wskazuje, w jakim konkretnie dniu <a href=\"https:\/\/www.dziennik.pl\/tagi\/pieniadze\" id=\"4aaa66be-c754-4e38-be56-5c0fcdd80102\" title=\"Pieni\u0105dze\" rel=\"nofollow noopener\" target=\"_blank\">pieni\u0105dze<\/a> b\u0119d\u0105 wyp\u0142acane. Zdarzaj\u0105 si\u0119 jednak sytuacje, \u017ce pieni\u0105dze trafiaj\u0105 do senior\u00f3w innego dnia.<\/p>\n<p>    Kiedy ZUS wyp\u0142aca emerytur\u0119, je\u015bli termin wyp\u0142aty \u015bwiadczenia wypada w dzie\u0144 wolny?<\/p>\n<p class=\"hyphenate \" data-text-len=\"484\" data-scroll=\"paragraph_5\">Je\u017celi wyznaczony termin wyp\u0142aty <a href=\"https:\/\/www.dziennik.pl\/tagi\/emerytury\" id=\"57600a53-b004-4fbf-a853-e1f75bd8d806\" title=\"emerytury\" rel=\"nofollow noopener\" target=\"_blank\">emerytury<\/a> wypada w sobot\u0119, niedziel\u0119 albo inny dzie\u0144 ustawowo wolny od pracy, Zak\u0142ad Ubezpiecze\u0144 Spo\u0142ecznych realizuje przelew najp\u00f3\u017aniej w ostatnim dniu roboczym poprzedzaj\u0105cym ten termin. Natomiast w przypadku \u015bwiadcze\u0144 dostarczanych przez poczt\u0119, zlecenie wyp\u0142aty \u015brodk\u00f3w przekazywane jest z odpowiednim wyprzedzeniem.<\/p>\n<p>    Niekt\u00f3rzy seniorzy dostan\u0105 jeszcze jedn\u0105 wyp\u0142at\u0119 z ZUS w tym roku<\/p>\n<p class=\"hyphenate \" data-text-len=\"439\" data-scroll=\"paragraph_8\">Pierwszy dzie\u0144 stycznia jest ustawowo wolny od pracy, dlatego Zak\u0142ad Ubezpiecze\u0144 Spo\u0142ecznych jest zobowi\u0105zany do wcze\u015bniejszej realizacji pierwszych styczniowych wyp\u0142at. Emeryci, kt\u00f3rzy standardowo otrzymuj\u0105 \u015bwiadczenia pierwszego dnia miesi\u0105ca, powinni liczy\u0107 si\u0119 z tym, \u017ce pieni\u0105dze trafi\u0105 do nich jeszcze pod koniec grudnia \u2013 najp\u00f3\u017aniej 31 grudnia, zar\u00f3wno w formie przekazu pocztowego, jak i przelewu na konto bankowe.<\/p>\n<p>    W tych terminach ZUS wyp\u0142aci styczniowe emerytury<\/p>\n<p class=\"hyphenate \" data-text-len=\"211\" data-scroll=\"paragraph_10\">Nie tylko emeryci maj\u0105cy wyp\u0142aty 1. dnia miesi\u0105ca otrzymaj\u0105 pieni\u0105dze z wyprzedzeniem. Wszystko w\u0142a\u015bnie z powodu uk\u0142adu dni w kalendarzu. Harmonogram wyp\u0142at \u015bwiadcze\u0144 na stycze\u0144 2026 przedstawia si\u0119 nast\u0119puj\u0105co:<\/p>\n<ul data-scroll=\"bullet\">\n<li class=\"firstListItem\">31 grudnia (\u015broda) \u2013 tego dnia zostan\u0105 wyp\u0142acone \u015bwiadczenia, kt\u00f3re mia\u0142yby zosta\u0107 wyp\u0142acone 1 stycznia (Nowy Rok);<\/li>\n<li class=\"firstListItem\">5 stycznia (poniedzia\u0142ek) \u2013 tego dnia zostan\u0105 wyp\u0142acone \u015bwiadczenia, kt\u00f3re mia\u0142yby zosta\u0107 wyp\u0142acone 6 stycznia (Trzech Kr\u00f3li);<\/li>\n<li class=\"firstListItem\">9 stycznia (pi\u0105tek) \u2013 tego dnia zostan\u0105 wyp\u0142acone \u015bwiadczenia, kt\u00f3re mia\u0142yby zosta\u0107 wyp\u0142acone 10 stycznia (sobota);<\/li>\n<li class=\"firstListItem\">15 stycznia (czwartek);<\/li>\n<li class=\"firstListItem\">20 stycznia (wtorek);<\/li>\n<li class=\"firstListItem\">23 stycznia (pi\u0105tek) \u2013 tego dnia zostan\u0105 wyp\u0142acone \u015bwiadczenia, kt\u00f3re mia\u0142yby zosta\u0107 wyp\u0142acone 25 stycznia (niedziela).<\/li>\n<\/ul>\n<p class=\"hyphenate \" data-text-len=\"138\" data-scroll=\"paragraph_12\">Oznacza to, \u017ce osoby, kt\u00f3re otrzymuj\u0105 swoje \u015bwiadczenia 1, 6, 10 i 25 dnia ka\u017cdego miesi\u0105ca w styczniu 2026 otrzymaj\u0105 emerytur\u0119 wcze\u015bniej.<\/p>\n<p>    Czy mo\u017cna zmieni\u0107 termin wyp\u0142aty emerytury z ZUS?<\/p>\n<p class=\"hyphenate \" data-text-len=\"599\" data-scroll=\"paragraph_15\">Niekt\u00f3rzy emeryci zastanawiaj\u0105 si\u0119, czy istnieje mo\u017cliwo\u015b\u0107 zmiany daty wyp\u0142aty \u015bwiadczenia. Co do zasady nie jest to mo\u017cliwe, z wyj\u0105tkiem szczeg\u00f3lnie uzasadnionych sytuacji. Do takich przypadk\u00f3w zaliczaj\u0105 si\u0119 m.in. terminy p\u0142atno\u015bci aliment\u00f3w lub innych zobowi\u0105za\u0144 ustalonych urz\u0119dowo, kt\u00f3rych daty nie mo\u017cna zmieni\u0107 ani negocjowa\u0107. Natomiast konieczno\u015b\u0107 sp\u0142aty raty kredytu nie stanowi dla ZUS wystarczaj\u0105cego uzasadnienia, zw\u0142aszcza \u017ce termin takiej p\u0142atno\u015bci mo\u017cna ustali\u0107 z bankiem. Ostateczn\u0105 decyzj\u0119 w sprawie ewentualnej zmiany terminu wyp\u0142aty podejmuje w\u0142a\u015bciwy oddzia\u0142 ZUS.<\/p>\n","protected":false},"excerpt":{"rendered":"W jakich terminach ZUS wyp\u0142aca \u015bwiadczenia emerytalno-rentowe? Zgodnie z regulacjami zawartymi w Ustawie z 17 grudnia 1998 roku&hellip;\n","protected":false},"author":2,"featured_media":171462,"comment_status":"","ping_status":"","sticky":false,"template":"","format":"standard","meta":{"footnotes":""},"categories":[16],"tags":[113,112,42,38,40,39,41],"class_list":{"0":"post-171461","1":"post","2":"type-post","3":"status-publish","4":"format-standard","5":"has-post-thumbnail","7":"category-biznes","8":"tag-biznes","9":"tag-business","10":"tag-pl","11":"tag-poland","12":"tag-polish","13":"tag-polska","14":"tag-polski"},"share_on_mastodon":{"url":"https:\/\/pubeurope.com\/@pl\/115784547453649806","error":""},"_links":{"self":[{"href":"https:\/\/www.europesays.com\/pl\/wp-json\/wp\/v2\/posts\/171461","targetHints":{"allow":["GET"]}}],"collection":[{"href":"https:\/\/www.europesays.com\/pl\/wp-json\/wp\/v2\/posts"}],"about":[{"href":"https:\/\/www.europesays.com\/pl\/wp-json\/wp\/v2\/types\/post"}],"author":[{"embeddable":true,"href":"https:\/\/www.europesays.com\/pl\/wp-json\/wp\/v2\/users\/2"}],"replies":[{"embeddable":true,"href":"https:\/\/www.europesays.com\/pl\/wp-json\/wp\/v2\/comments?post=171461"}],"version-history":[{"count":0,"href":"https:\/\/www.europesays.com\/pl\/wp-json\/wp\/v2\/posts\/171461\/revisions"}],"wp:featuredmedia":[{"embeddable":true,"href":"https:\/\/www.europesays.com\/pl\/wp-json\/wp\/v2\/media\/171462"}],"wp:attachment":[{"href":"https:\/\/www.europesays.com\/pl\/wp-json\/wp\/v2\/media?parent=171461"}],"wp:term":[{"taxonomy":"category","embeddable":true,"href":"https:\/\/www.europesays.com\/pl\/wp-json\/wp\/v2\/categories?post=171461"},{"taxonomy":"post_tag","embeddable":true,"href":"https:\/\/www.europesays.com\/pl\/wp-json\/wp\/v2\/tags?post=171461"}],"curies":[{"name":"wp","href":"https:\/\/api.w.org\/{rel}","templated":true}]}}