{"id":171467,"date":"2025-12-26T06:55:13","date_gmt":"2025-12-26T06:55:13","guid":{"rendered":"https:\/\/www.europesays.com\/pl\/171467\/"},"modified":"2025-12-26T06:55:13","modified_gmt":"2025-12-26T06:55:13","slug":"lechia-gdansk-oczekuje-fortuny-lider-strzelcow-dostal-oferte","status":"publish","type":"post","link":"https:\/\/www.europesays.com\/pl\/171467\/","title":{"rendered":"Lechia Gda\u0144sk oczekuje fortuny. Lider strzelc\u00f3w dosta\u0142 ofert\u0119"},"content":{"rendered":"<p>\n        fot. Pressfocus<br \/>\n        Na zdj\u0119ciu: Tomas Bobcek\n    <\/p>\n<p>Lechia poczeka ze sprzeda\u017c\u0105 do lata? Nowa umowa dla gwiazdy<\/p>\n<p><a href=\"https:\/\/www.goal.pl\/klub\/lechia-gdansk\/\" rel=\"nofollow noopener\" target=\"_blank\">Lechia Gda\u0144sk<\/a> wydosta\u0142a si\u0119 z powa\u017cnych tarapat\u00f3w i zimuje poza stref\u0105 spadkow\u0105. Mimo ujemnych punkt\u00f3w na starcie kampanii, finalnie ekipa Johna Carvera zebra\u0142a ich na tyle, by wyprzedzi\u0107 a\u017c pi\u0119\u0107 dru\u017cyn. Ogromna w tym zas\u0142uga Tomasa Bobcka, kt\u00f3ry z 13 bramkami na koncie jest liderem klasyfikacji strzelc\u00f3w Ekstraklasy i ma spore szanse na zdobycie korony. Zale\u017cy to jednak od jego przysz\u0142o\u015bci, gdy\u017c zainteresowanie jego transferem jest ogromne, a kluby zg\u0142osz\u0105 si\u0119 po niego ju\u017c tej zimy.<\/p>\n<p>Mimo powa\u017cnych problem\u00f3w finansowych, Lechia nie jest zdecydowana na sprzeda\u017c pi\u0142karza w trakcie sezonu. Do transferu z jego udzia\u0142em najprawdopodobniej mia\u0142oby doj\u015b\u0107 dopiero latem. \u201eWP Sportowe Fakty\u201d informuje o mo\u017cliwo\u015bci odej\u015bcia zim\u0105, jedynie w przypadku szalonej oferty, kt\u00f3rej nie b\u0119dzie da\u0142o si\u0119 odrzuci\u0107. Chodzi o kwot\u0119 w okolicach 10 milion\u00f3w euro.<\/p>\n<p>Sam Bobcek nie spieszy si\u0119 ze zmian\u0105 otoczenia i jest sk\u0142onny pozosta\u0107 do lata, tak aby mie\u0107 na stole jeszcze lepsze opcje. W tej chwili Lechia chcia\u0142aby si\u0119 jeszcze zabezpieczy\u0107 i przed\u0142u\u017cy\u0107 z nim obowi\u0105zuj\u0105c\u0105 do 2027 roku umow\u0119. Wi\u0105za\u0142oby si\u0119 to oczywi\u015bcie z du\u017c\u0105 podwy\u017ck\u0105 dla zawodnika, natomiast klub ustawi\u0142by si\u0119 w znacznie lepszej pozycji negocjacyjnej i m\u00f3g\u0142by za\u017c\u0105da\u0107 po sezonie jeszcze wi\u0119kszych pieni\u0119dzy.<\/p>\n<p>24-latek mia\u0142 okazj\u0119 zadebiutowa\u0107 w listopadzie w reprezentacji S\u0142owacji, a nawet zdoby\u0107 swoj\u0105 premierow\u0105 bramk\u0119. Portal \u201eTransfermarkt\u201d wycenia go na 5 milion\u00f3w euro.<\/p>\n","protected":false},"excerpt":{"rendered":"fot. Pressfocus Na zdj\u0119ciu: Tomas Bobcek Lechia poczeka ze sprzeda\u017c\u0105 do lata? Nowa umowa dla gwiazdy Lechia Gda\u0144sk&hellip;\n","protected":false},"author":2,"featured_media":171468,"comment_status":"","ping_status":"","sticky":false,"template":"","format":"standard","meta":{"footnotes":""},"categories":[24],"tags":[42,38,40,39,41,127,126],"class_list":{"0":"post-171467","1":"post","2":"type-post","3":"status-publish","4":"format-standard","5":"has-post-thumbnail","7":"category-sport","8":"tag-pl","9":"tag-poland","10":"tag-polish","11":"tag-polska","12":"tag-polski","13":"tag-sport","14":"tag-sports"},"share_on_mastodon":{"url":"https:\/\/pubeurope.com\/@pl\/115784563119544092","error":""},"_links":{"self":[{"href":"https:\/\/www.europesays.com\/pl\/wp-json\/wp\/v2\/posts\/171467","targetHints":{"allow":["GET"]}}],"collection":[{"href":"https:\/\/www.europesays.com\/pl\/wp-json\/wp\/v2\/posts"}],"about":[{"href":"https:\/\/www.europesays.com\/pl\/wp-json\/wp\/v2\/types\/post"}],"author":[{"embeddable":true,"href":"https:\/\/www.europesays.com\/pl\/wp-json\/wp\/v2\/users\/2"}],"replies":[{"embeddable":true,"href":"https:\/\/www.europesays.com\/pl\/wp-json\/wp\/v2\/comments?post=171467"}],"version-history":[{"count":0,"href":"https:\/\/www.europesays.com\/pl\/wp-json\/wp\/v2\/posts\/171467\/revisions"}],"wp:featuredmedia":[{"embeddable":true,"href":"https:\/\/www.europesays.com\/pl\/wp-json\/wp\/v2\/media\/171468"}],"wp:attachment":[{"href":"https:\/\/www.europesays.com\/pl\/wp-json\/wp\/v2\/media?parent=171467"}],"wp:term":[{"taxonomy":"category","embeddable":true,"href":"https:\/\/www.europesays.com\/pl\/wp-json\/wp\/v2\/categories?post=171467"},{"taxonomy":"post_tag","embeddable":true,"href":"https:\/\/www.europesays.com\/pl\/wp-json\/wp\/v2\/tags?post=171467"}],"curies":[{"name":"wp","href":"https:\/\/api.w.org\/{rel}","templated":true}]}}