{"id":171481,"date":"2025-12-26T07:04:08","date_gmt":"2025-12-26T07:04:08","guid":{"rendered":"https:\/\/www.europesays.com\/pl\/171481\/"},"modified":"2025-12-26T07:04:08","modified_gmt":"2025-12-26T07:04:08","slug":"oppo-reno15-za-599-euro-to-sensowny-sredniaczek","status":"publish","type":"post","link":"https:\/\/www.europesays.com\/pl\/171481\/","title":{"rendered":"Oppo Reno15 za 599 euro to sensowny \u015bredniaczek"},"content":{"rendered":"<p class=\"lead\">Oppo Reno15 dope\u0142nia ofert\u0119 \u015bredniak\u00f3w chi\u0144skiego producenta, kt\u00f3re niebawem trafi\u0105 do Polski. Moim zdaniem to du\u017co lepszy wyb\u00f3r od dro\u017cszej wersji Pro. Poznaj specyfikacj\u0119 ju\u017c dzisiaj.<\/p>\n<p>Premiera Oppo Reno15 odb\u0119dzie si\u0119 pewnie jeszcze w styczniu, ale Ty nie musisz ju\u017c na ni\u0105 czeka\u0107. Dzi\u0119ki kompletnemu przeciekowi wiemy o nim wszystko \u2013 \u0142\u0105cznie z cen\u0105. Dla mnie wygrywa z wersj\u0105 Pro pod ka\u017cdym wzgl\u0119dem \u2013 i przede wszystki b\u0119dzie od niego du\u017co ta\u0144szy.<\/p>\n<p>OPPO Reno15 ma u nas kosztowa\u0107 599 euro<\/p>\n<p>Na pocz\u0105tek zapoznajmy si\u0119 z cen\u0105 i por\u00f3wnajmy j\u0105 do <a href=\"https:\/\/www.gsmmaniak.pl\/1623624\/oppo-reno15-pro-pelna-specyfikacja-cena-w-europie-w-polsce\/\" rel=\"nofollow noopener\" target=\"_blank\">Oppo Reno15 Pro<\/a>. Ten ma kosztowa\u0107 799 euro i moim zdaniem to zdecydowanie przesadzona kwota. W przypadki niemal\u017ce bli\u017aniaczego, ale nieco wi\u0119kszego Oppo Reno15 wygl\u0105da to du\u017co lepiej. 599 euro powinno prze\u0142o\u017cy\u0107 si\u0119 na mniej ni\u017c 3000 z\u0142otych na start \u2013 nie wliczaj\u0105c w to nawet premierowej promocji.<\/p>\n<p><a href=\"https:\/\/www.gsmmaniak.pl\/wp-content\/uploads\/gsmmaniak\/2025\/12\/Zrzut-ekranu-2025-12-25-115725.jpg\" rel=\"lightbox-post4 nofollow noopener\" title=\"Galeria dla Zrzut ekranu 2025-12-25 115725\" target=\"_blank\"><img loading=\"lazy\" decoding=\"async\" aria-describedby=\"caption-attachment-1623775\" class=\"size-medium wp-image-1623775\" src=\"https:\/\/www.europesays.com\/pl\/wp-content\/uploads\/2025\/12\/Zrzut-ekranu-2025-12-25-115725-medium.jpg\" alt=\"OPPO Reno15\" width=\"500\" height=\"351\"   itemprop=\"image\" \/><\/a><\/p>\n<p id=\"caption-attachment-1623775\" class=\"wp-caption-text\">Specyfikacja OPPO Reno15 \/ fot. Sudhanshu Ambhore<\/p>\n<p>Telefon nadal jest bardzo cienki \u2013 ma raptem 7.8mm \u2013 oraz lekki, bo wa\u017cy tylko 197g. Zwr\u00f3c\u0119 te\u017c uwag\u0119 na bardzo podobne zaplecze fotograficzne, bo nie zabrak\u0142o tu 3.5-krotnego zoomu z OIS. 200 MP aparat g\u0142\u00f3wny podmieniono na 50 MP, ale nadal zachowano OIS. Najmocniej ucierpia\u0142 szeroki k\u0105t, spadaj\u0105c do 8 MP.<\/p>\n<p>Moim zdaniem jest tylko jeden problem, kt\u00f3ry potencjalnie mo\u017ce pogrzeba\u0107 ten smartfon \u2013 to 8 GB RAM. \u017baden telefon kosztuj\u0105cy powy\u017cej 1000 z\u0142otych nie powinien mie\u0107 takiej pami\u0119ci operacyjnej.<\/p>\n<p>Wybra\u0142bym go zamiast wersji Pro, ale POCO nadal wygrywa<\/p>\n<p>Kolejn\u0105 pozytywn\u0105 cech\u0105 Oppo Reno15 b\u0119dzie pojemno\u015b\u0107 baterii. Ta ma a\u017c 6500 mAh, co przy telefonie o takich gabarytach robi wra\u017cenie. Nie zabraknie te\u017c wsparcia dla \u0142adowania o mocy 80W.<\/p>\n<p class=\"jetpack-slideshow-noscript robots-nocontent\">Ten pokaz slajd\u00f3w wymaga w\u0142\u0105czonego JavaScript.<\/p>\n<p>Design jest w zasadzie bli\u017aniaczy do wersji Pro \u2013 cienkie ramki, wyspa aparat\u00f3w na mod\u0142\u0119 starszych generacji iPhone\u2019a oraz ciekawy motyw na tylnym panelu. Na froncie mamy za to otoczony cienkimi ramkami wy\u015bwietlacz to przek\u0105tnej 6.59 cala. To AMOLED z od\u015bwie\u017caniem 120 Hz i rozdzielczo\u015bci\u0105 1.5K. O wydajno\u015b\u0107 zadba Snapdragon 7 Gen 4 zamiast MediaTeka Dimensity 8500 z wersji Pro.<\/p>\n<p>Na koniec dnia Oppo Reno15 to fajny \u015bredniak, ale stawiam, \u017ce wzorem poprzednika b\u0119dzie b\u0142yskawicznie tanie\u0107. I to bardzo dobra wiadomo\u015b\u0107 \u2013 na premier\u0119 nie ma bowiem szans z <a href=\"https:\/\/www.gsmmaniak.pl\/1617676\/poco-f8-pro-test-recenzja-opinia\/\" rel=\"nofollow noopener\" target=\"_blank\">POCO F8 Pro<\/a>.<\/p>\n<blockquote class=\"wp-embedded-content\" data-secret=\"V9T9TQoSZs\">\n<p><a href=\"https:\/\/www.gsmmaniak.pl\/1617676\/poco-f8-pro-test-recenzja-opinia\/\" rel=\"nofollow noopener\" target=\"_blank\">TEST | POCO F8 Pro jest mniejszy, a jednak wi\u0119kszy. Nie zapraszam do dyskusji, to najlepiej wyceniony telefon 2025 roku<\/a><\/p>\n<\/blockquote>\n<p>\u0179r\u00f3d\u0142o: <a href=\"https:\/\/x.com\/Sudhanshu1414\/status\/2003399645951852932\" rel=\"nofollow\">Sudhanshu Ambhore<\/a>, opracowanie w\u0142asne<\/p>\n","protected":false},"excerpt":{"rendered":"Oppo Reno15 dope\u0142nia ofert\u0119 \u015bredniak\u00f3w chi\u0144skiego producenta, kt\u00f3re niebawem trafi\u0105 do Polski. Moim zdaniem to du\u017co lepszy wyb\u00f3r&hellip;\n","protected":false},"author":2,"featured_media":171482,"comment_status":"","ping_status":"","sticky":false,"template":"","format":"standard","meta":{"footnotes":""},"categories":[20],"tags":[120,118,119,42,38,40,39,41,116,114,115,121,117],"class_list":{"0":"post-171481","1":"post","2":"type-post","3":"status-publish","4":"format-standard","5":"has-post-thumbnail","7":"category-nauka-i-technika","8":"tag-nauka","9":"tag-nauka-i-technika","10":"tag-naukatechnika","11":"tag-pl","12":"tag-poland","13":"tag-polish","14":"tag-polska","15":"tag-polski","16":"tag-science","17":"tag-science-and-technology","18":"tag-sciencetechnology","19":"tag-technika","20":"tag-technology"},"share_on_mastodon":{"url":"https:\/\/pubeurope.com\/@pl\/115784598846889535","error":""},"_links":{"self":[{"href":"https:\/\/www.europesays.com\/pl\/wp-json\/wp\/v2\/posts\/171481","targetHints":{"allow":["GET"]}}],"collection":[{"href":"https:\/\/www.europesays.com\/pl\/wp-json\/wp\/v2\/posts"}],"about":[{"href":"https:\/\/www.europesays.com\/pl\/wp-json\/wp\/v2\/types\/post"}],"author":[{"embeddable":true,"href":"https:\/\/www.europesays.com\/pl\/wp-json\/wp\/v2\/users\/2"}],"replies":[{"embeddable":true,"href":"https:\/\/www.europesays.com\/pl\/wp-json\/wp\/v2\/comments?post=171481"}],"version-history":[{"count":0,"href":"https:\/\/www.europesays.com\/pl\/wp-json\/wp\/v2\/posts\/171481\/revisions"}],"wp:featuredmedia":[{"embeddable":true,"href":"https:\/\/www.europesays.com\/pl\/wp-json\/wp\/v2\/media\/171482"}],"wp:attachment":[{"href":"https:\/\/www.europesays.com\/pl\/wp-json\/wp\/v2\/media?parent=171481"}],"wp:term":[{"taxonomy":"category","embeddable":true,"href":"https:\/\/www.europesays.com\/pl\/wp-json\/wp\/v2\/categories?post=171481"},{"taxonomy":"post_tag","embeddable":true,"href":"https:\/\/www.europesays.com\/pl\/wp-json\/wp\/v2\/tags?post=171481"}],"curies":[{"name":"wp","href":"https:\/\/api.w.org\/{rel}","templated":true}]}}