{"id":171496,"date":"2025-12-26T07:14:10","date_gmt":"2025-12-26T07:14:10","guid":{"rendered":"https:\/\/www.europesays.com\/pl\/171496\/"},"modified":"2025-12-26T07:14:10","modified_gmt":"2025-12-26T07:14:10","slug":"oto-najbiedniejsze-polskie-miasto-to-tutaj-ludzie-zarabiaja-najmniej","status":"publish","type":"post","link":"https:\/\/www.europesays.com\/pl\/171496\/","title":{"rendered":"Oto najbiedniejsze polskie miasto. To tutaj ludzie zarabiaj\u0105 najmniej"},"content":{"rendered":"<p><img decoding=\"async\" class=\"Image_image__0tuHp Image_autoHeight__f2n87 \" height=\"100\" width=\"800\" src=\"https:\/\/www.europesays.com\/pl\/wp-content\/uploads\/2025\/12\/9Lsk9kpTURBXy85ODA1YmY4ODg1MjE1ZDRlM2JlNDY3NWUxYWUxMWNkMC5qcGeTlQMAAM0DIGSVAs0DrADCw5UCAM0CS8LD3gADo.jpeg\" loading=\"lazy\" \/>Onet<\/p>\n<p class=\"Paragraph_desktopParagraph__U31Gm\">Wed\u0142ug najnowszych zestawie\u0144 opartych na tzw. wska\u017aniku\u202fG \u2013 czyli kwocie dochod\u00f3w podatkowych przypadaj\u0105cych rocznie na jednego mieszka\u0144ca \u2013 najbiedniejszym miastem w Polsce jest Bogusz\u00f3w\u2011Gorce (woj. dolno\u015bl\u0105skie), w kt\u00f3rym przypada zaledwie 1008,96\u202fz\u0142 na osob\u0119. Okazuje si\u0119 jednak, \u017ce jedno wojew\u00f3dztwo wyr\u00f3\u017cnia si\u0119 w tym rankingu \u2014 a\u017c trzy miejscowo\u015bci zlokalizowane na Dolnym \u015al\u0105sku znalaz\u0142y si\u0119 w zestawieniu najbiedniejszych w kraju.<\/p>\n<ul class=\"OchatFollowUps_wrapper__1ry7X\">\n<li class=\"OchatFollowUps_item__Dhyly OchatFollowUps_itemDesktop__R6aBv\">Gdzie znajduje si\u0119 najbiedniejsze miasto w Polsce?<\/li>\n<li class=\"OchatFollowUps_item__Dhyly OchatFollowUps_itemDesktop__R6aBv\">Jakie s\u0105 przyczyny biedy w Boguszowie-Gorcach?<\/li>\n<li class=\"OchatFollowUps_item__Dhyly OchatFollowUps_itemDesktop__R6aBv\">Ile wynosi doch\u00f3d podatkowy na mieszka\u0144ca w Boguszowie-Gorcach?<\/li>\n<li class=\"OchatFollowUps_item__Dhyly OchatFollowUps_itemDesktop__R6aBv\">Kt\u00f3re inne miasta z Dolnego \u015al\u0105ska znalaz\u0142y si\u0119 w\u015br\u00f3d najbiedniejszych?<\/li>\n<\/ul>\n<p>TOP 10 najbiedniejszych miast w 2024 roku (z uwzgl\u0119dnieniem dochodu podatkowego na mieszka\u0144ca) <\/p>\n<ol class=\"OrderedList_container__y3AGP\">\n<li class=\"OrderedList_listElement__CBOJf\">Bogusz\u00f3w-Gorce, woj. dolno\u015bl\u0105skie, 1108,96 z\u0142<\/li>\n<li class=\"OrderedList_listElement__CBOJf\">Gryb\u00f3w, woj. ma\u0142opolskie, 1108,33 z\u0142<\/li>\n<li class=\"OrderedList_listElement__CBOJf\">Dyn\u00f3w, woj. podkarpackie, 1154,08 z\u0142<\/li>\n<li class=\"OrderedList_listElement__CBOJf\">Psz\u00f3w, woj. \u015bl\u0105skie, 1174,48 z\u0142<\/li>\n<li class=\"OrderedList_listElement__CBOJf\">G\u00f3rowo I\u0142aweckie, woj. warmi\u0144sko-mazurskie, 1265,15 z\u0142<\/li>\n<li class=\"OrderedList_listElement__CBOJf\">Sulmierzyce, woj. wielkopolskie, 1268,46 z\u0142<\/li>\n<li class=\"OrderedList_listElement__CBOJf\">Bielawa, woj. dolno\u015bl\u0105skie, 1317,76 z\u0142<\/li>\n<li class=\"OrderedList_listElement__CBOJf\">\u0141\u0119knica, woj. lubuskie, 1338,88 z\u0142<\/li>\n<li class=\"OrderedList_listElement__CBOJf\">Pi\u0142awa G\u00f3rna, woj. dolno\u015bl\u0105skie, 1397,04 z\u0142<\/li>\n<li class=\"OrderedList_listElement__CBOJf\">Sejny, woj. podlaskie, 1400,77 z\u0142<\/li>\n<\/ol>\n<p class=\"Paragraph_desktopParagraph__U31Gm\">To, \u017ce a\u017c trzy miasta z woj. dolno\u015bl\u0105skiego znalaz\u0142y si\u0119 w\u015br\u00f3d dziesi\u0119ciu najbiedniejszych w Polsce, jest zaskakuj\u0105ce, bo region ten tradycyjnie nie uchodzi za ubogi. Powodem, dla kt\u00f3rego miasta te znalaz\u0142y si\u0119 na tej li\u015bcie, mo\u017ce by\u0107: brak transformacji gospodarczej, odp\u0142yw m\u0142odych ludzi i starzej\u0105ce si\u0119 spo\u0142ecze\u0144stwo, brak inwestor\u00f3w i wysokie <a href=\"https:\/\/businessinsider.com.pl\/gospodarka\/bezrobocie-w-polsce-z-wyjatkowym-wynikiem-jak-na-te-pore-roku-nowe-dane-gus\/refev17\" id=\"2ad40bf5-f65f-45a3-8e30-34d9317bcdd9\" rel=\"nofollow noopener\" target=\"_blank\">bezrobocie<\/a>.<\/p>\n<p class=\"Paragraph_desktopParagraph__U31Gm\">Dla por\u00f3wnania warto wzi\u0105\u0107 pod uwag\u0119 najbogatsze miasto w Polsce \u2014 jest to Kleszcz\u00f3w, w kt\u00f3rym doch\u00f3d podatkowy na mieszka\u0144ca plasuje si\u0119 na poziomie ponad 32 tys. 477 z\u0142.<\/p>\n<p class=\"Paragraph_desktopParagraph__U31Gm\">Bogusz\u00f3w-Gorce to miasto, kt\u00f3re le\u017cy w woj. dolno\u015bl\u0105skim, powiecie wa\u0142brzyskim, u podn\u00f3\u017ca G\u00f3r Wa\u0142brzyskich \u2014 na wysoko\u015bci ok. 500-600 m n.p.m. Jest jednym z najwy\u017cej po\u0142o\u017conych miast w Polsce \u2013 co wp\u0142ywa na jego klimat i krajobraz.<\/p>\n<p class=\"Paragraph_desktopParagraph__U31Gm\">Miasto rozwin\u0119\u0142o si\u0119 wok\u00f3\u0142 przemys\u0142u w\u0119glowego i w\u0142\u00f3kienniczego, ale likwidacja kopal\u0144 w latach 90. spowodowa\u0142a ogromny wzrost bezrobocia i za\u0142amanie lokalnej gospodarki. Nie zdo\u0142a\u0142o w pe\u0142ni przekszta\u0142ci\u0107 si\u0119 w kierunku nowoczesnych us\u0142ug czy przemys\u0142u lekkiego.<\/p>\n","protected":false},"excerpt":{"rendered":"Onet Wed\u0142ug najnowszych zestawie\u0144 opartych na tzw. wska\u017aniku\u202fG \u2013 czyli kwocie dochod\u00f3w podatkowych przypadaj\u0105cych rocznie na jednego mieszka\u0144ca&hellip;\n","protected":false},"author":2,"featured_media":171497,"comment_status":"","ping_status":"","sticky":false,"template":"","format":"standard","meta":{"footnotes":"","_share_on_mastodon":"0"},"categories":[12],"tags":[3487,32,33,105,36,37,27,34,35,15097,28,31,53,25,52,68,51,55,42,10421,38,40,39,41,1359,47,29,30,50,26],"class_list":["post-171496","post","type-post","status-publish","format-standard","has-post-thumbnail","category-polska","tag-bieda","tag-breaking-news","tag-breakingnews","tag-ekonomia","tag-featured-news","tag-featurednews","tag-headlines","tag-latest-news","tag-latestnews","tag-miasto_miasta","tag-naglowki","tag-najwazniejsze-artykuly","tag-new_header","tag-news","tag-onet3","tag-onet3d","tag-onet3d_2i","tag-phx","tag-pl","tag-podroze_onet","tag-poland","tag-polish","tag-polska","tag-polski","tag-ranking","tag-screening_general","tag-top-stories","tag-topstories","tag-v2021","tag-wiadomosci"],"share_on_mastodon":{"url":"https:\/\/pubeurope.com\/@pl\/115784637932719517","error":""},"_links":{"self":[{"href":"https:\/\/www.europesays.com\/pl\/wp-json\/wp\/v2\/posts\/171496","targetHints":{"allow":["GET"]}}],"collection":[{"href":"https:\/\/www.europesays.com\/pl\/wp-json\/wp\/v2\/posts"}],"about":[{"href":"https:\/\/www.europesays.com\/pl\/wp-json\/wp\/v2\/types\/post"}],"author":[{"embeddable":true,"href":"https:\/\/www.europesays.com\/pl\/wp-json\/wp\/v2\/users\/2"}],"replies":[{"embeddable":true,"href":"https:\/\/www.europesays.com\/pl\/wp-json\/wp\/v2\/comments?post=171496"}],"version-history":[{"count":0,"href":"https:\/\/www.europesays.com\/pl\/wp-json\/wp\/v2\/posts\/171496\/revisions"}],"wp:featuredmedia":[{"embeddable":true,"href":"https:\/\/www.europesays.com\/pl\/wp-json\/wp\/v2\/media\/171497"}],"wp:attachment":[{"href":"https:\/\/www.europesays.com\/pl\/wp-json\/wp\/v2\/media?parent=171496"}],"wp:term":[{"taxonomy":"category","embeddable":true,"href":"https:\/\/www.europesays.com\/pl\/wp-json\/wp\/v2\/categories?post=171496"},{"taxonomy":"post_tag","embeddable":true,"href":"https:\/\/www.europesays.com\/pl\/wp-json\/wp\/v2\/tags?post=171496"}],"curies":[{"name":"wp","href":"https:\/\/api.w.org\/{rel}","templated":true}]}}