{"id":171500,"date":"2025-12-26T07:18:10","date_gmt":"2025-12-26T07:18:10","guid":{"rendered":"https:\/\/www.europesays.com\/pl\/171500\/"},"modified":"2025-12-26T07:18:10","modified_gmt":"2025-12-26T07:18:10","slug":"nowy-krol-sredniakow-ten-procesor-ma-zmiesc-konkurencje","status":"publish","type":"post","link":"https:\/\/www.europesays.com\/pl\/171500\/","title":{"rendered":"Nowy kr\u00f3l \u015bredniak\u00f3w. Ten procesor ma zmie\u015b\u0107 konkurencj\u0119"},"content":{"rendered":"<p>\n                                MediaTek Dimensity 8500 nadchodzi\n            <\/p>\n<p>MediaTek nie zwalnia tempa i szykuje prawdziw\u0105 bomb\u0119. W sieci pojawi\u0142y si\u0119 w\u0142a\u015bnie wyniki wydajno\u015bci uk\u0142adu Dimensity 8500 o nazwie kodowej MT6899. Testy w popularnym benchmarku Geekbench 6 nie pozostawiaj\u0105 z\u0142udze\u0144. Ten SoC to pot\u0119\u017cna maszyna, kt\u00f3ra mo\u017ce zmniejszy\u0107 granic\u0119 mi\u0119dzy \u015bredni\u0105 p\u00f3\u0142k\u0105 a segmentem premium.<\/p>\n<p>    Dalsza cz\u0119\u015b\u0107 tekstu pod wideo<\/p>\n<p>Uk\u0142ad zdoby\u0142 1709 punkt\u00f3w w te\u015bcie jednego rdzenia oraz 6532 punkty w te\u015bcie wielu rdzeni. To wyniki, kt\u00f3re jeszcze nie tak dawno by\u0142y zarezerwowane tylko dla najdro\u017cszych telefon\u00f3w na rynku. Dzi\u0119ki temu wielozadaniowo\u015b\u0107 i wymagaj\u0105ce gry nie powinny by\u0107 dla nowych urz\u0105dze\u0144 \u017cadnym wyzwaniem.<\/p>\n<p>        <img loading=\"lazy\" decoding=\"async\" src=\"https:\/\/www.europesays.com\/pl\/wp-content\/uploads\/2025\/12\/1766169616_588_B32963402.414688363;dc_trk_aid=607216972;dc_trk_cid=228291445;ord=[timestamp];dc_lat=;dc_rdid=;tag_f.gif\" attributionsrc=\"\" border=\"0\" height=\"1\" width=\"1\" alt=\"Advertisement\"\/><\/p>\n<p>\n                                Moc flagowca w rozs\u0105dnej cenie\n            <\/p>\n<p>Sekretem nowej jednostki jest jej unikalna architektura. MediaTek postawi\u0142 na osiem rdzeni, z czego ten najwa\u017cniejszy rozp\u0119dza si\u0119 a\u017c do 3,40 GHz. Towarzysz\u0105 mu trzy rdzenie wydajno\u015bciowe oraz cztery oszcz\u0119dne. Taki uk\u0142ad ma zapewni\u0107 b\u0142yskawiczne dzia\u0142anie systemu przy zachowaniu d\u0142ugiego czasu pracy na baterii.<\/p>\n<p>Za grafik\u0119 odpowiada procesor ARM Mali-G720 MC8. Dzi\u0119ki niemu nawet najbardziej wymagaj\u0105ce tytu\u0142y mobilne powinny dzia\u0142a\u0107 p\u0142ynnie. MediaTek k\u0142adzie te\u017c du\u017cy nacisk na stabilno\u015b\u0107 pracy pod obci\u0105\u017ceniem. Aplikacje maj\u0105 otwiera\u0107 si\u0119 natychmiastowo, a robienie zdj\u0119\u0107 w wysokiej rozdzielczo\u015bci ma trwa\u0107 u\u0142amek sekundy.<\/p>\n<p>        <img decoding=\"async\" src=\"data:image\/png;base64,iVBORw0KGgoAAAANSUhEUgAAAlgAAAGQCAMAAABF6+6qAAAAFXRFWHRDcmVhdGlvbiBUaW1lAAfYBx8NGgTieuHaAAAAB3RJTUUH2AcfDRornKo\/8wAAAAlwSFlzAABcRgAAXEYBFJRDQQAAAANQTFRF\/\/\/\/p8QbyAAAAAF0Uk5TAEDm2GYAAAD\/SURBVHja7cEBDQAAAMKg909tDwcUAAAAAAAAAAAAAAAAAAAAAAAAAAAAAAAAAAAAAAAAAAAAAAAAAAAAAAAAAAAAAAAAAAAAAAAAAAAAAAAAAAAAAAAAAAAAAAAAAAAAAAAAAAAAAAAAAAAAAAAAAAAAAAAAAAAAAAAAAAAAAAAAAAAAAAAAAAAAAAAAAAAAAAAAAAAAAAAAAAAAAAAAAAAAAAAAAAAAAAAAAAAAAAAAAAAAAAAAAAAAAAAAAAAAAAAAAAAAAAAAAAAAAAAAAAAAAAAAAAAAAAAAAAAAAAAAAAAAAAAAAAAAAAAAAAAAAAAAAAAAAAAAAAAAAPBiqz0AAUeOb7kAAAAASUVORK5CYII=\" alt=\"Nowy kr\u00f3l \u015bredniak\u00f3w. Ten procesor ma zmie\u015b\u0107 konkurencj\u0119\" fetchpriority=\"\" data-lazy=\"1\" data-controller=\"lazy-image symfony--ux-lazy-image--lazy-image\" data-symfony--ux-lazy-image--lazy-image-src-value=\"https:\/\/pliki.telepolis.pl\/file\/243254\/original.jpg\" class=\"image\" width=\"100%\" height=\"auto\"\/><\/p>\n<p>\n                                Kto pierwszy dostanie nowy SoC?\n            <\/p>\n<p>Znamy ju\u017c pierwszych kandydat\u00f3w, kt\u00f3rzy otrzymaj\u0105 to nowe &#8222;serce:. Pierwszym z nich b\u0119dzie Honor Power 2. Zapowiada si\u0119 on na prawdziwego potwora pod wzgl\u0119dem czasu pracy. Przecieki m\u00f3wi\u0105 o ogromnej baterii o pojemno\u015bci 10080 mAh oraz ekranie OLED 1.5K. Mo\u017ce to by\u0107 smartfon, kt\u00f3rego nie trzeba \u0142adowa\u0107 przez kilka dni.<\/p>\n<p>Dla u\u017cytkownik\u00f3w w Polsce znacznie ciekawszy wydaje si\u0119 jednak drugi kandydat. Mowa o Poco X8 Pro. Smartfon ten prawdopodobnie zadebiutuje na pocz\u0105tku 2026 roku jako globalna wersja modelu Redmi Turbo 5. Nale\u017c\u0105ca do Xiaomi marka Poco od lat s\u0142ynie ze \u015bwietnego stosunku wydajno\u015bci do ceny.<\/p>\n<p>Poco X8 Pro ma otrzyma\u0107 ekran AMOLED z od\u015bwie\u017caniem 120 Hz. Do tego dojdzie bardzo szybkie \u0142adowanie o mocy 100 W. Je\u015bli te zapowiedzi si\u0119 potwierdz\u0105, rynek \u015bredniak\u00f3w zostanie wywr\u00f3cony do g\u00f3ry nogami.<\/p>\n<p>Rok 2026 zapowiada si\u0119 jako czas, w kt\u00f3rym nie b\u0119dziemy musieli przep\u0142aca\u0107, aby cieszy\u0107 si\u0119 topow\u0105 szybko\u015bci\u0105 dzia\u0142ania. A jak b\u0119dzie w rzeczywisto\u015bci, dowiemy si\u0119 w kolejnych miesi\u0105cach.<\/p>\n","protected":false},"excerpt":{"rendered":"MediaTek Dimensity 8500 nadchodzi MediaTek nie zwalnia tempa i szykuje prawdziw\u0105 bomb\u0119. W sieci pojawi\u0142y si\u0119 w\u0142a\u015bnie wyniki&hellip;\n","protected":false},"author":2,"featured_media":171501,"comment_status":"","ping_status":"","sticky":false,"template":"","format":"standard","meta":{"footnotes":""},"categories":[20],"tags":[19978,33719,2071,9926,120,118,119,19979,33717,33718,42,13593,38,40,39,41,116,114,115,629,121,117,5166],"class_list":{"0":"post-171500","1":"post","2":"type-post","3":"status-publish","4":"format-standard","5":"has-post-thumbnail","7":"category-nauka-i-technika","8":"tag-honor","9":"tag-honor-power-2","10":"tag-mediatek","11":"tag-mediatek-dimensity-8500","12":"tag-nauka","13":"tag-nauka-i-technika","14":"tag-naukatechnika","15":"tag-nowy-smartfon-honor","16":"tag-nowy-smartfon-poco","17":"tag-nowy-soc-mediatek","18":"tag-pl","19":"tag-poco-x8-pro","20":"tag-poland","21":"tag-polish","22":"tag-polska","23":"tag-polski","24":"tag-science","25":"tag-science-and-technology","26":"tag-sciencetechnology","27":"tag-sprzet","28":"tag-technika","29":"tag-technology","30":"tag-xiaomi"},"share_on_mastodon":{"url":"https:\/\/pubeurope.com\/@pl\/115784653652426694","error":""},"_links":{"self":[{"href":"https:\/\/www.europesays.com\/pl\/wp-json\/wp\/v2\/posts\/171500","targetHints":{"allow":["GET"]}}],"collection":[{"href":"https:\/\/www.europesays.com\/pl\/wp-json\/wp\/v2\/posts"}],"about":[{"href":"https:\/\/www.europesays.com\/pl\/wp-json\/wp\/v2\/types\/post"}],"author":[{"embeddable":true,"href":"https:\/\/www.europesays.com\/pl\/wp-json\/wp\/v2\/users\/2"}],"replies":[{"embeddable":true,"href":"https:\/\/www.europesays.com\/pl\/wp-json\/wp\/v2\/comments?post=171500"}],"version-history":[{"count":0,"href":"https:\/\/www.europesays.com\/pl\/wp-json\/wp\/v2\/posts\/171500\/revisions"}],"wp:featuredmedia":[{"embeddable":true,"href":"https:\/\/www.europesays.com\/pl\/wp-json\/wp\/v2\/media\/171501"}],"wp:attachment":[{"href":"https:\/\/www.europesays.com\/pl\/wp-json\/wp\/v2\/media?parent=171500"}],"wp:term":[{"taxonomy":"category","embeddable":true,"href":"https:\/\/www.europesays.com\/pl\/wp-json\/wp\/v2\/categories?post=171500"},{"taxonomy":"post_tag","embeddable":true,"href":"https:\/\/www.europesays.com\/pl\/wp-json\/wp\/v2\/tags?post=171500"}],"curies":[{"name":"wp","href":"https:\/\/api.w.org\/{rel}","templated":true}]}}