{"id":171532,"date":"2025-12-26T07:44:09","date_gmt":"2025-12-26T07:44:09","guid":{"rendered":"https:\/\/www.europesays.com\/pl\/171532\/"},"modified":"2025-12-26T07:44:09","modified_gmt":"2025-12-26T07:44:09","slug":"karetka-stala-45-minut-zdradzil-nieznane-fakty-z-fatalnego-wypadku-pod-walbrzychem","status":"publish","type":"post","link":"https:\/\/www.europesays.com\/pl\/171532\/","title":{"rendered":"&#8222;Karetka sta\u0142a 45 minut&#8221;. Zdradzi\u0142 nieznane fakty z fatalnego wypadku pod Wa\u0142brzychem"},"content":{"rendered":"<p class=\"Paragraph_desktopParagraph__Fd2e9\">Filippo Baroncini m\u00f3wi, \u017ce nie jest w stanie patrze\u0107 na swoje zdj\u0119cia z chwil tu\u017c po wypadku. By\u0107 mo\u017ce nigdy nie b\u0119dzie na to gotowy.<\/p>\n<p class=\"Paragraph_desktopParagraph__Fd2e9\">\u2014 Mia\u0142em z\u0142aman\u0105 szcz\u0119k\u0119, nos, omal nie straci\u0142em wzroku. Oczy uratowa\u0142y mi okulary. Kilka milimetr\u00f3w dalej i by\u0142bym niewidomy \u2014 m\u00f3wi 25-latek w wywiadzie dla belgijskiego portalu &#8222;Sporza&#8221;. A potem zaczyna dzi\u0119kowa\u0107 Polakowi. \u2014 Pami\u0119tam ka\u017cd\u0105 chwil\u0119 \u2014 zapewnia.<\/p>\n<p class=\"VideoPlayerText_videoPlayerText__zrtJk\">Dalszy ci\u0105g materia\u0142u pod wideo<\/p>\n<p class=\"Paragraph_desktopParagraph__Fd2e9\">By\u0142 6 sierpnia 2025 r. i trzeci etap kolarskiego wy\u015bcigu Tour de Pologne. Na ostatnich kilometrach <a href=\"https:\/\/przegladsportowy.onet.pl\/kolarstwo\/tour-de-pologne\/fatalna-kraksa-w-tour-de-pologne-kolarz-w-spiaczce-farmakologicznej\/k9m3zgg\" id=\"25835783-8171-4589-9029-f510f928c64e\" rel=\"nofollow noopener\" target=\"_blank\">dosz\u0142o do niebezpiecznej kraksy<\/a>. Poszkodowanych by\u0142o kilku zawodnik\u00f3w, kt\u00f3rym pomocy udzielano w miejscu wypadku. W\u015br\u00f3d nich by\u0142 Filippo Baroncini.<\/p>\n<p>W\u0142och uderzy\u0142 w mur na poboczu. Polak natychmiast zobaczy\u0142, \u017ce jest z nim \u017ale<\/p>\n<p class=\"Paragraph_desktopParagraph__Fd2e9\">\u2014 Pami\u0119tam ka\u017cdy detal. To by\u0142 niebezpieczny zjazd i na zakr\u0119cie zebra\u0142o si\u0119 sporo \u017cwiru. Straci\u0142em panowanie nad rowerem i upad\u0142em \u2014 m\u00f3wi. W\u0142och twierdzi, \u017ce uderzy\u0142 w mur, prawdopodobnie przepust.<\/p>\n<p class=\"Paragraph_desktopParagraph__Fd2e9\">Ko\u0142o niego upad\u0142 polski kolarz, Micha\u0142 Kwiatkowski. Od razu zobaczy\u0142, \u017ce stan W\u0142ocha jest znacznie powa\u017cniejszy ni\u017c innych poszkodowanych. Wezwa\u0142 lekarza swojej ekipy, by zaj\u0105\u0142 si\u0119 Baroncinim. \u2014 Do dzi\u015b jestem im obu niezmiernie wdzi\u0119czny \u2014 m\u00f3wi Filippo.<\/p>\n<p><img decoding=\"async\" src=\"https:\/\/www.europesays.com\/pl\/wp-content\/uploads\/2025\/12\/filippo-baroncini-pokazal-w-mediach-spolecznosciowych-jak-wygladala-jego-twarz-po-operacjach.png\" alt=\"Filippo Baroncini pokaza\u0142 w mediach spo\u0142eczno\u015bciowych jak wygl\u0105da\u0142a jego twarz po operacjach\" width=\"808\" height=\"1132\" loading=\"lazy\" class=\"\" \/>Filippo Baroncini pokaza\u0142 w mediach spo\u0142eczno\u015bciowych jak wygl\u0105da\u0142a jego twarz po operacjach (Foto: Filippo Baroncini \/ Instagram)<\/p>\n<p class=\"Paragraph_desktopParagraph__Fd2e9\">\u2014 Jedna rzecz wci\u0105\u017c mnie dr\u0119czy. Dlaczego w takim stanie, w jakim by\u0142em, le\u017ca\u0142em w karetce 45 minut? To nie do poj\u0119cia \u2014 uwa\u017ca. Karetka mia\u0142a odjecha\u0107 do szpitala dopiero po stanowczej interwencji wspominanego ju\u017c lekarza grupy Micha\u0142a Kwiatkowskiego.<\/p>\n<p>Filippo Baronciniego wprowadzono w stan \u015bpi\u0105czki i wezwano jego rodzin\u0119<\/p>\n<p class=\"Paragraph_desktopParagraph__Fd2e9\">W Specjalistycznym Szpitalu im. dr Alfreda Soko\u0142owskiego w Wa\u0142brzychu W\u0142ochowi natychmiast zoperowano z\u0142amany obojczyk. Ale to by\u0142 najmniejszy z problem\u00f3w. Najgro\u017aniejsze by\u0142y liczne obra\u017cenia twarzy. Baronciniego wprowadzono w stan \u015bpi\u0105czki, wzywaj\u0105c do Polski jego rodzin\u0119.<\/p>\n<p class=\"Paragraph_desktopParagraph__Fd2e9\">\u2014 M\u00f3j tata i brat natychmiast tu przylecieli, ale w Polsce nie porozmawiali\u015bmy cho\u0107by przez chwil\u0119. Dopiero potem us\u0142ysza\u0142em, jak ci\u0119\u017cko im by\u0142o czuwa\u0107 przy \u0142\u00f3\u017cku bez \u017cadnego znaku ode mnie \u2013 m\u00f3wi Baroncini w wywiadzie dla &#8222;Sporzy&#8221;.<\/p>\n<p><img decoding=\"async\" src=\"https:\/\/www.europesays.com\/pl\/wp-content\/uploads\/2025\/12\/filippo-baroncini.jpg\" alt=\"Filippo Baroncini\" width=\"944\" height=\"629\" loading=\"lazy\" class=\"\" \/>Filippo Baroncini (Foto: Rhode Van Elsen \/ Getty Images)<\/p>\n<p class=\"Paragraph_desktopParagraph__Fd2e9\">Rodzina i zesp\u00f3\u0142 UAE Team Emirates podj\u0119\u0142y decyzj\u0119 o transporcie zawodnika do W\u0142och. Polsk\u0119 opu\u015bci\u0142 po pi\u0119ciu dniach w szpitalu, a szef ekipy dzi\u0119kowa\u0142 lekarzom za znakomit\u0105 opiek\u0119.<\/p>\n<p class=\"Paragraph_desktopParagraph__Fd2e9\">\u2014 Szpital w Polsce jest niesamowity. Napiszcie to wyra\u017anie. Opiekuj\u0105 si\u0119 Filippo i nami wspaniale. Dzi\u0119kuj\u0119 Polsce i szpitalowi za to, co dla nas zrobili \u2014 <a href=\"https:\/\/przegladsportowy.onet.pl\/kolarstwo\/tour-de-pologne\/cala-prawda-po-wypadku-w-tour-de-pologne-tak-musimy-to-powiedziec\/dlgfxpv\" id=\"bbd25255-039a-4ab0-81ff-a4bc6d287a5d\" rel=\"nofollow noopener\" target=\"_blank\">m\u00f3wi\u0142 Przegl\u0105dowi Sportowemu Onet<\/a> Mauro Gianetti.<\/p>\n<p>&#8222;Przez chwil\u0119 poczu\u0142em, \u017ce mog\u0119 zostawi\u0107 pustk\u0119 w rodzinie&#8221;<\/p>\n<p class=\"Paragraph_desktopParagraph__Fd2e9\">Najwa\u017cniejsze operacje Baroncini przeszed\u0142 jednak ju\u017c w domu, w szpitalu w Mediolanie. \u2014 Kiedy obudzi\u0142em si\u0119 dwa tygodnie po wypadku, zrozumia\u0142em jakim cudem jest to, \u017ce \u017cyj\u0119 i wci\u0105\u017c widz\u0119 \u2014 m\u00f3wi.<\/p>\n<p class=\"Paragraph_desktopParagraph__Fd2e9\">Po d\u0142ugich tygodniach rehabilitacji, pod koniec pa\u017adziernika usiad\u0142 na rower. Obecnie przygotowuje si\u0119 do kolejnego sezonu ze swoj\u0105 dru\u017cyn\u0105. Do \u015bcigania chcia\u0142by wr\u00f3ci\u0107 w marcu. Pracuje te\u017c z psychologiem, by poradzi\u0107 sobie z traum\u0105 wypadku.<\/p>\n<p class=\"Paragraph_desktopParagraph__Fd2e9\">Z okazji \u015bwi\u0105t opublikowa\u0142 w mediach spo\u0142eczno\u015bciowych seri\u0119 zdj\u0119\u0107 i poruszaj\u0105cy wpis.<\/p>\n<p class=\"Paragraph_desktopParagraph__Fd2e9\">&#8222;Najwi\u0119kszym l\u0119kiem nie by\u0142 b\u00f3l ani z\u0142amane ko\u015bci. Cho\u0107 przez chwil\u0119 poczu\u0142em, \u017ce mog\u0119 zostawi\u0107 pustk\u0119 w rodzinie. (&#8230;) Dzi\u015b jest nowy pocz\u0105tek. \u017byj\u0119 dalej z ogromn\u0105 wdzi\u0119czno\u015bci\u0105 i si\u0142\u0105, o kt\u00f3rej by\u0107 mo\u017ce nawet nie wiedzia\u0142am, \u017ce j\u0105 mam&#8221; \u2014 napisa\u0142 w\u0142oski kolarz.<\/p>\n","protected":false},"excerpt":{"rendered":"Filippo Baroncini m\u00f3wi, \u017ce nie jest w stanie patrze\u0107 na swoje zdj\u0119cia z chwil tu\u017c po wypadku. By\u0107&hellip;\n","protected":false},"author":2,"featured_media":171533,"comment_status":"","ping_status":"","sticky":false,"template":"","format":"standard","meta":{"footnotes":""},"categories":[24],"tags":[33728,67,3526,12416,42,38,40,39,41,136,128,47,127,135,126,12418],"class_list":{"0":"post-171532","1":"post","2":"type-post","3":"status-publish","4":"format-standard","5":"has-post-thumbnail","7":"category-sport","8":"tag-filippo_baroncini","9":"tag-intextvideo_splayer","10":"tag-kolarstwo","11":"tag-michal_kwiatkowski","12":"tag-pl","13":"tag-poland","14":"tag-polish","15":"tag-polska","16":"tag-polski","17":"tag-ps_detal_new","18":"tag-psv2","19":"tag-screening_general","20":"tag-sport","21":"tag-sport_sport","22":"tag-sports","23":"tag-tour_de_pologne"},"share_on_mastodon":{"url":"https:\/\/pubeurope.com\/@pl\/115784756179177632","error":""},"_links":{"self":[{"href":"https:\/\/www.europesays.com\/pl\/wp-json\/wp\/v2\/posts\/171532","targetHints":{"allow":["GET"]}}],"collection":[{"href":"https:\/\/www.europesays.com\/pl\/wp-json\/wp\/v2\/posts"}],"about":[{"href":"https:\/\/www.europesays.com\/pl\/wp-json\/wp\/v2\/types\/post"}],"author":[{"embeddable":true,"href":"https:\/\/www.europesays.com\/pl\/wp-json\/wp\/v2\/users\/2"}],"replies":[{"embeddable":true,"href":"https:\/\/www.europesays.com\/pl\/wp-json\/wp\/v2\/comments?post=171532"}],"version-history":[{"count":0,"href":"https:\/\/www.europesays.com\/pl\/wp-json\/wp\/v2\/posts\/171532\/revisions"}],"wp:featuredmedia":[{"embeddable":true,"href":"https:\/\/www.europesays.com\/pl\/wp-json\/wp\/v2\/media\/171533"}],"wp:attachment":[{"href":"https:\/\/www.europesays.com\/pl\/wp-json\/wp\/v2\/media?parent=171532"}],"wp:term":[{"taxonomy":"category","embeddable":true,"href":"https:\/\/www.europesays.com\/pl\/wp-json\/wp\/v2\/categories?post=171532"},{"taxonomy":"post_tag","embeddable":true,"href":"https:\/\/www.europesays.com\/pl\/wp-json\/wp\/v2\/tags?post=171532"}],"curies":[{"name":"wp","href":"https:\/\/api.w.org\/{rel}","templated":true}]}}