{"id":171562,"date":"2025-12-26T08:10:09","date_gmt":"2025-12-26T08:10:09","guid":{"rendered":"https:\/\/www.europesays.com\/pl\/171562\/"},"modified":"2025-12-26T08:10:09","modified_gmt":"2025-12-26T08:10:09","slug":"pozar-kosciola-w-lublinie-parafia-opublikowala-nowy-komunikat","status":"publish","type":"post","link":"https:\/\/www.europesays.com\/pl\/171562\/","title":{"rendered":"Po\u017car ko\u015bcio\u0142a w Lublinie. Parafia opublikowa\u0142a nowy komunikat"},"content":{"rendered":"<p class=\"ods-c-paragraph \">W czwartek, w \u015bwi\u0119ta Bo\u017cego Narodzenia, przed godz. 7 rano, <a href=\"https:\/\/wiadomosci.onet.pl\/lublin\/pozar-kosciola-w-lublinie-opanowany-sluzby-przekazaly-nowe-informacje\/q4vy9tq\" id=\"e984346f-e148-4a02-b0e4-8a040ac5d768\" rel=\"nofollow noopener\" target=\"_blank\">stra\u017cacy otrzymali zg\u0142oszenie o po\u017carze dachu ko\u015bcio\u0142a<\/a> pod wezwaniem Naj\u015bwi\u0119tszego Serca Jezusowego przy ul. Kunickiego w Lublinie. Na miejscu w pracowa\u0142o 80 stra\u017cak\u00f3w z 27 zast\u0119p\u00f3w Pa\u0144stwowej i Ochotniczej Stra\u017cy Po\u017carnej. Ogie\u0144 nie przedosta\u0142 si\u0119 do wn\u0119trza ko\u015bcio\u0142a. Podczas akcji stra\u017cacy starali si\u0119 tak\u017ce minimalizowa\u0107 straty powsta\u0142e na skutek wody, kt\u00f3ra przedosta\u0142a si\u0119 do wn\u0119trza obiektu podczas akcji ga\u015bniczej.<\/p>\n<p>Dalszy ci\u0105g artyku\u0142u pod materia\u0142em wideo<\/p>\n<p> Jakie s\u0105 straty po po\u017carze ko\u015bcio\u0142a? <\/p>\n<p> Czy w czasie po\u017caru kto\u015b ucierpia\u0142? <\/p>\n<p> Gdzie odbywa\u0107 si\u0119 b\u0119d\u0105 Msze \u015bwi\u0119te po po\u017carze? <\/p>\n<p> Czy ko\u015bci\u00f3\u0142 b\u0119dzie rozebrany? <\/p>\n<p class=\"ods-c-paragraph \">Wojewoda lubelski Krzysztof Komorski zapewni\u0142, \u017ce po po\u017carze przeprowadzona zostanie szczeg\u00f3\u0142owa ekspertyza budowlana budynku i b\u0119d\u0105 ustalane przyczyny po\u017caru. Jak podkre\u015bli\u0142, w zdarzeniu nikt nie ucierpia\u0142.<\/p>\n<p>    &#8222;Prawdopodobna jest rozbi\u00f3rka&#8221;. Nowy komunikat ko\u015bcio\u0142a<\/p>\n<p class=\"ods-c-paragraph \">W czwartek wieczorem Parafia Naj\u015bwi\u0119tszego Serca Jezusowego w Lublinie zamie\u015bci\u0142a nowy komunikat, w kt\u00f3rym poinformowa\u0142a wiernych, \u017ce po\u017car jest ju\u017c pod kontrol\u0105 stra\u017cak\u00f3w, jednak straty s\u0105 &#8222;ogromne&#8221;. &#8222;Prawdopodobna jest rozbi\u00f3rka ko\u015bcio\u0142a&#8221; \u2014 czytamy.<\/p>\n<p class=\"ods-c-paragraph \">W komunikacie poinformowano tak\u017ce, \u017ce drugiego dnia \u015awi\u0105t, Msze \u015bwi\u0119te odbywa\u0107 si\u0119 b\u0119d\u0105 &#8222;w takich godzinach jak zwykle, ale w sali duszpasterskiej&#8221;, tak samo, jak zaplanowane na ten dzie\u0144 chrzty. &#8222;Wej\u015bcie do sali tylko od ulicy Ko\u017amiana. Prosimy nie wje\u017cd\u017ca\u0107 na parking parafialny. Zamkni\u0119te dla ruchu ko\u0142owego s\u0105 ul. Matejki i Ko\u017amiana na wysoko\u015bci ko\u015bcio\u0142a. Zamkni\u0119ty jest chodnik wzd\u0142u\u017c ulicy Kunickiego na wysoko\u015bci ko\u015bcio\u0142a&#8221; \u2014 przekazano.<\/p>\n<p class=\"ods-c-paragraph \">Parafia dzi\u0119kuje wszystkim za wparcie oraz pomoc w &#8222;ratowaniu sprz\u0119t\u00f3w ko\u015bcielnych i przygotowaniu sal domu parafialnego do liturgii&#8221;. &#8222;Prosimy o modlitw\u0119&#8221; \u2014 czytamy.<\/p>\n","protected":false},"excerpt":{"rendered":"W czwartek, w \u015bwi\u0119ta Bo\u017cego Narodzenia, przed godz. 7 rano, stra\u017cacy otrzymali zg\u0142oszenie o po\u017carze dachu ko\u015bcio\u0142a pod&hellip;\n","protected":false},"author":2,"featured_media":171563,"comment_status":"","ping_status":"","sticky":false,"template":"","format":"standard","meta":{"footnotes":""},"categories":[12],"tags":[32,33,36,37,27,34,35,1081,28,31,48,25,46,42,38,40,39,41,2148,47,10392,2149,29,30,26,33735],"class_list":{"0":"post-171562","1":"post","2":"type-post","3":"status-publish","4":"format-standard","5":"has-post-thumbnail","7":"category-polska","8":"tag-breaking-news","9":"tag-breakingnews","10":"tag-featured-news","11":"tag-featurednews","12":"tag-headlines","13":"tag-latest-news","14":"tag-latestnews","15":"tag-lublin","16":"tag-naglowki","17":"tag-najwazniejsze-artykuly","18":"tag-nat_styl","19":"tag-news","20":"tag-omp","21":"tag-pl","22":"tag-poland","23":"tag-polish","24":"tag-polska","25":"tag-polski","26":"tag-pozar","27":"tag-screening_general","28":"tag-straty","29":"tag-straz_pozarna","30":"tag-top-stories","31":"tag-topstories","32":"tag-wiadomosci","33":"tag-zniszczenia"},"share_on_mastodon":{"url":"https:\/\/pubeurope.com\/@pl\/115784857921367898","error":""},"_links":{"self":[{"href":"https:\/\/www.europesays.com\/pl\/wp-json\/wp\/v2\/posts\/171562","targetHints":{"allow":["GET"]}}],"collection":[{"href":"https:\/\/www.europesays.com\/pl\/wp-json\/wp\/v2\/posts"}],"about":[{"href":"https:\/\/www.europesays.com\/pl\/wp-json\/wp\/v2\/types\/post"}],"author":[{"embeddable":true,"href":"https:\/\/www.europesays.com\/pl\/wp-json\/wp\/v2\/users\/2"}],"replies":[{"embeddable":true,"href":"https:\/\/www.europesays.com\/pl\/wp-json\/wp\/v2\/comments?post=171562"}],"version-history":[{"count":0,"href":"https:\/\/www.europesays.com\/pl\/wp-json\/wp\/v2\/posts\/171562\/revisions"}],"wp:featuredmedia":[{"embeddable":true,"href":"https:\/\/www.europesays.com\/pl\/wp-json\/wp\/v2\/media\/171563"}],"wp:attachment":[{"href":"https:\/\/www.europesays.com\/pl\/wp-json\/wp\/v2\/media?parent=171562"}],"wp:term":[{"taxonomy":"category","embeddable":true,"href":"https:\/\/www.europesays.com\/pl\/wp-json\/wp\/v2\/categories?post=171562"},{"taxonomy":"post_tag","embeddable":true,"href":"https:\/\/www.europesays.com\/pl\/wp-json\/wp\/v2\/tags?post=171562"}],"curies":[{"name":"wp","href":"https:\/\/api.w.org\/{rel}","templated":true}]}}