{"id":171588,"date":"2025-12-26T08:27:17","date_gmt":"2025-12-26T08:27:17","guid":{"rendered":"https:\/\/www.europesays.com\/pl\/171588\/"},"modified":"2025-12-26T08:27:17","modified_gmt":"2025-12-26T08:27:17","slug":"ksiaze-louis-znowu-skradl-caly-show-doslownie-nie-mogl-sie-powstrzymac","status":"publish","type":"post","link":"https:\/\/www.europesays.com\/pl\/171588\/","title":{"rendered":"Ksi\u0105\u017c\u0119 Louis znowu skrad\u0142 ca\u0142y show. Dos\u0142ownie nie m\u00f3g\u0142 si\u0119 powstrzyma\u0107"},"content":{"rendered":"<p><a class=\"Slot_linkedImage__I6x1q\" target=\"_blank\" href=\"https:\/\/plejada.pl\/temat\/rodziny-krolewskie-rody-royalsi\/rgknq1p\" rel=\"noopener noreferrer nofollow\" data-allow-layer=\"true\"><img decoding=\"async\" class=\"Image_image__0tuHp Image_autoHeight__f2n87 \" height=\"93\" width=\"750\" src=\"https:\/\/www.europesays.com\/pl\/wp-content\/uploads\/2025\/12\/tS5k9kpTURBXy9mMTRkOTIyMDcwYjFjMGI2YzQyMTNkNDYwYWYwNTg3Ni5qcGeSlQLNAu4AwsOVAgDNAu7Cw94AA6EwAaExAaEzw.jpeg\" loading=\"lazy\" \/><\/a><\/p>\n<p class=\"Paragraph_desktopParagraph__U31Gm\">W bo\u017conarodzeniowy poranek cz\u0142onkowie brytyjskiej rodziny kr\u00f3lewskiej po raz kolejny wzi\u0119li udzia\u0142 w tradycyjnym nabo\u017ce\u0144stwie w ko\u015bciele \u015bw. Marii Magdaleny w Sandringham, malowniczej miejscowo\u015bci w hrabstwie Norfolk. Po mszy rodzina kr\u00f3lewska wyruszy\u0142a na spacer po okolicy, witana przez licznie zgromadzonych mieszka\u0144c\u00f3w. <a href=\"https:\/\/plejada.pl\/temat\/krol-karol-iii-krol-brytyjski\/mvvl70q\" id=\"3638e137-ab0f-46bd-aedf-465ce1027311\" rel=\"nofollow noopener\" target=\"_blank\">Kr\u00f3l Karol III<\/a> i <a href=\"https:\/\/plejada.pl\/temat\/krolowa-kamila\/41jbg5v\" id=\"21b18f87-0d1c-4f35-94b0-1e8737b487a9\" rel=\"nofollow noopener\" target=\"_blank\">kr\u00f3lowa Kamila<\/a> prowadzili rodzinny orszak, u\u015bmiechaj\u0105c si\u0119 i machaj\u0105c do zgromadzonych, kt\u00f3rzy przyszli, by przywita\u0107 swoich ulubie\u0144c\u00f3w.<\/p>\n<ul class=\"OchatFollowUps_wrapper__1ry7X\">\n<li class=\"OchatFollowUps_item__Dhyly OchatFollowUps_itemDesktop__R6aBv\">Co dosta\u0142 ksi\u0105\u017c\u0119 Louis podczas spaceru?<\/li>\n<li class=\"OchatFollowUps_item__Dhyly OchatFollowUps_itemDesktop__R6aBv\">Jakie inne dzieci by\u0142y z ksi\u0119ciem Louisem?<\/li>\n<li class=\"OchatFollowUps_item__Dhyly OchatFollowUps_itemDesktop__R6aBv\">Gdzie mia\u0142o miejsce bo\u017conarodzeniowe nabo\u017ce\u0144stwo?<\/li>\n<li class=\"OchatFollowUps_item__Dhyly OchatFollowUps_itemDesktop__R6aBv\">Czym zwr\u00f3ci\u0142 na siebie uwag\u0119 ksi\u0105\u017c\u0119 Louis?<\/li>\n<\/ul>\n<p>\u015awi\u0105teczny spacer rodziny kr\u00f3lewskiej. Ksi\u0105\u017c\u0119 Louis skrad\u0142 ca\u0142e show <\/p>\n<p class=\"Paragraph_desktopParagraph__U31Gm\">Podczas rodzinnego spaceru nie zabrak\u0142o przysz\u0142ego kr\u00f3la Wielkiej Brytanii, <a href=\"https:\/\/plejada.pl\/temat\/william-ksiaze-walii-wilhelm\/88m6dtn\" id=\"a7671b1d-cef1-434a-8f2b-66c08f8f6a16\" rel=\"nofollow noopener\" target=\"_blank\">ksi\u0119cia Williama<\/a>, kt\u00f3remu towarzyszyli \u2014 \u017cona, <a href=\"https:\/\/plejada.pl\/temat\/kate-kate-middleton-ksiezna-walii\/1ly19tz\" id=\"68a9260d-67d0-4797-9bd0-d00538022dfb\" rel=\"nofollow noopener\" target=\"_blank\">ksi\u0119\u017cna Kate<\/a>, oraz tr\u00f3jka dzieci: 12-letni <a href=\"https:\/\/plejada.pl\/temat\/ksiaze-george\/98wq4lx\" id=\"24f6a3a6-62d7-4bef-8cf8-210a0114ad63\" rel=\"nofollow noopener\" target=\"_blank\">ksi\u0105\u017c\u0119 George<\/a>, 10-letna <a href=\"https:\/\/plejada.pl\/temat\/ksiezniczka-charlotte\/zepe5x9\" id=\"e4604f4a-f381-4360-ac17-f3da7bb2867a\" rel=\"nofollow noopener\" target=\"_blank\">ksi\u0119\u017cniczka Charlotte<\/a> oraz 7-letni <a href=\"https:\/\/plejada.pl\/temat\/ksiaze-louis\/mm9gk5s\" id=\"2e8432ad-bf10-4b76-bb26-3e57745a1f7b\" rel=\"nofollow noopener\" target=\"_blank\">ksi\u0105\u017c\u0119 Louis<\/a>. To w\u0142a\u015bnie najm\u0142odszy z potomstwa skrad\u0142 ca\u0142e show, ca\u0142kowicie odwracaj\u0105c uwag\u0119 od pozosta\u0142ych cz\u0142onk\u00f3w rodziny.<\/p>\n<p><img decoding=\"async\" class=\"Image_image__0tuHp Image_autoHeight__f2n87 \" height=\"587\" width=\"863\" src=\"https:\/\/www.europesays.com\/pl\/wp-content\/uploads\/2025\/12\/TM1k9kpTURBXy82ZWY0NzQyMGY0NjdkZGI4NjU0NjljMWUzNDEyMGE1MS5qcGeSlQLNA6wAwsOVAgDNAkvCw94AA6EwAaExAaEzw.jpeg\" alt=\"Ksi\u0105\u017c\u0119 Louis, ksi\u0105\u017c\u0119 William, ksi\u0119\u017cniczka Charlotte\" loading=\"lazy\" \/>HENRY NICHOLLS\/AFP\/East News \/ East News<\/p>\n<p>Ksi\u0105\u017c\u0119 Louis, ksi\u0105\u017c\u0119 William, ksi\u0119\u017cniczka Charlotte<\/p>\n<p class=\"Paragraph_desktopParagraph__U31Gm\">Znany ze swojej ujmuj\u0105cej i rozbrajaj\u0105cej osobowo\u015bci Louis skupi\u0142 na sobie ca\u0142e zainteresowanie w momencie, gdy jeden z mieszka\u0144c\u00f3w podarowa\u0142 mu ogromnego czekoladowego cukierka marki Lindor.<\/p>\n<p><img decoding=\"async\" class=\"Image_image__0tuHp Image_autoHeight__f2n87 \" height=\"587\" width=\"416\" src=\"https:\/\/www.europesays.com\/pl\/wp-content\/uploads\/2025\/12\/9RDk9kpTURBXy8zYTM2N2E2MmFlYzU5ODU1M2E2YzdlMjAwOWI3YzY3Yi5qcGeSlQLNA6wAwsOVAgDNAkvCw94AA6EwAaExAaEzw.jpeg\" alt=\"Ksi\u0105\u017c\u0119 Louis\" loading=\"lazy\" \/>Samir Hussein\/WireImage \/ Getty Images<\/p>\n<p>Ksi\u0105\u017c\u0119 Louis<\/p>\n<p class=\"Paragraph_desktopParagraph__U31Gm\">Ch\u0142opiec od razu obj\u0105\u0142 s\u0142odko\u015b\u0107, nie kryj\u0105c zachwytu. Jak relacjonuj\u0105 brytyjskie media, cho\u0107 pocz\u0105tkowo prezent trafi\u0142 do ksi\u0119cia Williama, Louis b\u0142yskawicznie przej\u0105\u0142 go z r\u0105k ojca, wywo\u0142uj\u0105c salwy \u015bmiechu w\u015br\u00f3d zgromadzonych. Na zdj\u0119ciach wida\u0107 m\u0142odego ksi\u0119cia mocno przytulaj\u0105cego jajko, a nast\u0119pnie unosz\u0105cego je nad g\u0142ow\u0105 niczym najcenniejszy skarb.<\/p>\n<p><img decoding=\"async\" class=\"Image_image__0tuHp Image_autoHeight__f2n87 \" height=\"587\" width=\"463\" src=\"https:\/\/www.europesays.com\/pl\/wp-content\/uploads\/2025\/12\/Drjk9kpTURBXy9lNmU2MDdmNDhlYjU3YTJhNzY4ZGZkZTU3ZWI5NTE3MC5qcGeSlQLNA6wAwsOVAgDNAkvCw94AA6EwAaExAaEzw.jpeg\" alt=\"Ksi\u0105\u017c\u0119 George i ksi\u0105\u017c\u0119 Louis\" loading=\"lazy\" \/>Samir Hussein\/WireImage \/ Getty Images<\/p>\n<p>Ksi\u0105\u017c\u0119 George i ksi\u0105\u017c\u0119 Louis<\/p>\n<p class=\"Paragraph_desktopParagraph__U31Gm\">W tym samym czasie ksi\u0105\u017c\u0119 George i ksi\u0119\u017cniczka Charlotte odbierali od mieszka\u0144c\u00f3w drobne upominki, takie jak pluszaki czy kwiaty.<\/p>\n<p><img decoding=\"async\" class=\"Image_image__0tuHp Image_autoHeight__f2n87 \" height=\"587\" width=\"466\" src=\"https:\/\/www.europesays.com\/pl\/wp-content\/uploads\/2025\/12\/Rw3k9kpTURBXy9iZmNlYjBkYTllNmQyMWE3ZDNhZmEzMTVhMzFiMmQ5ZS5qcGeSlQLNA6wAwsOVAgDNAkvCw94AA6EwAaExAaEzw.jpeg\" alt=\"Ksi\u0119\u017cniczka Charlotte\" loading=\"lazy\" \/>Samir Hussein\/WireImage \/ Getty Images<\/p>\n<p>Ksi\u0119\u017cniczka Charlotte<\/p>\n<p class=\"Paragraph_desktopParagraph__U31Gm\">Dzi\u0119kujemy, \u017ce przeczyta\u0142a\u015b\/e\u015b nasz artyku\u0142 do ko\u0144ca. W serwisie Plejada.pl ka\u017cdego dnia piszemy o najwa\u017cniejszych wydarzeniach show-biznesowych. <\/p>\n<p class=\"Paragraph_desktopParagraph__U31Gm\">B\u0105d\u017a na bie\u017c\u0105co! <a rel=\"nofollow noopener\" href=\"https:\/\/news.google.com\/publications\/CAAiEF0PeAlb7W1llpV_mwV2rL4qFAgKIhBdD3gJW-1tZZaVf5sFdqy-?hl=pl&amp;gl=PL&amp;ceid=PL%3Apl\" id=\"7a2d8551-b6b2-451a-8576-b80095e7e0d9\" target=\"_blank\">Obserwuj<\/a> Plejad\u0119 w Wiadomo\u015bciach Google. Odwied\u017a nas tak\u017ce na <a rel=\"nofollow noopener\" href=\"https:\/\/www.facebook.com\/plejadapl\" id=\"995657c3-4a9f-4c18-a310-2b2b24632b68\" target=\"_blank\">Facebooku<\/a>, <a rel=\"nofollow noopener\" href=\"https:\/\/www.instagram.com\/plejadapl\/\" id=\"fd3b3fec-b8fa-4690-9826-9303f869e23e\" target=\"_blank\">Instagramie<\/a>, <a rel=\"nofollow noopener\" href=\"https:\/\/www.youtube.com\/c\/plejada\" id=\"df6cf844-5526-4fe1-855c-65f0362afeed\" target=\"_blank\">YouTubie<\/a> oraz <a rel=\"nofollow noopener\" href=\"https:\/\/www.tiktok.com\/@plejada_pl\" id=\"c414352b-30e5-49e9-ad81-d7d51da7abd4\" target=\"_blank\">TikToku<\/a>.<\/p>\n<p class=\"Paragraph_desktopParagraph__U31Gm\">Chcesz podzieli\u0107 si\u0119 ciekawym newsem lub zaproponowa\u0107 temat? Skontaktuj si\u0119 z nami, pisz\u0105c maila na adres: <a href=\"https:\/\/www.onet.pl\/styl-zycia\/plejada\/ksiaze-louis-znowu-skradl-caly-show-doslownie-nie-mogl-sie-powstrzymac\/mailto:plejada@redakcjaonet.pl\" id=\"9bf1ec93-df6a-487f-858d-54799f903870\" rel=\"nofollow noopener\" target=\"_blank\">plejada@redakcjaonet.pl<\/a>.<\/p>\n<p><script async src=\"\/\/www.instagram.com\/embed.js\"><\/script><script async src=\"\/\/www.tiktok.com\/embed.js\"><\/script><\/p>\n","protected":false},"excerpt":{"rendered":"W bo\u017conarodzeniowy poranek cz\u0142onkowie brytyjskiej rodziny kr\u00f3lewskiej po raz kolejny wzi\u0119li udzia\u0142 w tradycyjnym nabo\u017ce\u0144stwie w ko\u015bciele \u015bw.&hellip;\n","protected":false},"author":2,"featured_media":171589,"comment_status":"","ping_status":"","sticky":false,"template":"","format":"standard","meta":{"footnotes":""},"categories":[22],"tags":[122,67,483,8930,53,52,68,51,55,42,38,40,39,41,459,123,47,196,65,50,264],"class_list":{"0":"post-171588","1":"post","2":"type-post","3":"status-publish","4":"format-standard","5":"has-post-thumbnail","7":"category-rozrywka","8":"tag-entertainment","9":"tag-intextvideo_splayer","10":"tag-kate_kate_middleton_ksiezna_walii","11":"tag-ksiaze_louis","12":"tag-new_header","13":"tag-onet3","14":"tag-onet3d","15":"tag-onet3d_2i","16":"tag-phx","17":"tag-pl","18":"tag-poland","19":"tag-polish","20":"tag-polska","21":"tag-polski","22":"tag-rodziny_krolewskie_rody_royalsi","23":"tag-rozrywka","24":"tag-screening_general","25":"tag-styl_zycia","26":"tag-update_me","27":"tag-v2021","28":"tag-wielka_brytania_kraj"},"share_on_mastodon":{"url":"https:\/\/pubeurope.com\/@pl\/115784925106886150","error":""},"_links":{"self":[{"href":"https:\/\/www.europesays.com\/pl\/wp-json\/wp\/v2\/posts\/171588","targetHints":{"allow":["GET"]}}],"collection":[{"href":"https:\/\/www.europesays.com\/pl\/wp-json\/wp\/v2\/posts"}],"about":[{"href":"https:\/\/www.europesays.com\/pl\/wp-json\/wp\/v2\/types\/post"}],"author":[{"embeddable":true,"href":"https:\/\/www.europesays.com\/pl\/wp-json\/wp\/v2\/users\/2"}],"replies":[{"embeddable":true,"href":"https:\/\/www.europesays.com\/pl\/wp-json\/wp\/v2\/comments?post=171588"}],"version-history":[{"count":0,"href":"https:\/\/www.europesays.com\/pl\/wp-json\/wp\/v2\/posts\/171588\/revisions"}],"wp:featuredmedia":[{"embeddable":true,"href":"https:\/\/www.europesays.com\/pl\/wp-json\/wp\/v2\/media\/171589"}],"wp:attachment":[{"href":"https:\/\/www.europesays.com\/pl\/wp-json\/wp\/v2\/media?parent=171588"}],"wp:term":[{"taxonomy":"category","embeddable":true,"href":"https:\/\/www.europesays.com\/pl\/wp-json\/wp\/v2\/categories?post=171588"},{"taxonomy":"post_tag","embeddable":true,"href":"https:\/\/www.europesays.com\/pl\/wp-json\/wp\/v2\/tags?post=171588"}],"curies":[{"name":"wp","href":"https:\/\/api.w.org\/{rel}","templated":true}]}}