{"id":171592,"date":"2025-12-26T08:30:07","date_gmt":"2025-12-26T08:30:07","guid":{"rendered":"https:\/\/www.europesays.com\/pl\/171592\/"},"modified":"2025-12-26T08:30:07","modified_gmt":"2025-12-26T08:30:07","slug":"rosja-szykuje-plan-na-wschodnia-flanke-nato-ekspert-alarmuje","status":"publish","type":"post","link":"https:\/\/www.europesays.com\/pl\/171592\/","title":{"rendered":"Rosja szykuje plan na wschodni\u0105 flank\u0119 NATO? Ekspert alarmuje"},"content":{"rendered":"<p class=\"ods-c-paragraph \">Ekspert przekonuje, \u017ce Rosja mo\u017ce d\u0105\u017cy\u0107 do stworzenia korytarza l\u0105dowego do obwodu kr\u00f3lewieckiego, umiejscowionego pomi\u0119dzy Litw\u0105 a Polsk\u0105. Nie chodzi o typowe zaj\u0119cie terytorium kt\u00f3rego\u015b z tych kraj\u00f3w, ale o utworzenie \u2014 jak czytamy \u2014 &#8222;punkt\u00f3w kontrolnych&#8221;.<\/p>\n<p> Jakie plany ma Rosja w zwi\u0105zku z wschodni\u0105 flank\u0105 NATO? <\/p>\n<p> Co ekspert m\u00f3wi o obwodzie kr\u00f3lewieckim? <\/p>\n<p> Jakie s\u0105 mo\u017cliwe przyczyny dzia\u0142a\u0144 Rosji wed\u0142ug \u017bowtenki? <\/p>\n<p> Kto jest autorem analizy dotycz\u0105cej bezpiecze\u0144stwa mi\u0119dzynarodowego? <\/p>\n<p class=\"ods-c-paragraph \">Zdaniem \u017bowtenki, Kreml mo\u017ce to t\u0142umaczy\u0107 jako obron\u0119 przed rzekom\u0105 gro\u017ab\u0105 zablokowania obwodu kaliningradzkiego przez NATO. Ekspert podkre\u015bla, \u017ce obecnie rosyjska propaganda du\u017co miejsca i czasu po\u015bwi\u0119ca temu w\u0105tkowi. Co wi\u0119cej, przypomina \u017bowtenko, sam <a href=\"https:\/\/wiadomosci.onet.pl\/swiat\/wladimir-putin-grozi-nato-niespotykana-do-tego-momentu-eskalacja\/jt40bw3\" id=\"557c2d5a-a5cc-4336-a15d-dcad080c537b\" rel=\"nofollow noopener\" target=\"_blank\">W\u0142adimir Putin powiedzia\u0142, \u017ce je\u015bli Rosja do\u015bwiadczy blokady Kr\u00f3lewca<\/a>, b\u0119dzie to oznacza\u0107 pocz\u0105tek wielkiej wojny dla Europy.<\/p>\n<p class=\"ods-c-paragraph \">\u2014 Rosjanie maj\u0105 gotowy pretekst. Wtedy po prostu wypuszcz\u0105 \u0141ukaszenk\u0119, a on poka\u017ce kierunki, z kt\u00f3rych przygotowywano blokad\u0119 obwodu \u2014 ocenia Taras \u017bowtenko.<\/p>\n<p class=\"ods-c-paragraph \">\u017bowtenko jest analitykiem ds. obronno\u015bci w Fundacji Inicjatyw Demokratycznych im. Ilka Kuczeriwa, ukrai\u0144skim think tanku z siedzib\u0105 w Kijowie, gdzie zajmuje si\u0119 bezpiecze\u0144stwem mi\u0119dzynarodowym. Wcze\u015bniej by\u0142 profesorem nadzwyczajnym na Akademii Ostrogskiej i Ukrai\u0144skim Uniwersytecie Katolickim, gdzie prowadzi\u0142 zaj\u0119cia z bezpiecze\u0144stwa mi\u0119dzynarodowego, wojny hybrydowej i polityki wojskowej.<\/p>\n","protected":false},"excerpt":{"rendered":"Ekspert przekonuje, \u017ce Rosja mo\u017ce d\u0105\u017cy\u0107 do stworzenia korytarza l\u0105dowego do obwodu kr\u00f3lewieckiego, umiejscowionego pomi\u0119dzy Litw\u0105 a Polsk\u0105.&hellip;\n","protected":false},"author":2,"featured_media":171593,"comment_status":"","ping_status":"","sticky":false,"template":"","format":"standard","meta":{"footnotes":""},"categories":[14],"tags":[32,33,27,76,13418,34,35,843,28,31,48,25,4911,46,40,41,24928,87,47,80,29,30,415,26,408,82,83,84],"class_list":{"0":"post-171592","1":"post","2":"type-post","3":"status-publish","4":"format-standard","5":"has-post-thumbnail","7":"category-swiat","8":"tag-breaking-news","9":"tag-breakingnews","10":"tag-headlines","11":"tag-inwazja_rosji_na_ukraine","12":"tag-krolewiec","13":"tag-latest-news","14":"tag-latestnews","15":"tag-litwa","16":"tag-naglowki","17":"tag-najwazniejsze-artykuly","18":"tag-nat_styl","19":"tag-news","20":"tag-obwod_krolewiecki","21":"tag-omp","22":"tag-polish","23":"tag-polski","24":"tag-przesmyk_suwalski","25":"tag-rosja","26":"tag-screening_general","27":"tag-swiat","28":"tag-top-stories","29":"tag-topstories","30":"tag-ukraina","31":"tag-wiadomosci","32":"tag-wladimir_putin","33":"tag-world","34":"tag-world-news","35":"tag-worldnews"},"share_on_mastodon":{"url":"https:\/\/pubeurope.com\/@pl\/115784936612647716","error":""},"_links":{"self":[{"href":"https:\/\/www.europesays.com\/pl\/wp-json\/wp\/v2\/posts\/171592","targetHints":{"allow":["GET"]}}],"collection":[{"href":"https:\/\/www.europesays.com\/pl\/wp-json\/wp\/v2\/posts"}],"about":[{"href":"https:\/\/www.europesays.com\/pl\/wp-json\/wp\/v2\/types\/post"}],"author":[{"embeddable":true,"href":"https:\/\/www.europesays.com\/pl\/wp-json\/wp\/v2\/users\/2"}],"replies":[{"embeddable":true,"href":"https:\/\/www.europesays.com\/pl\/wp-json\/wp\/v2\/comments?post=171592"}],"version-history":[{"count":0,"href":"https:\/\/www.europesays.com\/pl\/wp-json\/wp\/v2\/posts\/171592\/revisions"}],"wp:featuredmedia":[{"embeddable":true,"href":"https:\/\/www.europesays.com\/pl\/wp-json\/wp\/v2\/media\/171593"}],"wp:attachment":[{"href":"https:\/\/www.europesays.com\/pl\/wp-json\/wp\/v2\/media?parent=171592"}],"wp:term":[{"taxonomy":"category","embeddable":true,"href":"https:\/\/www.europesays.com\/pl\/wp-json\/wp\/v2\/categories?post=171592"},{"taxonomy":"post_tag","embeddable":true,"href":"https:\/\/www.europesays.com\/pl\/wp-json\/wp\/v2\/tags?post=171592"}],"curies":[{"name":"wp","href":"https:\/\/api.w.org\/{rel}","templated":true}]}}