{"id":171618,"date":"2025-12-26T08:43:11","date_gmt":"2025-12-26T08:43:11","guid":{"rendered":"https:\/\/www.europesays.com\/pl\/171618\/"},"modified":"2025-12-26T08:43:11","modified_gmt":"2025-12-26T08:43:11","slug":"nowa-placa-minimalna-od-2026-r-tyle-zabierze-panstwo-oto-kwoty-brutto-i-na-reke","status":"publish","type":"post","link":"https:\/\/www.europesays.com\/pl\/171618\/","title":{"rendered":"Nowa p\u0142aca minimalna od 2026 r. Tyle zabierze pa\u0144stwo. Oto kwoty brutto i na r\u0119k\u0119"},"content":{"rendered":"<p class=\"article-p\" data-section=\"detail-body\">W tym roku najni\u017csza p\u0142aca wynosi 4 tys. 666 z\u0142 brutto. Rz\u0105d co roku ustala wysoko\u015b\u0107 minimalnego wynagrodzenia, cho\u0107 najpierw daje si\u0119 wypowiedzie\u0107 w tej sprawie zwi\u0105zkowcom i przedstawicielom pracodawc\u00f3w. Rozbie\u017cno\u015bci dotycz\u0105ce wysoko\u015bci wynagrodzenia na przysz\u0142y rok by\u0142y ogromne. Zwi\u0105zkowcy chcieli, by <a href=\"https:\/\/www.fakt.pl\/temat\/placa-minimalna\" id=\"bb0c2c19-e87a-4475-ae0d-4a2179cd1d9f\" rel=\"nofollow noopener\" target=\"_blank\">p\u0142aca minimalna <\/a>zosta\u0142a podniesiona do 5 tys. 15 z\u0142. Z kolei pracodawcy chcieli najni\u017cszego wzrostu najni\u017cszej pensji, jak\u0105 tylko dopuszczaj\u0105 przepisy. Tak\u017ce w samym rz\u0105dzie by\u0142y tarcia. Minister rodziny Agnieszka Dziemianowicz-B\u0105k proponowa\u0142a, by pensj\u0119 podnie\u015b\u0107 od 1 stycznia do 5 tys. 20 z\u0142. Rz\u0105d si\u0119 na to nie zgodzi\u0142 i ostatecznie wysoko\u015b\u0107 najni\u017cszej p\u0142acy ustalono na 4 tys. 806 z\u0142 brutto.<\/p>\n<p class=\"article-p\" data-section=\"detail-body\"><a href=\"https:\/\/www.fakt.pl\/pieniadze\/koniec-pracy-za-darmo-tyle-beda-musieli-zaplacic-osobom-na-stazu-resort-podal-stawke\/57le4g9\" id=\"d554be44-db5d-45c6-a424-5882856132d8\" rel=\"nofollow noopener\" target=\"_blank\">Zmiany w p\u0142acy minimalnej od 2026 r. Sta\u017cy\u015bci dostan\u0105 minimum 3070 z\u0142 brutto miesi\u0119cznie<\/a><\/p>\n<p>        P\u0142aca minimalna 2026. Tyle skubnie pa\u0144stwo<\/p>\n<p class=\"article-p\" data-section=\"detail-body\">Podwy\u017cka dotyczy\u0107 b\u0119dzie z 2,1 mln os\u00f3b pracuj\u0105cych za minimaln\u0105 stawk\u0119. Najni\u017csza krajowa wzro\u015bnie tylko raz, od 1 stycznia \u2014 rz\u0105d prognozuje bowiem niewysok\u0105 inflacj\u0119 (3 proc.). Dopiero przy 5 proc. wzro\u015bnie cen przepisy przewiduj\u0105 dwie podwy\u017cki \u2014 od 1 stycznia i 1 lipca.<\/p>\n<p class=\"article-p\" data-section=\"detail-body\">Realnie wi\u0119c pracownicy zyskaj\u0105 140 z\u0142 brutto. Na podwy\u017cce p\u0142acy minimalnej zyska te\u017c skarb\u00f3wka. Najmniej zarabiaj\u0105cy w wi\u0119kszym stopniu b\u0119d\u0105 musieli si\u0119 podzieli\u0107 pieni\u0119dzmi z pa\u0144stwem.<\/p>\n<p class=\"article-p\" data-section=\"detail-body\">\u2022 Obecnie zaliczka PIT od p\u0142acy minimalnej wynosi 153 z\u0142 miesi\u0119cznie. W tym roku pracuj\u0105cy za najni\u017csz\u0105 krajow\u0105 oddadz\u0105 skarb\u00f3wce 1 tys. 836 z\u0142.<\/p>\n<p class=\"article-p\" data-section=\"detail-body\">\u2022 W przysz\u0142ym roku skarb\u00f3wka co miesi\u0105c b\u0119dzie potr\u0105ca\u0107 najmniej zarabiaj\u0105cym 168 z\u0142. Podatek PIT za ca\u0142y rok wyniesie 2 tys. 16 z\u0142.<\/p>\n<p class=\"article-p\" data-section=\"detail-body\">Te pieni\u0105dze mog\u0142yby zosta\u0107 w portfelach Polak\u00f3w, gdyby rz\u0105d zdecydowa\u0142 si\u0119 podnie\u015b\u0107 kwot\u0119 woln\u0105 od podatku do 60 tys. z\u0142. W czasie kampanii wyborczej KO zapowiada\u0142a, \u017ce jest w stanie wprowadzi\u0107 takie zmiany w ci\u0105gu 100 dni. W ustawie bud\u017cetowej na 2026 r. nie przewidziano pieni\u0119dzy na ten cel. Powodem jest obj\u0119cie Polski procedur\u0105 nadmiernego deficytu, co wi\u0105\u017ce si\u0119 z oszcz\u0119dno\u015bciami. Rz\u0105d t\u0142umaczy te\u017c, \u017ce teraz Polska musi przeznacza\u0107 wi\u0119ksze fundusze na obronno\u015b\u0107.<\/p>\n<p class=\"article-p\" data-section=\"detail-body\">Wy\u017csza p\u0142aca minimalna oznacza tak\u017ce wi\u0119ksze wp\u0142ywy do Narodowego Funduszu Zdrowia. Z rz\u0105dowych szacunk\u00f3w wynika, \u017ce dodatkowy zastrzyk pieni\u0119dzy ze<a href=\"https:\/\/www.fakt.pl\/pieniadze\/oto-plan-na-wyzsza-skladke-zdrowotna-pracujacy-i-emeryci-dostaliby-po-kieszeni\/4tjf2bp\" id=\"1d94ff7c-0c62-474c-ad2c-80aef0b4f624\" rel=\"nofollow noopener\" target=\"_blank\"> sk\u0142adki zdrowotnej <\/a>wzrosn\u0105 w przysz\u0142ym roku o ponad 286 mln z\u0142.<\/p>\n<p class=\"article-p\" data-section=\"detail-body\"><a href=\"https:\/\/www.fakt.pl\/pieniadze\/tyle-straca-polacy-na-zamrozonej-skali-podatkowej-w-2026-r-kwota-wbija-w-fotel\/k02513e\" id=\"8c9fdba8-ca6e-4568-b5f2-d2f77efb37f8\" rel=\"nofollow noopener\" target=\"_blank\">Dyskretna podwy\u017cka podatk\u00f3w. Ka\u017cdy dop\u0142aci 500 z\u0142<\/a><\/p>\n<p>        Tyle wyniesie pensja minimalna na r\u0119k\u0119<\/p>\n<p class=\"article-p\" data-section=\"detail-body\">Ile wi\u0119c na podwy\u017cce p\u0142acy minimalnej realnie zyskaj\u0105 seniorzy? Sprawdzamy:<\/p>\n<p class=\"article-p\" data-section=\"detail-body\">\u2022 dzi\u015b najni\u017csza krajowa wynosi 3 tys. 510 z\u0142 i 92 gr na r\u0119k\u0119,<\/p>\n<p class=\"article-p\" data-section=\"detail-body\">\u2022 od 1 stycznia 2026 r. minimalne wynagrodzenie wzro\u015bnie do 3 tys. 605 z\u0142 i 85 gr.<\/p>\n<tr class=\"article-table-tr\">\n<p>                            Podwy\u017cka p\u0142acy minimalnej w 2026 r. Tyle zabierze pa\u0144stwo<\/p>\n<\/tr>\n<tr class=\"article-table-tr\">\n<td>\n<\/td>\n<td>\n                            \t\t\tTyle wynosi w 2025\t\t\tr.\n                            <\/td>\n<td>\n                            \t\t\tTyle wyniesie w\t\t\t2026 r.\n                            <\/td>\n<\/tr>\n<tr class=\"article-table-tr\">\n<td>\n                            \t\t\tPensja minimalna\t\t\tbrutto\n                            <\/td>\n<td>\n                            \t\t\t4666,00 z\u0142\n                            <\/td>\n<td>\n                            \t\t\t4806,00 z\u0142\n                            <\/td>\n<\/tr>\n<tr class=\"article-table-tr\">\n<td>\n                            \t\t\tSk\u0142adka\t\t\temerytalna\n                            <\/td>\n<td>\n                            \t\t\t455,40 z\u0142\n                            <\/td>\n<td>\n                            \t\t\t469,07 z\u0142\n                            <\/td>\n<\/tr>\n<tr class=\"article-table-tr\">\n<td>\n                            \t\t\tSk\u0142adka rentowa\n                            <\/td>\n<td>\n                            \t\t\t69,99 z\u0142\n                            <\/td>\n<td>\n                            \t\t\t72,09 z\u0142\n                            <\/td>\n<\/tr>\n<tr class=\"article-table-tr\">\n<td>\n                            \t\t\tSk\u0142adka chorobowa\n                            <\/td>\n<td>\n                            \t\t\t114,32 z\u0142\n                            <\/td>\n<td>\n                            \t\t\t117,75 z\u0142\n                            <\/td>\n<\/tr>\n<tr class=\"article-table-tr\">\n<td>\n                            \t\t\tSk\u0142adka zdrowotna\n                            <\/td>\n<td>\n                            \t\t\t362,37 z\u0142\n                            <\/td>\n<td>\n                            \t\t\t373,24 z\u0142\n                            <\/td>\n<\/tr>\n<tr class=\"article-table-tr\">\n<td>\n                            \t\t\tZaliczka na PIT\n                            <\/td>\n<td>\n                            \t\t\t153,00 z\u0142\n                            <\/td>\n<td>\n                            \t\t\t168,00 z\u0142\n                            <\/td>\n<\/tr>\n<tr class=\"article-table-tr\">\n<td>\n                            \t\t\tPensja minimalna\t\t\tna r\u0119k\u0119\n                            <\/td>\n<td>\n                            \t\t\t3510,92 z\u0142\n                            <\/td>\n<td>\n                            \t\t\t3605,85 z\u0142\n                            <\/td>\n<\/tr>\n<p>        \/1<\/p>\n<p>                    <img decoding=\"async\" class=\"article-image-img\" loading=\"lazy\" alt=\"\" src=\"https:\/\/www.europesays.com\/pl\/wp-content\/uploads\/2025\/12\/MwGk9kuTURBXy9mZTBiMjRhNi02ZDIyLTQxNGItOTRlMS1hNTNkNTNiNjM5ODIuanBlZ5GTAs0DSM0CL94AAqEwAaExAQ.jpeg\" width=\"840\" height=\"559\"\/><\/p>\n<p>                  Piotr Kucza \/ FOTOPYK<\/p>\n<p class=\"article-gallery-p\">\n        W Samym rz\u0105dzie by\u0142y te\u017c tarcia dotycz\u0105ce wzrostu p\u0142acy minimalnej. Resort finans\u00f3w Andrzeja Doma\u0144skiego nie chcia\u0142 si\u0119 zgodzi\u0107 na wy\u017cszy wzrost najni\u017cszej krajowej.\n    <\/p>\n","protected":false},"excerpt":{"rendered":"W tym roku najni\u017csza p\u0142aca wynosi 4 tys. 666 z\u0142 brutto. Rz\u0105d co roku ustala wysoko\u015b\u0107 minimalnego wynagrodzenia,&hellip;\n","protected":false},"author":2,"featured_media":171619,"comment_status":"","ping_status":"","sticky":false,"template":"","format":"standard","meta":{"footnotes":""},"categories":[16],"tags":[113,112,42,38,40,39,41],"class_list":{"0":"post-171618","1":"post","2":"type-post","3":"status-publish","4":"format-standard","5":"has-post-thumbnail","7":"category-biznes","8":"tag-biznes","9":"tag-business","10":"tag-pl","11":"tag-poland","12":"tag-polish","13":"tag-polska","14":"tag-polski"},"share_on_mastodon":{"url":"","error":""},"_links":{"self":[{"href":"https:\/\/www.europesays.com\/pl\/wp-json\/wp\/v2\/posts\/171618","targetHints":{"allow":["GET"]}}],"collection":[{"href":"https:\/\/www.europesays.com\/pl\/wp-json\/wp\/v2\/posts"}],"about":[{"href":"https:\/\/www.europesays.com\/pl\/wp-json\/wp\/v2\/types\/post"}],"author":[{"embeddable":true,"href":"https:\/\/www.europesays.com\/pl\/wp-json\/wp\/v2\/users\/2"}],"replies":[{"embeddable":true,"href":"https:\/\/www.europesays.com\/pl\/wp-json\/wp\/v2\/comments?post=171618"}],"version-history":[{"count":0,"href":"https:\/\/www.europesays.com\/pl\/wp-json\/wp\/v2\/posts\/171618\/revisions"}],"wp:featuredmedia":[{"embeddable":true,"href":"https:\/\/www.europesays.com\/pl\/wp-json\/wp\/v2\/media\/171619"}],"wp:attachment":[{"href":"https:\/\/www.europesays.com\/pl\/wp-json\/wp\/v2\/media?parent=171618"}],"wp:term":[{"taxonomy":"category","embeddable":true,"href":"https:\/\/www.europesays.com\/pl\/wp-json\/wp\/v2\/categories?post=171618"},{"taxonomy":"post_tag","embeddable":true,"href":"https:\/\/www.europesays.com\/pl\/wp-json\/wp\/v2\/tags?post=171618"}],"curies":[{"name":"wp","href":"https:\/\/api.w.org\/{rel}","templated":true}]}}