{"id":171659,"date":"2025-12-26T09:13:10","date_gmt":"2025-12-26T09:13:10","guid":{"rendered":"https:\/\/www.europesays.com\/pl\/171659\/"},"modified":"2025-12-26T09:13:10","modified_gmt":"2025-12-26T09:13:10","slug":"watykanista-nie-ma-watpliwosci-gdyby-kosciol-wyrazil-na-to-zgode-doszloby-do-schizmy","status":"publish","type":"post","link":"https:\/\/www.europesays.com\/pl\/171659\/","title":{"rendered":"Watykanista nie ma w\u0105tpliwo\u015bci. &#8222;Gdyby Ko\u015bci\u00f3\u0142 wyrazi\u0142 na to zgod\u0119, dosz\u0142oby do schizmy&#8221;"},"content":{"rendered":"<p class=\"ods-c-paragraph \">Magdalena Rigamonti, Tomasz Sekielski: Kiedy urodzi\u0142 si\u0119 Jezus?<\/p>\n<p class=\"ods-c-paragraph \">Prof. Arkadiusz Stempin: Tego dok\u0142adnie nie wiemy i ju\u017c si\u0119 nie dowiemy.<\/p>\n<p class=\"ods-c-paragraph \">Czyli trzeba przyj\u0105\u0107, \u017ce 25 grudnia.<\/p>\n<p class=\"ods-c-paragraph \">To nie ma a\u017c tak wielkiego znaczenia.<\/p>\n<p class=\"ods-c-paragraph \">Dlaczego \u015bwi\u0119tujemy w grudniu?<\/p>\n<p class=\"ods-c-paragraph \">Wynika to z dw\u00f3ch koncepcji, kt\u00f3re leg\u0142y u podstaw wyznaczenia tej daty. Pierwsza odwo\u0142uje si\u0119 do konfabulacji i pr\u00f3by obliczenia daty \u015bmierci Chrystusa, kt\u00f3r\u0105 wyliczono na 25 marca, zak\u0142adaj\u0105c, \u017ce umar\u0142 w 33 roku swojego \u017cycia. Doskonale wiemy, \u017ce obarczone jest to b\u0142\u0119dem rachuby, wynikaj\u0105cego z samej metody obliczania.<\/p>\n<p class=\"ods-c-paragraph \">Kiedy to policzono?<\/p>\n<p class=\"ods-c-paragraph \">Dopiero w VI w. Dionizusz na polecenie papie\u017ca Jana I podj\u0105\u0142 si\u0119 tego zadania. Wszystko wskazuje na to, \u017ce pomyli\u0142 si\u0119 o sze\u015b\u0107 lat. Wychodzi wi\u0119c na to, \u017ce Chrystus urodzi\u0142 si\u0119 sze\u015b\u0107 lat po narodzeniu Chrystusa. Skomplikowane, ale dla zbawienia bez znaczenia.<\/p>\n<p>Rozdzia\u0142 ko\u015bcio\u0142a od pa\u0144stwa? &#8222;By\u0142bym za tym&#8221;   <\/p>\n<p class=\"ods-c-paragraph \">Znaczenie mia\u0142o to, \u017ce Ko\u015bci\u00f3\u0142, \u017ceby pozyska\u0107 wiernych, adaptowa\u0142 \u015bwi\u0119ta poga\u0144skie?<\/p>\n<p class=\"ods-c-paragraph \">To jest drugi punkt odniesienia, druga koncepcja. Ko\u015bci\u00f3\u0142 dokonywa\u0142 akulturacji, przechwytywa\u0142 daty poga\u0144skich \u015bwi\u0105t, r\u00f3wnie\u017c tych grudniowych. Skoro Chrystus przyszed\u0142 na \u015bwiat w Imperium Rzymskim, to tam dwoma wielkimi \u015bwi\u0119tami by\u0142y Saturnalia i \u015bwi\u0119to Mitry, Narodziny Niepokonanego S\u0142o\u0144ca. To ostatnie, szczeg\u00f3lnie popularne w\u015br\u00f3d legionist\u00f3w, wypada\u0142o na okres przesilenia zimowego. Ko\u015bci\u00f3\u0142 przej\u0105\u0142 to \u015bwi\u0119to, te dat\u0119.<\/p>\n<p>Dalszy ci\u0105g artyku\u0142u pod materia\u0142em wideo<\/p>\n<p> Jakie s\u0105 szanse na \u015bwi\u0119cenia kobiet w Ko\u015bciele? <\/p>\n<p> Co s\u0105dzi prof. Stempin o papie\u017cu Leonie? <\/p>\n<p> Jakie zmiany w Watykanie wprowadzi\u0142 papie\u017c Franciszek? <\/p>\n<p> Dlaczego Watykan nie pot\u0119pia Putina? <\/p>\n<p class=\"ods-c-paragraph \">\u017bydowskich \u015bwi\u0105t nie uda\u0142o si\u0119 przej\u0105\u0107. Chanuka to \u015awi\u0119to \u015awiate\u0142. Polski prezydent Karol Nawrocki odm\u00f3wi\u0142 celebrowania tego \u015bwi\u0119ta w Pa\u0142acu Prezydenckim.<\/p>\n<p class=\"ods-c-paragraph \">By\u0142bym za tym, by przyj\u0105\u0107 wyk\u0142adni\u0119 rozdzia\u0142u Ko\u015bcio\u0142a od pa\u0144stwa, by\u015bmy nie \u015bwi\u0119towali zar\u00f3wno Chanuki, jak i \u015bwi\u0105t Bo\u017cego Narodzenia.<\/p>\n<p class=\"ods-c-paragraph \">Na razie ten rozdzia\u0142 nie obowi\u0105zuje.<\/p>\n<p class=\"ods-c-paragraph \">Mamy wyk\u0142adni\u0119 religii katolickiej, kt\u00f3ra w Polsce w 2025 r. niewiele wsp\u00f3lnego ma z ideami, kt\u00f3re przy\u015bwieca\u0142y za\u0142o\u017cycielowi chrze\u015bcija\u0144stwa. Amorfizm, czyli sojusz tronu i o\u0142tarza, by\u0142 wykluczony u Jezusa Chrystusa. Z drugiej strony, przemocowe pr\u00f3by wyprowadzenia \u015bwi\u0105t, czy to z Kancelarii Prezydenta czy z Parlamentu, s\u0105 dla mnie nieakceptowalne.<\/p>\n<p class=\"ods-c-paragraph \">Karol Nawrocki jeszcze w kampanii m\u00f3wi\u0142, \u017ce b\u0119dzie si\u0119 skupia\u0142 na \u015bwi\u0119tach chrze\u015bcija\u0144skich, a nie \u017cydowskich.<\/p>\n<p class=\"ods-c-paragraph \">Prawdziwy chrze\u015bcijanin nie aprobuje r\u00f3\u017ca\u0144ca na granicach naszego kraju. Inkwizycyjny, fundamentalny katolicyzm r\u00f3wnie\u017c nie ma nic wsp\u00f3lnego z ide\u0105 chrze\u015bcija\u0144stwa.<\/p>\n<p class=\"ods-c-paragraph \">Do kogo pan to teraz m\u00f3wi? Do Karola Nawrockiego?<\/p>\n<p class=\"ods-c-paragraph \">Mi\u0119dzy innymi do Roberta B\u0105kiewicza, kt\u00f3ry gdzie\u015b tam orbituje jak aureola wok\u00f3\u0142 prezydenta Nawrockiego. Nie aprobuj\u0119 mieszania religii z systemem politycznym, z porz\u0105dkiem politycznym. Niestety, akurat w dziejach Ko\u015bcio\u0142a tak si\u0119 sta\u0142o, \u017ce te dwa porz\u0105dki s\u0105 uciele\u015bniane przez Watykan. Bo Watykan jest zar\u00f3wno instytucj\u0105 \u0142adu moralnego, stra\u017cnikiem Graala, jak i ma wymiar polityczno-dyplomatyczny. Dlatego dochodzi do aberracji na skutek sprz\u0119\u017cenia si\u0119 obydwu porz\u0105dk\u00f3w.<\/p>\n<p><img decoding=\"async\" src=\"https:\/\/cdn.wiadomosci.onet.pl\/1\/NcMk9lBaHR0cHM6Ly9vY2RuLmV1L3B1bHNjbXMvTURBXy9mYTczNTJjY2Y1ZTM3MWQzYWM3YzRiM2NhZDBjNDc0Zi5qcGeRlQLNB1gAwsPeAAKhMAehMQQ\" height=\"627\" width=\"940\" alt=\"Szopka przed Pa\u0142acem Prezydenckim w 2025 r.\" loading=\"lazy\" class=\"ods-c-image__img ods-c-image__img--viewport-width\"\/><\/p>\n<p>Szopka przed Pa\u0142acem Prezydenckim w 2025 r.S\u0142awomir Kami\u0144ski \/ Agencja Wyborcza.pl<\/p>\n<p class=\"ods-c-paragraph \">Jakich?<\/p>\n<p class=\"ods-c-paragraph \">Takich, \u017ce papie\u017c Franciszek by\u0142 \u0142ajany za prorosyjsk\u0105 postaw\u0119, cho\u0107 absolutnie nie by\u0142 proputinowski. Z drugiej strony Episkopat Polski t\u0142umaczy\u0142 si\u0119 statusem dyplomatycznym, kiedy nie przekaza\u0142 akt dotycz\u0105cych przest\u0119pstw pedofilii w Ko\u015bciele. W Polsce te dwa porz\u0105dki w spos\u00f3b prawie symetryczny nak\u0142adaj\u0105 si\u0119 na siebie ku nieszcz\u0119\u015bciu jednego i drugiego.<\/p>\n<p class=\"ods-c-paragraph \">Gdyby nie przyzwolenie polityk\u00f3w, nie dochodzi\u0142oby do tego.<\/p>\n<p class=\"ods-c-paragraph \">Ko\u015bci\u00f3\u0142 wchodzi na nie swoje terytorium, a politycy kl\u0119kaj\u0105 i si\u0119 na to godz\u0105. Przynajmniej trzeba to zwerbalizowa\u0107 jako naruszenie porz\u0105dku religijnego, pr\u00f3b\u0119 anektowania obszaru stricte religijnego na potrzeby polityki. Trzeba te\u017c jasno powiedzie\u0107, \u017ce hierarchia ko\u015bcielna anektuje sobie sojusz tronu i o\u0142tarza. Oczywi\u015bcie s\u0105 przyk\u0142ady, kiedy ludzie z obydwu porz\u0105dk\u00f3w mog\u0105 ze sob\u0105 wsp\u00f3\u0142pracowa\u0107. Po zamachu na Jana Paw\u0142a II 13 maja 1983 r. prezydent W\u0142och Sandro Pertini siedzia\u0142 u jego wezg\u0142owia. Potem, kiedy Pertini trafi\u0142 do szpitala, papie\u017c zrewan\u017cowa\u0142 si\u0119 tym samym. Innym przyk\u0142adem jest fenomenalna korespondencja mi\u0119dzy Carlo Mari\u0105 Martinim, nie\u017cyj\u0105cym ju\u017c arcybiskupem Mediolanu, a Umberto Eco. To wielka rozmowa cz\u0142owieka wierz\u0105cego z niewierz\u0105cym.<\/p>\n<p class=\"ods-c-paragraph \">Do tego trzeba by\u0107 intelektualist\u0105. U nas jest tak, \u017ce kobiety wychodz\u0105 na ulice po tym jak wyrok Trybuna\u0142u Konstytucyjnego w zasadzie zakaza\u0142 aborcji, a Jaros\u0142aw Kaczy\u0144ski wyznacza na obro\u0144c\u0119 ko\u015bcio\u0142\u00f3w nacjonalist\u0119 Roberta B\u0105kiewicza. Pan wspomnia\u0142 o r\u00f3\u017ca\u0144cu na granicy.<\/p>\n<p class=\"ods-c-paragraph \">To s\u0105 dzia\u0142ania niemaj\u0105ce nic wsp\u00f3lnego z chrze\u015bcija\u0144stwem.<\/p>\n<p class=\"ods-c-paragraph \">Nie ma \u017cadnych rozm\u00f3w intelektualist\u00f3w. Jest walka o rz\u0105d dusz.<\/p>\n<p class=\"ods-c-paragraph \">Wyj\u015bcie na ring i pr\u00f3ba ubrania r\u0119kawicy z pseudosymbolami chrze\u015bcija\u0144skimi\u2026<\/p>\n<p class=\"ods-c-paragraph \">W \u015bwi\u0119ta siadamy do jednego sto\u0142u, m\u00f3wi si\u0119, \u017ce to czas pojednania. Wi\u0119kszo\u015b\u0107 z nas deklaruje si\u0119 jako katolicy\u2026<\/p>\n<p class=\"ods-c-paragraph \">Dzielenie si\u0119 op\u0142atkiem, chlebem, to powinno by\u0107 dzielenie si\u0119 sob\u0105, swoimi my\u015blami i przekonaniami z innymi. No ale dobrze wiemy, \u017ce w tym teatrze politycznym\u2026<\/p>\n<p class=\"ods-c-paragraph \">W teatrze domowym.<\/p>\n<p class=\"ods-c-paragraph \">Doskonale wiemy, \u017ce s\u0105 podzia\u0142y w naszych domach i akurat ta ceremonia dzielenia si\u0119 niewiele wnosi do za\u0142agodzenia sytuacji, tego strukturalnego podzia\u0142u, tej polaryzacji. Dobrze jednak, \u017ce chocia\u017c przy okazji \u015bwi\u0105t mo\u017cna poda\u0107 sobie r\u0119k\u0119. Przypomnia\u0142a mi si\u0119 posta\u0107 Icchaka Rabina, premiera Izraela, zamordowanego w 1995 r., ultra nacjonalisty \u017cydowskiego. Trzeba pami\u0119ta\u0107, \u017ce potrafi\u0142 wyj\u015b\u0107 ze swoich okop\u00f3w i poda\u0107 r\u0119k\u0119 Anwarowi as-Sadatowi, prezydentowi Egiptu, co zaowocowa\u0142o d\u0142ugoletnim pokojem mi\u0119dzy Egiptem a Izraelem.<\/p>\n<p>Jak powinien zachowa\u0107 si\u0119 papie\u017c? Taka jest rola Leona XIV<\/p>\n<p class=\"ods-c-paragraph \">Pana zdaniem papie\u017c Leon powinien pojecha\u0107 do Ukrainy i da\u0107 jasny znak \u015bwiatu, po czyjej jest stronie?<\/p>\n<p class=\"ods-c-paragraph \">Watykan stoi w rozkroku mi\u0119dzy porz\u0105dkiem politycznym i moralnym. Porz\u0105dek polityczny polega na tym, \u017ce by poda\u0107 r\u0119k\u0119, trzeba rozmawia\u0107 z wrogiem, nie ma innej alternatywy. Stolica Apostolska chce mie\u0107 pewne narz\u0119dzia jako instytucja dyplomatyczno-polityczna, by nie straci\u0107 kart u tego wroga, czyli u Putina w Rosji. Ale to k\u0142\u00f3ci z tym porz\u0105dkiem moralnym. Patrzymy na Putina jak na zbrodniarza, przest\u0119pc\u0119 i domagamy si\u0119 od Watykanu ostrych s\u0142\u00f3w pot\u0119pienia. Chcemy, \u017ceby papie\u017c kierowa\u0142 si\u0119 s\u0142owami Chrystusa, kt\u00f3ry m\u00f3wi\u0142 o nazywaniu z\u0142a z\u0142em. Czy papie\u017c pojedzie do Ukrainy? Buzuj\u0105 nad tym g\u0142owy watyka\u0144skich dyplomat\u00f3w, zastanawiaj\u0105 si\u0119, na ile by\u0142oby to kompatybilne z pr\u00f3b\u0105 zachowania roli mediatora Watykanu w konflikcie rosyjsko-ukrai\u0144skim.<\/p>\n<p>   <img decoding=\"async\" src=\"https:\/\/cdn.wiadomosci.onet.pl\/1\/4wck9lBaHR0cHM6Ly9vY2RuLmV1L3B1bHNjbXMvTURBXy9mZDU5NmRlNDQ1ZDcyMWI5MTdkMjZiYWNjZGQ2YmU0My5qcGeRlQLNB1gAwsPeAAKhMAehMQQ\" height=\"626\" width=\"940\" alt=\"Papie\u017c Leon XIV wyg\u0142asza or\u0119dzie z b\u0142ogos\u0142awie\u0144stwem Urbi et Orbi na Bo\u017ce Narodzenie \" loading=\"lazy\" class=\"ods-c-image__img ods-c-image__img--viewport-width\"\/><\/p>\n<p>Papie\u017c Leon XIV wyg\u0142asza or\u0119dzie z b\u0142ogos\u0142awie\u0144stwem Urbi et Orbi na Bo\u017ce NarodzenieABACA\/Abaca \/ PAP<\/p>\n<p class=\"ods-c-paragraph \">Uwa\u017ca pan, \u017ce Watykan ma tak\u0105 rol\u0119?<\/p>\n<p class=\"ods-c-paragraph \">By\u0142y zaawansowane pr\u00f3by nawi\u0105zania przez Watykan kontaktu z Putinem, na przyk\u0142ad w sprawie uwolnienia porwanych przez Rosjan dzieci ukrai\u0144skich. Jednak nie przynios\u0142y one rezultatu. Mo\u017ce te dzia\u0142ania legitymizowa\u0142y to, \u017ce papie\u017c Franciszek nabra\u0142 wody w usta i nie pot\u0119pi\u0142 moralnie Putina. Mieli\u015bmy podobn\u0105 sytuacj\u0119, na szcz\u0119\u015bcie ju\u017c historyczn\u0105, w czasie II wojny \u015bwiatowej. M\u00f3wi\u0119 o postawie papie\u017ca Piusa XII wobec Holokaustu. On wiedzia\u0142 o Holokau\u015bcie, a nie pot\u0119pi\u0142 go moralnie. Teraz oczekujemy pot\u0119pienia dzia\u0142a\u0144 Rosji od papie\u017ca Leona.<\/p>\n<p class=\"ods-c-paragraph \">Pius XII nie tylko nie pot\u0119pi\u0142 Holokaustu, ale te\u017c pomaga\u0142 hitlerowcom ucieka\u0107 z Europy, ewakuowa\u0107 si\u0119?<\/p>\n<p class=\"ods-c-paragraph \">Archiwa watyka\u0144skie z okresu Piusa XII nie s\u0105 udost\u0119pnione. Wiemy tyle, \u017ce taka &#8222;pomoc&#8221; mia\u0142a miejsce, ale \u017ce odbywa\u0142o si\u0119 to za plecami papie\u017ca. G\u0142\u00f3wn\u0105 rol\u0119 odgrywa\u0142 pronazistowski biskup Alois Hudal, dzi\u0119ki kt\u00f3remu Josef Mengele i inni zbrodniarze tego kalibru prysn\u0119li do Argentyny.<\/p>\n<p class=\"ods-c-paragraph \">Pan przygotowuje ksi\u0105\u017ck\u0119 o kobietach w Watykanie? Szefow\u0105 administracyjn\u0105 jest kobieta, zakonnica, siostra Petrini.<\/p>\n<p class=\"ods-c-paragraph \">Wiceszefem Sekretariatu Stanu, czyli tego najwa\u017cniejszego urz\u0119du watyka\u0144skiego, te\u017c jest kobieta, te\u017c zakonnica. Kobieta te\u017c jest zwierzchniczk\u0105 dykasterii do spraw \u017cycia konsekrowanego, czyli odpowiedzialnego za zakony. Jej zast\u0119pc\u0105 jest kardyna\u0142. Czyli to kardyna\u0142 musi dygn\u0105\u0107 przed kobiet\u0105 w Watykanie. To s\u0105 efekty pr\u00f3b zmiany wizerunku kobiety w Ko\u015bciele podejmowane przez papie\u017ca Franciszka. Nie wiem, czy Leon to podtrzyma, czy p\u00f3jdzie t\u0105 drog\u0105. On jest na pewno bardziej konserwatywny ni\u017c Franciszek.<\/p>\n<p>&#8222;Za pontyfikatu papie\u017ca Leona nie doczekamy si\u0119 nawet diakonatu dla kobiet&#8221;<\/p>\n<p class=\"ods-c-paragraph \">Nie ma szans, \u017ceby za jego pontyfikatu kobiety w Ko\u015bciele zyska\u0142y wi\u0119ksze prawa?<\/p>\n<p class=\"ods-c-paragraph \">Franciszek doszed\u0142 w tym do \u015bciany. Zda\u0142 sobie spraw\u0119, \u017ce nie b\u0119dzie m\u00f3g\u0142 dowarto\u015bciowa\u0107 kobiet, przyznaj\u0105c im mo\u017cliwo\u015bci przyjmowania \u015bwi\u0119ce\u0144 kap\u0142a\u0144skich. Ostatni synod, w kt\u00f3rym bra\u0142y udzia\u0142 kobiety, w tym tak\u017ce Polki, rozbudzi\u0142 nadziej\u0119. Jestem pewien, \u017ce za pontyfikatu papie\u017ca Leona nie doczekamy si\u0119 nawet diakonatu dla kobiet, czyli tych najni\u017cszych \u015bwi\u0119ce\u0144.<\/p>\n<p class=\"ods-c-paragraph \">Oddolne g\u0142osy postuluj\u0105ce za \u015bwi\u0119ceniami kobiet s\u0105 coraz silniejsze.<\/p>\n<p class=\"ods-c-paragraph \">Najsilniejsze s\u0105 w Ko\u015bcio\u0142ach lokalnych typu Holandia, Niemcy, Belgia, Francja. Czyli w tych ko\u015bcio\u0142ach, kt\u00f3re s\u0105 odleg\u0142e o lata kosmiczne od Ko\u015bcio\u0142a polskiego, bo&#8230;<\/p>\n<p class=\"ods-c-paragraph \">Tam s\u0105 g\u0142osy, \u017ceby dopu\u015bci\u0107 kobiety do kap\u0142a\u0144stwa. Polska jest jednak tak konserwatywna, \u017ce raczej \u017caden ksi\u0105dz sobie nie wyobra\u017ca, \u017ce kobieta mog\u0142aby dosta\u0107 \u015bwi\u0119cenia kap\u0142a\u0144skie.<\/p>\n<p class=\"ods-c-paragraph \">W Polsce jest tak, \u017ce nawet siostra Chmielewska nie jest twarz\u0105 Ko\u015bcio\u0142a, a zas\u0142ugiwa\u0142aby na to. Przecie\u017c mo\u017cna by j\u0105 podmieni\u0107 z twarz\u0105 arcybiskupa J\u0119draszewskiego.<\/p>\n<p class=\"ods-c-paragraph \">Arcybiskup J\u0119draszewski przesta\u0142 by\u0107 ju\u017c metropolit\u0105 krakowskim.<\/p>\n<p class=\"ods-c-paragraph \">Na szcz\u0119\u015bcie. Na szcz\u0119\u015bcie te\u017c mo\u017cliwo\u015bci operacyjne biskupa seniora s\u0105 skromne. Bardzo ubolewam, \u017ce by\u0142 twarz\u0105 polskiego Ko\u015bcio\u0142a. Z siostr\u0105 Chmielewsk\u0105 mogliby si\u0119 identyfikowa\u0107 tak\u017ce ci, kt\u00f3rzy nie maj\u0105 takich intelektualnych zdolno\u015bci jak Umberto Eco.<\/p>\n<p class=\"ods-c-paragraph \">To by\u0142aby wi\u0119ksza rewolucja ni\u017c zniesienie celibatu. \u015awi\u0119cenia kobiet wywr\u00f3ci\u0142yby ca\u0142y porz\u0105dek.<\/p>\n<p class=\"ods-c-paragraph \">Gdyby Watykan wyrazi\u0142 zgod\u0119 na \u015bwi\u0119cenia kobiet, to dosz\u0142oby do tego, czego Ko\u015bci\u00f3\u0142 si\u0119 boi najbardziej, a mianowicie do schizmy, czyli formalnego rozdzia\u0142u Ko\u015bcio\u0142a, takiego jak za czas\u00f3w Lutra.<\/p>\n<p class=\"ods-c-paragraph \">I drugi Watykan by\u0142by na Wawelu?<\/p>\n<p class=\"ods-c-paragraph \">My\u015bl\u0119, \u017ce ta konserwatywna centrala by\u0142aby jednak w USA. Takim guru m\u00f3g\u0142by by\u0107 kardyna\u0142 Raymond Leo Burke.<\/p>\n<p class=\"ods-c-paragraph \">Papie\u017c Franciszek wyrzuci\u0142 go z grona doradc\u00f3w, mi\u0119dzy innymi za strojenie si\u0119.<\/p>\n<p class=\"ods-c-paragraph \">Za jedwabne r\u0119kawiczki, kilkumetrowe peleryny. Ale to konserwatysta.<\/p>\n<p class=\"ods-c-paragraph \">Panie profesorze, czym dla pana prywatnie s\u0105 \u015bwi\u0119ta Bo\u017cego Narodzenia?<\/p>\n<p class=\"ods-c-paragraph \">Retrospekcj\u0105, bo wracam do \u015bwi\u0105t w dzieci\u0144stwie i introspekcj\u0105, czyli wej\u015bciem do siebie.<\/p>\n<p class=\"ods-c-paragraph \">Robi pan rachunek sumienia?<\/p>\n<p class=\"ods-c-paragraph \">Nie tylko przed \u015bwi\u0119tami czy w \u015bwi\u0119ta.<\/p>\n<p class=\"ods-c-paragraph \">Codziennie?<\/p>\n<p class=\"ods-c-paragraph \">Nie, ale zdecydowanie cz\u0119\u015bciej ni\u017c raz w roku.<\/p>\n","protected":false},"excerpt":{"rendered":"Magdalena Rigamonti, Tomasz Sekielski: Kiedy urodzi\u0142 si\u0119 Jezus? Prof. Arkadiusz Stempin: Tego dok\u0142adnie nie wiemy i ju\u017c si\u0119&hellip;\n","protected":false},"author":2,"featured_media":171660,"comment_status":"","ping_status":"","sticky":false,"template":"","format":"standard","meta":{"footnotes":""},"categories":[14],"tags":[22072,23150,32,33,27,9118,702,34,35,73,28,31,48,25,46,40,41,19681,47,80,29,30,341,4317,26,82,83,84],"class_list":{"0":"post-171659","1":"post","2":"type-post","3":"status-publish","4":"format-standard","5":"has-post-thumbnail","7":"category-swiat","8":"tag-arkadiusz_stempin","9":"tag-boze_narodzenie_wigilia","10":"tag-breaking-news","11":"tag-breakingnews","12":"tag-headlines","13":"tag-jezus_chrystus","14":"tag-kosciol_katolicki","15":"tag-latest-news","16":"tag-latestnews","17":"tag-leon_xiv","18":"tag-naglowki","19":"tag-najwazniejsze-artykuly","20":"tag-nat_styl","21":"tag-news","22":"tag-omp","23":"tag-polish","24":"tag-polski","25":"tag-rachunek_sumienia","26":"tag-screening_general","27":"tag-swiat","28":"tag-top-stories","29":"tag-topstories","30":"tag-tylko_w_onecie","31":"tag-watykan","32":"tag-wiadomosci","33":"tag-world","34":"tag-world-news","35":"tag-worldnews"},"share_on_mastodon":{"url":"https:\/\/pubeurope.com\/@pl\/115785106074242315","error":""},"_links":{"self":[{"href":"https:\/\/www.europesays.com\/pl\/wp-json\/wp\/v2\/posts\/171659","targetHints":{"allow":["GET"]}}],"collection":[{"href":"https:\/\/www.europesays.com\/pl\/wp-json\/wp\/v2\/posts"}],"about":[{"href":"https:\/\/www.europesays.com\/pl\/wp-json\/wp\/v2\/types\/post"}],"author":[{"embeddable":true,"href":"https:\/\/www.europesays.com\/pl\/wp-json\/wp\/v2\/users\/2"}],"replies":[{"embeddable":true,"href":"https:\/\/www.europesays.com\/pl\/wp-json\/wp\/v2\/comments?post=171659"}],"version-history":[{"count":0,"href":"https:\/\/www.europesays.com\/pl\/wp-json\/wp\/v2\/posts\/171659\/revisions"}],"wp:featuredmedia":[{"embeddable":true,"href":"https:\/\/www.europesays.com\/pl\/wp-json\/wp\/v2\/media\/171660"}],"wp:attachment":[{"href":"https:\/\/www.europesays.com\/pl\/wp-json\/wp\/v2\/media?parent=171659"}],"wp:term":[{"taxonomy":"category","embeddable":true,"href":"https:\/\/www.europesays.com\/pl\/wp-json\/wp\/v2\/categories?post=171659"},{"taxonomy":"post_tag","embeddable":true,"href":"https:\/\/www.europesays.com\/pl\/wp-json\/wp\/v2\/tags?post=171659"}],"curies":[{"name":"wp","href":"https:\/\/api.w.org\/{rel}","templated":true}]}}