{"id":171661,"date":"2025-12-26T09:14:07","date_gmt":"2025-12-26T09:14:07","guid":{"rendered":"https:\/\/www.europesays.com\/pl\/171661\/"},"modified":"2025-12-26T09:14:07","modified_gmt":"2025-12-26T09:14:07","slug":"gdzie-na-zakupy-26-grudnia-niektore-sklepy-sa-otwarte","status":"publish","type":"post","link":"https:\/\/www.europesays.com\/pl\/171661\/","title":{"rendered":"Gdzie na zakupy 26 grudnia? Niekt\u00f3re sklepy s\u0105 otwarte"},"content":{"rendered":"<p class=\"ods-c-paragraph \">Polskie prawo dopuszcza wyj\u0105tki od zakazu handlu w dni \u015bwi\u0105teczne. Dzia\u0142a\u0107 mog\u0105 m.in. sklepy, kt\u00f3re prowadzone s\u0105 przez samego w\u0142a\u015bciciela, plac\u00f3wki franczyzowe, a tak\u017ce punkty, kt\u00f3re maj\u0105 status plac\u00f3wki pocztowej. Wszystko zale\u017cy w du\u017cej mierze od decyzji na szczeblu lokalnym.<\/p>\n<p>Dalszy ci\u0105g artyku\u0142u pod materia\u0142em wideo<\/p>\n<p> Kt\u00f3re sklepy s\u0105 otwarte 26 grudnia? <\/p>\n<p> Jakie wyj\u0105tki od zakazu handlu obowi\u0105zuj\u0105 w Polsce? <\/p>\n<p> Jakie godziny otwarcia maj\u0105 sklepy \u017babka? <\/p>\n<p> Czy sklepy Lidl s\u0105 otwarte 26 grudnia? <\/p>\n<p class=\"ods-c-paragraph \">Godziny otwarcia sklep\u00f3w zwykle s\u0105 skr\u00f3cone i mog\u0105 r\u00f3\u017cni\u0107 si\u0119 od siebie w zale\u017cno\u015bci od lokalizacji. <\/p>\n<p>Gdzie na zakupy drugiego dnia \u015awi\u0105t? Te sklepy mog\u0105 by\u0107 otwarte   <\/p>\n<p class=\"ods-c-paragraph \">Polacy 26 grudnia odwiedzi\u0107 b\u0119d\u0105 mogli cz\u0119\u015b\u0107 sklep\u00f3w \u017babka, kt\u00f3re dzia\u0142aj\u0105 jako plac\u00f3wki pocztowe. To franczyzobiorca decyduje, czy dany punkt b\u0119dzie otwarty. \u017babki najcz\u0119\u015bciej otwarte s\u0105 od godz. 10 do 18. <\/p>\n<p class=\"ods-c-paragraph \">Otwarte s\u0105 tak\u017ce niekt\u00f3re sklepy Carrefour Express, kt\u00f3re funkcjonuj\u0105 jako sklepy franczyzowe. Zakupy jednak tak\u017ce mo\u017cna w nich zrobi\u0107 tylko w okre\u015blonych godzinach. Nie dotyczy to jednak wi\u0119kszych sklep\u00f3w sieci Carrefour. Te, podobnie jak inne supermarkety, nie korzystaj\u0105 z przewidzianych prawnie ust\u0119pstw. <\/p>\n<p class=\"ods-c-paragraph \">Zamkni\u0119te pozostaj\u0105 tak\u017ce sklepy Dino oraz Lidl. Klienci tych sieci b\u0119d\u0105 mogli zrobi\u0107 zakupy dopiero po \u015bwi\u0119tach. <\/p>\n","protected":false},"excerpt":{"rendered":"Polskie prawo dopuszcza wyj\u0105tki od zakazu handlu w dni \u015bwi\u0105teczne. Dzia\u0142a\u0107 mog\u0105 m.in. sklepy, kt\u00f3re prowadzone s\u0105 przez&hellip;\n","protected":false},"author":2,"featured_media":171662,"comment_status":"","ping_status":"","sticky":false,"template":"","format":"standard","meta":{"footnotes":""},"categories":[12],"tags":[23150,32,33,1866,857,36,37,27,49,34,35,3343,28,31,48,25,46,42,38,40,39,41,47,29,30,26,7883,27172,23152],"class_list":{"0":"post-171661","1":"post","2":"type-post","3":"status-publish","4":"format-standard","5":"has-post-thumbnail","7":"category-polska","8":"tag-boze_narodzenie_wigilia","9":"tag-breaking-news","10":"tag-breakingnews","11":"tag-carrefour","12":"tag-dino","13":"tag-featured-news","14":"tag-featurednews","15":"tag-headlines","16":"tag-kraj","17":"tag-latest-news","18":"tag-latestnews","19":"tag-lidl","20":"tag-naglowki","21":"tag-najwazniejsze-artykuly","22":"tag-nat_styl","23":"tag-news","24":"tag-omp","25":"tag-pl","26":"tag-poland","27":"tag-polish","28":"tag-polska","29":"tag-polski","30":"tag-screening_general","31":"tag-top-stories","32":"tag-topstories","33":"tag-wiadomosci","34":"tag-zabka","35":"tag-zakupy_spozywcze","36":"tag-zakupy_swiateczne"},"share_on_mastodon":{"url":"https:\/\/pubeurope.com\/@pl\/115785109688722130","error":""},"_links":{"self":[{"href":"https:\/\/www.europesays.com\/pl\/wp-json\/wp\/v2\/posts\/171661","targetHints":{"allow":["GET"]}}],"collection":[{"href":"https:\/\/www.europesays.com\/pl\/wp-json\/wp\/v2\/posts"}],"about":[{"href":"https:\/\/www.europesays.com\/pl\/wp-json\/wp\/v2\/types\/post"}],"author":[{"embeddable":true,"href":"https:\/\/www.europesays.com\/pl\/wp-json\/wp\/v2\/users\/2"}],"replies":[{"embeddable":true,"href":"https:\/\/www.europesays.com\/pl\/wp-json\/wp\/v2\/comments?post=171661"}],"version-history":[{"count":0,"href":"https:\/\/www.europesays.com\/pl\/wp-json\/wp\/v2\/posts\/171661\/revisions"}],"wp:featuredmedia":[{"embeddable":true,"href":"https:\/\/www.europesays.com\/pl\/wp-json\/wp\/v2\/media\/171662"}],"wp:attachment":[{"href":"https:\/\/www.europesays.com\/pl\/wp-json\/wp\/v2\/media?parent=171661"}],"wp:term":[{"taxonomy":"category","embeddable":true,"href":"https:\/\/www.europesays.com\/pl\/wp-json\/wp\/v2\/categories?post=171661"},{"taxonomy":"post_tag","embeddable":true,"href":"https:\/\/www.europesays.com\/pl\/wp-json\/wp\/v2\/tags?post=171661"}],"curies":[{"name":"wp","href":"https:\/\/api.w.org\/{rel}","templated":true}]}}