{"id":171706,"date":"2025-12-26T09:37:13","date_gmt":"2025-12-26T09:37:13","guid":{"rendered":"https:\/\/www.europesays.com\/pl\/171706\/"},"modified":"2025-12-26T09:37:13","modified_gmt":"2025-12-26T09:37:13","slug":"czy-motor-znow-to-zrobi-legenda-nie-ma-watpliwosci-lublin-jest-z-tego-znany","status":"publish","type":"post","link":"https:\/\/www.europesays.com\/pl\/171706\/","title":{"rendered":"Czy Motor zn\u00f3w to zrobi? Legenda nie ma w\u0105tpliwo\u015bci. &#8222;Lublin jest z tego znany&#8221;"},"content":{"rendered":"\n<p class=\"contentpart contentpart--default contentpart--text\" data-position=\"0\">Konrad Mazur, WP SportoweFakty: Rok 2025 dobiega ko\u0144ca. Bardzo intensywny i pracowity dla \u017cu\u017clowc\u00f3w. A jak by\u0142o z panem? Co dzia\u0142o si\u0119 u pana w tym sezonie? Jak pan zaznacza\u0142 swoj\u0105 obecno\u015b\u0107 w \u017cu\u017clu?<\/p>\n<p class=\"contentpart contentpart--default contentpart--text\" data-position=\"1\"><a href=\"https:\/\/sportowefakty.wp.pl\/zuzel\/hans-nielsen\" rel=\"nofollow noopener\" target=\"_blank\">Hans Nielsen<\/a>, 4-krotny Indywidualny Mistrz \u015awiata, by\u0142y \u017cu\u017clowiec Motoru Lublin i Polonii Pi\u0142a: W tym roku nie by\u0142em zaanga\u017cowany w roli trenera, jak w poprzednich latach, czy to w tamtym roku w Pile, czy wcze\u015bniej w kadrze Danii, wi\u0119c ten rok by\u0142 dla mnie o wiele spokojniejszy. Oczywi\u015bcie nadal jestem zaanga\u017cowany w moim rodzimym klubie w Brovst. Prywatnie mam wi\u0119cej czasu na sp\u0119dzanie z rodzin\u0105. Jestem podekscytowany nowym do\u015bwiadczeniem, jakim jest bycie dziadkiem.<\/p>\n<p> <img role=\"presentation\" src=\"https:\/\/std.wpcdn.pl\/images\/adv\/placeholder_wp.svg\" loading=\"lazy\" alt=\"\" decoding=\"async\"\/>  <\/p>\n<p class=\"contentpart contentpart--default contentpart--text\" data-position=\"2\">Z klubem <a href=\"https:\/\/sportowefakty.wp.pl\/zuzel\/nordjysk-elite-speedway\" rel=\"nofollow noopener\" target=\"_blank\">Nordjysk Elite Speedway<\/a>\u00a0organizowali\u015bmy w tym roku rund\u0119 Indywidualnych Mistrzostw Danii, a w przysz\u0142ym roku m\u00f3j macierzysty o\u015brodek wraca do ligi. Jestem cz\u0119\u015bci\u0105 tego projektu. Rund\u0119 ogl\u0105da\u0142o ok. 6,5 tysi\u0105ca widz\u00f3w, co jest bardzo dobrym wynikiem. My\u015bl\u0119, \u017ce nasza praca przynosi efekty i cieszymy si\u0119 ze swoich sukces\u00f3w. Patrzymy te\u017c na ogl\u0105dalno\u015b\u0107 \u017cu\u017cla w transmisjach, co daje nam powody do optymizmu. Chcemy jeszcze bardziej zach\u0119ci\u0107 ludzi do ogl\u0105dania tego sportu. Zobaczymy jak to wyjdzie w nast\u0119pnym roku, ale my\u015bl\u0119, \u017ce mamy ciekawy zesp\u00f3\u0142, w kt\u00f3rych s\u0105 zawodnicy st\u0105d. Rozmawiali\u015bmy te\u017c z \u017cu\u017clowcami Grand Prix, ale nie jeste\u015bmy jeszcze w stanie spe\u0142ni\u0107 wszystkich wymaga\u0144.<\/p>\n<p class=\"contentpart contentpart--default contentpart--text\" data-position=\"3\">ZOBACZ WIDEO: Jeszcze niedawno narzeka\u0142 na przygotowanie toru. Teraz to go b\u0119d\u0105 mogli krytykowa\u0107<\/p>\n<p class=\"contentpart contentpart--default contentpart--text\" data-position=\"5\">Mo\u017cna powiedzie\u0107, \u017ce jestem dyrektorem sportowym. Nie by\u0142em ju\u017c zainteresowany rol\u0105 pierwszego trenera. Ta funkcja przypad\u0142a Mike\u2019owi Johnstonowi, kt\u00f3ry z powodzeniem prowadzi\u0142 Region Varde. Ma bardzo du\u017ce do\u015bwiadczenie, kt\u00f3re b\u0119dzie dla nas niezb\u0119dne. Zebra\u0142 zesp\u00f3\u0142, oczywi\u015bcie konsultujemy razem kwestie finansowe i organizacyjne, \u017ceby to mia\u0142o r\u0119ce i nogi. Mamy <a href=\"https:\/\/sportowefakty.wp.pl\/zuzel\/tobias-thomsen\" rel=\"nofollow noopener\" target=\"_blank\">Tobiasa Thomsena<\/a>, cz\u0142owieka st\u0105d, kt\u00f3ry ma ju\u017c do\u015bwiadczenie z ligi angielskiej. Bardzo dobrze, \u017ce w lidze b\u0119dzie osiem ekip, a liga b\u0119dzie transmitowana, wi\u0119c kibice z Polski te\u017c b\u0119d\u0105 mogli j\u0105 ogl\u0105da\u0107, za niezbyt wyg\u00f3rowan\u0105 cen\u0119.<\/p>\n<p> <img role=\"presentation\" src=\"https:\/\/std.wpcdn.pl\/images\/adv\/placeholder_wp.svg\" loading=\"lazy\" alt=\"\" decoding=\"async\"\/>  <\/p>\n<p class=\"contentpart contentpart--default contentpart--text\" data-position=\"6\">Mamy Luise Funch-Larsen, kt\u00f3ra z powodzeniem \u015bciga\u0142a si\u0119 FIM Woman Speedway World Trophy, jej starszy brat robi post\u0119py, by\u0107 mo\u017ce nied\u0142ugo b\u0119dzie w pierwszym sk\u0142adzie naszej ekipy. Mam nadziej\u0119, \u017ce b\u0119dzie dobr\u0105 zawodniczk\u0105 w przysz\u0142o\u015bci, staram si\u0119, aby dobrze si\u0119 rozwija\u0142a. Dbamy o szkolenie, mamy reprezentant\u00f3w w SGP4 czy innych kategoriach. Chcemy zach\u0119ca\u0107 rodzic\u00f3w i ich pociechy, \u017ceby uczestniczyli w \u017cu\u017clowych wydarzeniach, a cz\u0119\u015b\u0107 z nich do\u0142\u0105czy\u0142a do naszej spo\u0142eczno\u015bci.<\/p>\n<p class=\"contentpart contentpart--default contentpart--text\" data-position=\"7\">W tym roku przez pa\u0144skie socialmedia przewin\u0119\u0142o si\u0119 wiele informacji, ale najwa\u017cniejsz\u0105 by\u0142a organizacja wystawy po\u015bwi\u0119conej pa\u0144skiej karierze. Zebrane trofea robi\u0105 ogromne wra\u017cenie. Prosz\u0119 powiedzie\u0107 jak pan wspomina otwarcie ekspozycji? <\/p>\n<p class=\"contentpart contentpart--default contentpart--text\" data-position=\"8\">To by\u0142 niesamowity dzie\u0144 dla mnie. Pojawi\u0142o si\u0119 wiele os\u00f3b, by\u0142o du\u017ce zainteresowanie telewizji, prasy, dziennikarzy czy w\u0142adz regionu. Dotychczas wi\u0119kszo\u015b\u0107 moich pami\u0105tek, \u017cu\u017clowego dobytku trzyma\u0142em na strychu. Jeden z moich koleg\u00f3w Henrik, z kt\u00f3rym je\u017adzi\u0142em na \u017cu\u017clu kupi\u0142 hotel, jakie\u015b 20 minut jazdy od mojego domu. Zaproponowa\u0142, \u017ce mo\u017ce powinni\u015bmy zebra\u0107 ca\u0142\u0105 kolekcj\u0119 w jednym miejscu i j\u0105 godnie zaprezentowa\u0107. Wykona\u0142 fantastyczn\u0105 prac\u0119, za co nale\u017c\u0105 mu si\u0119 gratulacje. W<a href=\"https:\/\/hotelhvideklit.dk\/galleri\/hans-nielsen\" rel=\"nofollow noopener\" target=\"_blank\">ystawa ca\u0142y czas jest dost\u0119pna<\/a> i mo\u017cna j\u0105 ogl\u0105da\u0107 w hotelu. Ka\u017cdy mo\u017ce przyjecha\u0107 i j\u0105 zobaczy\u0107. My\u015bl\u0119, \u017ce to b\u0119dzie dodatkowa promocja naszego sportu czy regionu oraz okazja do dyskusji biznesowych. Ka\u017cdy znajdzie co\u015b interesuj\u0105cego dla siebie. Polscy kibice, kt\u00f3rzy pami\u0119taj\u0105 mnie z czas\u00f3w Motoru czy Polonii na pewno te\u017c.<\/p>\n<p> <img role=\"presentation\" src=\"https:\/\/std.wpcdn.pl\/images\/adv\/placeholder_wp.svg\" loading=\"lazy\" alt=\"\" decoding=\"async\"\/>  <\/p>\n<p class=\"contentpart contentpart--default contentpart--text\" data-position=\"9\">Pierwsze wywalczone z\u0142oto indywidualnych mistrzostw \u015bwiata jest niepowtarzalne. Nie ma, co to tego w\u0105tpliwo\u015bci, ale czy robi\u0105c porz\u0105dki w swojej ogromnej kolekcji natrafi\u0142 pan na co\u015b wyj\u0105tkowego, co sprawi\u0142o u\u015bmiech na pana twarzy?\u00a0<\/p>\n<p class=\"contentpart contentpart--default contentpart--text\" data-position=\"10\">Wyci\u0105gaj\u0105c paczki z plastronami i wywieszaj\u0105c je w ogrodzie przed uruchomieniem wystawy wpad\u0142o mi wiele wspomnie\u0144, przy cz\u0119\u015bci z nich cz\u0119sto si\u0119 zastanawia\u0142em, czy rzeczywi\u015bcie tam jecha\u0142em (u\u015bmiech).  Zwyci\u0119stwo w mistrzostwach \u015bwiata w 1986 w Chorzowie ma szczeg\u00f3lne miejsce w mojej pami\u0119ci. Na wystawie tak\u017ce ma swoje szczeg\u00f3lne miejsce, po\u015brodku ekspozycji, gdy\u017c to bardzo istotny element mojego \u017cycia. Kosztowa\u0142o mnie to du\u017co pracy, wysi\u0142ku, szczeg\u00f3lnie po tym jak dwukrotnie by\u0142em drugi. Uhonorowa\u0142em ten tytu\u0142 jako najwi\u0119kszy sukces i najlepsze wspomnienie mojej kariery.<\/p>\n<p class=\"contentpart contentpart--default contentpart--text\" data-position=\"11\">Jest pan 22-krotnym mistrzem \u015bwiata w r\u00f3\u017cnych kategoriach czarnego sportu. W prywatnym \u017cyciu odnalaz\u0142 si\u0119 pan w roli m\u0119\u017ca, ojca, a teraz przysz\u0142a nowa, dziadka. Prosz\u0119 powiedzie\u0107, jakie uczucia towarzysz\u0105 panu? Jak si\u0119 pan spe\u0142nia w nowym wydaniu?<\/p>\n<p> <img role=\"presentation\" src=\"https:\/\/std.wpcdn.pl\/images\/adv\/placeholder_wp.svg\" loading=\"lazy\" alt=\"\" decoding=\"async\"\/>  <\/p>\n<p class=\"contentpart contentpart--default contentpart--text\" data-position=\"12\">W drugiej cz\u0119\u015bci mojej kariery zosta\u0142em ojcem, a to by\u0142o dla mnie co\u015b wyj\u0105tkowego. Gdy zosta\u0142em nim po raz pierwszy, to by\u0142o bardzo podobne uczucie jakbym wygra\u0142 mistrzostwo \u015bwiata. Nie zamieni\u0142bym tego na nic innego. To najwi\u0119ksza rado\u015b\u0107 w \u017cyciu prywatnym, by by\u0107 ojcem. Bycie dziadkiem to wspania\u0142a okazja, by si\u0119 cieszy\u0107. Fantastyczne do\u015bwiadczenie, sprawia mi to wiele przyjemno\u015bci. C\u00f3rka i zi\u0119\u0107 mieszkaj\u0105 niedaleko od nas i widzimy si\u0119 przynajmniej raz w tygodniu. Niesamowite jest widzie\u0107 takiego ma\u0142ego cz\u0142owieka, jak ro\u015bnie i si\u0119 zmienia. Pewnego dnia pewnie zobaczy moj\u0105 wystaw\u0119 w muzeum (u\u015bmiech).<\/p>\n<p class=\"contentpart contentpart--default contentpart--text\" data-position=\"13\">Przejd\u017amy do tego, co dzia\u0142o si\u0119 w Polsce. Klub, z kt\u00f3rym si\u0119gn\u0105\u0142 pan po dru\u017cynowe mistrzostwo Polski w 1999, uzyska\u0142 awans do <a href=\"https:\/\/sportowefakty.wp.pl\/zuzel\/i-liga\" rel=\"nofollow noopener\" target=\"_blank\">Metalkas 2. Ekstraligi<\/a>. Rok temu b\u0119d\u0105c trenerem <a href=\"https:\/\/sportowefakty.wp.pl\/zuzel\/pronergy-polonia-pila\" rel=\"nofollow noopener\" target=\"_blank\">Pronergy Polonia Pi\u0142a<\/a>\u00a0walczy\u0142 pan o to samo. Zesp\u00f3\u0142 sprawi\u0142 mi\u0142\u0105 niespodziank\u0119, bo wi\u0119cej szans dawano np. Wybrze\u017cu Gda\u0144sk czy Startowi Gniezno. <\/p>\n<p class=\"contentpart contentpart--default contentpart--text\" data-position=\"14\">Mam nadziej\u0119, \u017ce uda\u0142o mi si\u0119 wnie\u015b\u0107 co\u015b pozytywnego. Dla mnie to by\u0142a znakomita sprawa, \u017ce mog\u0142em wr\u00f3ci\u0107 do Pi\u0142y w innej roli. Na pewno tamten sezon nie potoczy\u0142 si\u0119 do ko\u0144ca tak jakby\u015bmy chcieli, ale od pocz\u0105tku by\u0142em przekonany, \u017ce jako klub, Polonia Pi\u0142a idzie w dobrym kierunku. Wida\u0107 to by\u0142o po dobrej atmosferze, organizacji czy zarz\u0105dzaniu. Kwestie finansowe s\u0105 bardzo istotne, wielokrotnie to powtarzam podczas naszych narad biznesowych w Brovst. Wiem, \u017ce w Pile trzeba by\u0142o wykona\u0107 du\u017co pracy pod tym wzgl\u0119dem. Bardzo mnie cieszy, \u017ce u\u0142o\u017cy\u0142o si\u0119 to dobrze i zesp\u00f3\u0142 awansowa\u0142 do wy\u017cszej ligi. Dob\u00f3r odpowiednich zawodnik\u00f3w, mniej uraz\u00f3w, troszk\u0119 szcz\u0119\u015bcia, kt\u00f3re trzeba mie\u0107 w sporcie i awans jest tego efektem.<\/p>\n<p> <img role=\"presentation\" src=\"https:\/\/std.wpcdn.pl\/images\/adv\/placeholder_wp.svg\" loading=\"lazy\" alt=\"\" decoding=\"async\"\/>  <\/p>\n<p class=\"contentpart contentpart--default contentpart--text\" data-position=\"15\">Polonia Pi\u0142a na pewno poka\u017ce charakter. Ma ciekawych reprezentant\u00f3w np. <a href=\"https:\/\/sportowefakty.wp.pl\/zuzel\/matias-nielsen\" rel=\"nofollow noopener\" target=\"_blank\">Matiasa Nielsena<\/a>\u00a0czy <a href=\"https:\/\/sportowefakty.wp.pl\/zuzel\/benjamin-basso\" rel=\"nofollow noopener\" target=\"_blank\">Benjamina Basso<\/a>, a na U-24 <a href=\"https:\/\/sportowefakty.wp.pl\/zuzel\/wiliam-drejer\" rel=\"nofollow noopener\" target=\"_blank\">William Drejer<\/a>. Najwa\u017cniejsze b\u0119dzie pozostanie w lidze, a mo\u017ce i da si\u0119 uzyska\u0107 co\u015b wi\u0119cej. Mam nadziej\u0119, \u017ce jazda na zapleczu Ekstraligi i transmisje telewizyjne pomog\u0105 klubowi zbudowa\u0107 dobre zaplecze sponsorskie i zach\u0119ci\u0107 jeszcze bardziej ludzi do tego, by byli z t\u0105 dru\u017cyn\u0105. Czekam z niecierpliwo\u015bci\u0105 jak to b\u0119dzie si\u0119 toczy\u0142o.<\/p>\n<p class=\"contentpart contentpart--default contentpart--text\" data-position=\"16\">W tym roku min\u0119\u0142o 35 lat od <a href=\"https:\/\/sportowefakty.wp.pl\/zuzel\/1180917\/eskortowal-go-kordon-policji-mysleli-ze-to-zart-na-prima-aprilis\" rel=\"nofollow noopener\" target=\"_blank\">pana debiutu w polskiej lidze<\/a>. Pojawia\u0142 si\u0119 pan w Lublinie kilkukrotnie. \u015aledzi pan losy <a href=\"https:\/\/sportowefakty.wp.pl\/zuzel\/orlen-oil-motor-lublin\" rel=\"nofollow noopener\" target=\"_blank\">Orlen Oil Motoru Lublin<\/a>, kt\u00f3ry do\u015b\u0107 nieoczekiwanie nie wygra\u0142 z\u0142otego medalu, a wielu wr\u0119cz wpycha\u0142o mu z\u0142oty medal do r\u0105k. Motor zaliczy\u0142 tylko dwie pora\u017cki w sezonie, przegrywaj\u0105c raz z <a href=\"https:\/\/sportowefakty.wp.pl\/zuzel\/pres-grupa-deweloperska-torun\" rel=\"nofollow noopener\" target=\"_blank\">PRES Grupa Deweloperska Toru\u0144<\/a>\u00a0w rundzie zasadniczej, a p\u00f3\u017aniej w finale. Jednak ta druga pora\u017cka bola\u0142a znacznie bardziej.<\/p>\n<p class=\"contentpart contentpart--default contentpart--text\" data-position=\"17\">Z ogromn\u0105 przyjemno\u015bci\u0105 obejrza\u0142em rewan\u017c fina\u0142u na stadionie w Lublinie. Oczywi\u015bcie przed spotkaniem ka\u017cdy wiedzia\u0142, \u017ce Lublin b\u0119dzie musia\u0142 wznie\u015b\u0107 si\u0119 na wy\u017cyny swoich umiej\u0119tno\u015bci. Strata 18 punkt\u00f3w sprawia\u0142a, \u017ce b\u0119d\u0105 mieli bardzo pod g\u00f3r\u0119. Toru\u0144 wygl\u0105da\u0142 na bardzo solidny zesp\u00f3\u0142 i to utrudnia\u0142o spraw\u0119.<\/p>\n<p class=\"contentpart contentpart--default contentpart--text\" data-position=\"18\">Ja jednak patrz\u0119 na to, co si\u0119 dzieje w klubie, jak Kuba K\u0119pa krok po kroku budowa\u0142 t\u0119 dru\u017cyn\u0119, kt\u00f3ra dosz\u0142a do tak ogromnych sukces\u00f3w. Jak \u015bci\u0105ga\u0142 zawodnik\u00f3w, a oni podnosili sw\u00f3j poziom. My\u015bl\u0119, \u017ce Lublin jest z tego znany. To nie jest tylko kwestia podpisania kontrakt\u00f3w z dobrymi \u017cu\u017clowcami, ale profesjonalna pomoc. Poznali\u015bmy najwi\u0119ksz\u0105 warto\u015b\u0107 tych \u017cu\u017clowc\u00f3w. To klub, kt\u00f3ry ma wszystko pouk\u0142adane, a Kuba ze swoimi wsp\u00f3\u0142pracownikami dba o sk\u0142ad, aby tam niczego nie zabrak\u0142o. Wida\u0107 to wsparcie na ka\u017cdym kroku. Sumuj\u0105c przygotowania organizacyjne, finansowe, psychologiczne, budowanie atmosfery mi\u0119dzy dru\u017cyn\u0105, kibicami i sponsorami wida\u0107, \u017ce to o\u015brodek, kt\u00f3ry zas\u0142uguje, by osi\u0105ga\u0107 sukcesy.<\/p>\n<p class=\"contentpart contentpart--default contentpart--text\" data-position=\"19\">Na pewno szkoda, \u017ce Motor Lublin przegra\u0142 t\u0119 rywalizacj\u0119, ale taki jest sport. Wielkie gratulacje dla PRES Toru\u0144 za sukces.\u00a0Cz\u0119\u015b\u0107 kibic\u00f3w w kraju ucieszy\u0142a si\u0119, \u017ce jedna dru\u017cyna przesta\u0142a wszystko wygrywa\u0107. W ka\u017cdym sporcie tak jest, \u017ce niekt\u00f3rym nie podoba si\u0119, \u017ce wszystko zdobywa jeden zesp\u00f3\u0142.\u00a0W Lublinie na pewno chcieliby cofn\u0105\u0107 czas, naprawi\u0107 to i zdoby\u0107 kolejny z\u0142oty medal. Tego si\u0119 nie da, jednak to da im pozytywny bodziec do walki o kolejne sukcesy, ch\u0119\u0107 odzyskania tytu\u0142u b\u0119dzie ogromna. Motor wci\u0105\u017c ma bardzo solidny sk\u0142ad i b\u0119d\u0105 mieli spore szanse na z\u0142oto.<\/p>\n<p class=\"contentpart contentpart--default contentpart--text\" data-position=\"20\">Jak pan oceni spotkania fina\u0142owe? 18 punkt\u00f3w straty to dla toru\u0144skich Anio\u0142\u00f3w by\u0142a znakomita zaliczka. Lublinianie dokonywali ju\u017c podobnych comeback\u00f3w, ale wiadomo, \u017ce wyj\u015b\u0107 z takich k\u0142opot\u00f3w nie by\u0142o \u0142atwo. Tym razem si\u0119 nie uda\u0142o. <\/p>\n<p class=\"contentpart contentpart--default contentpart--text\" data-position=\"21\">Zdecydowanie nie. Toru\u0144 pojecha\u0142 bardzo dobry mecz, a maj\u0105c tak\u0105 zaliczk\u0119 i takich zawodnik\u00f3w mo\u017cesz liczy\u0107 na jej obronienie. Szczeg\u00f3lnie jak masz mocnych lider\u00f3w, kt\u00f3rzy zrobi\u0105 robot\u0119 przy rezerwach taktycznych. Lublinowi niewiele zabrak\u0142o, jednak te cztery punkty by\u0142y decyduj\u0105ce. By\u0142o kilka wyklucze\u0144, kt\u00f3re mia\u0142y wp\u0142yw na ko\u0144cowy wynik. Zabrak\u0142o troch\u0119 szcz\u0119\u015bcia, s\u0119dzia m\u00f3g\u0142 podejmowa\u0107 inne decyzje, ale robi to co uwa\u017ca za s\u0142uszne. Czasem tak bywa w sporcie, ale miejmy nadziej\u0119, \u017ce za rok uda im si\u0119 odzyska\u0107 tytu\u0142.<\/p>\n<p>  <img decoding=\"async\" src=\"https:\/\/www.europesays.com\/pl\/wp-content\/uploads\/2025\/12\/Nzc1OTIuYRsCUzlnZg5sDkELbT0gV2JYFhN1dmZCeUobHjwyZBIvFg9UPS1nAj4ZB19hJCVaPhIMRSAnZkN3TgYCK2F_RX8cUwh-.jpeg\" alt=\"\u0179r\u00f3d\u0142o: hotelhvideklit.dk\" width=\"770\" height=\"\" loading=\"lazy\"\/> \u0179r\u00f3d\u0142o: hotelhvideklit.dk  <\/p>\n<p class=\"contentpart contentpart--default contentpart--text\" data-position=\"23\">Kiedy\u015b Motor Lublin przyje\u017cd\u017ca\u0142 na <a href=\"https:\/\/sportowefakty.wp.pl\/areny\/motoarena-torun-im-mariana-rosego\" rel=\"nofollow noopener\" target=\"_blank\">Motoaren\u0119 <\/a><a href=\"https:\/\/sportowefakty.wp.pl\/areny\/motoarena-torun-im-mariana-rosego\" rel=\"nofollow noopener\" target=\"_blank\">im. Mariana Rosego<\/a>\u00a0Motoaren\u0119 i by\u0142 w stanie odnosi\u0107 zwyci\u0119stwa. Od ubieg\u0142ego roku wida\u0107, \u017ce ten tor nie le\u017cy lublinianom. Sk\u0105d Motor ma taki du\u017cy problem, by poradzi\u0107 sobie w Toruniu? Wydawa\u0142oby si\u0119, \u017ce tacy \u017cu\u017clowcy jak <a href=\"https:\/\/sportowefakty.wp.pl\/zuzel\/fredrik-lindgren\" rel=\"nofollow noopener\" target=\"_blank\">Fredrik Lindgren<\/a>, kt\u00f3ry uwielbia si\u0119 \u015bciga\u0107 na takich obiektach oraz <a href=\"https:\/\/sportowefakty.wp.pl\/zuzel\/jack-holder\" rel=\"nofollow noopener\" target=\"_blank\">Jack Holder<\/a>, kt\u00f3ry sp\u0119dzi\u0142 tam kilka lat nie b\u0119d\u0105 mie\u0107 problemu. <\/p>\n<p class=\"contentpart contentpart--default contentpart--text\" data-position=\"24\">Trudno powiedzie\u0107. Ogl\u0105da\u0142em to spotkanie, ale nie mog\u0142em znale\u017a\u0107 jakiej\u015b konkretnej przyczyny. By\u0107 mo\u017ce Toru\u0144 odnalaz\u0142 idealne ustawienia na sw\u00f3j tor. Dopasowali si\u0119, tworz\u0105c ze swojego toru prawdziwy atut. Zawodnicy przygotowuj\u0105 sprz\u0119t pod siebie, a czasami to mo\u017ce kompletnie nie pasowa\u0107 w konkretnym miejscu. Jedziesz wyjazdowy mecz na jakim\u015b torze i odnajdujesz si\u0119 znakomicie, potem przychodzi kolejne spotkanie na innym torze, gdzie ci nie idzie, cho\u0107 robisz wszystko, by ci si\u0119 uda\u0142o. Nie mam w\u0105tpliwo\u015bci, \u017ce w Lublinie by\u0142a odpowiednia motywacja i mobilizacja przed tym pojedynkiem. Lublin jest mocny u siebie, nie powiedzia\u0142bym, \u017ce jego specyfika utrudnia Motorowi jazd\u0119 na wyje\u017adzie. Za moich czas\u00f3w w Lublinie trudniej si\u0119 wyprzedza\u0142o, a tor na \u0142ukach by\u0142 du\u017co w\u0119\u017cszy. Teraz jest wystarczaj\u0105co szeroki, by nie zabrak\u0142o dobrych mijanek. Tak jak m\u00f3wi\u0142e\u015b, Toru\u0144 jest wyj\u0105tkowym torem w skali kraju, ale reszta tor\u00f3w niczym nie odstaje, s\u0105 r\u00f3wne dla ka\u017cdego i dobrze przygotowane.<\/p>\n<p class=\"contentpart contentpart--default contentpart--text\" data-position=\"25\">Kolejny sezon zapowiada si\u0119 niezwykle ciekawie, bowiem rynek transferowy by\u0142 bardzo aktywny i dosz\u0142o do przetasowa\u0144 w sk\u0142adach. Motor Lublin nadal b\u0119dzie w gronie faworyt\u00f3w, ale ju\u017c nie z pozycj\u0105 dominuj\u0105c\u0105. Jak pan ocenia si\u0142\u0119 tej dru\u017cyny? <\/p>\n<p class=\"contentpart contentpart--default contentpart--text\" data-position=\"26\">Nast\u0105pi\u0142y pewne zmiany. Lublin straci\u0142 dw\u00f3ch dobrych zawodnik\u00f3w, ale pozyska\u0142 dw\u00f3ch r\u00f3wnie mocnych. Pod tym wzgl\u0119dem nie uwa\u017cam, \u017ce dru\u017cyna b\u0119dzie s\u0142absza. Pewn\u0105 r\u00f3\u017cnic\u0119 mo\u017ce zrobi\u0107 odej\u015bcie <a href=\"https:\/\/sportowefakty.wp.pl\/minizuzel\/wiktor-przyjemski\" rel=\"nofollow noopener\" target=\"_blank\">Wiktora Przyjemskiego<\/a>\u00a0do <a href=\"https:\/\/sportowefakty.wp.pl\/zuzel\/polonia-bydgoszcz\" rel=\"nofollow noopener\" target=\"_blank\">Abramczyk Polonii Bydgoszcz<\/a>. To b\u0119dzie trudne, by go zast\u0105pi\u0107, wi\u0119c b\u0119dzie to wyzwanie dla klubu. Ca\u0142o\u015bciowo Lublin b\u0119dzie nadal silny, a w tej dru\u017cynie przecie\u017c wci\u0105\u017c s\u0105 rezerwy i nie ka\u017cdy\u00a0da\u0142\u00a0jeszcze maksimum mo\u017cliwo\u015bci.<\/p>\n<p class=\"contentpart contentpart--default contentpart--text\" data-position=\"27\">Nast\u0105pi\u0142a wymiana lider\u00f3w, Holdera oraz <a href=\"https:\/\/sportowefakty.wp.pl\/zuzel\/dominik-kubera\" rel=\"nofollow noopener\" target=\"_blank\">Dominika Kuber\u0119\u00a0<\/a>\u00a0zast\u0105pili <a href=\"https:\/\/sportowefakty.wp.pl\/zuzel\/kacper-woryna\" rel=\"nofollow noopener\" target=\"_blank\">Kacper Woryna<\/a>\u00a0i <a href=\"https:\/\/sportowefakty.wp.pl\/zuzel\/martin-vaculik\" rel=\"nofollow noopener\" target=\"_blank\">Martina Vaculika<\/a>. Co pan s\u0105dzi o S\u0142owaku? <\/p>\n<p class=\"contentpart contentpart--default contentpart--text\" data-position=\"28\">My\u015bl\u0119, \u017ce to b\u0119dzie dobra decyzja, by na chwil\u0119 zej\u015b\u0107 ze sceny z GP. Uwolni\u0107 sw\u00f3j potencja\u0142 na nowo, przeorganizowa\u0107 si\u0119, zapomnie\u0107 o trudnych sezonach zar\u00f3wno sportowo, jak i finansowo. W Lublinie b\u0119dzie mia\u0142 wszystko zagwarantowane, wi\u0119c b\u0119dzie m\u00f3g\u0142 w pe\u0142ni si\u0119 skupi\u0107 na sobie. My\u015bl\u0119, \u017ce w przysz\u0142ym roku zobaczymy jedn\u0105 z jego najlepszych wersji. Trafi\u0142 do dobrego miejsca, bo widzimy, \u017ce kto tu nie trafi to odbudowuje si\u0119 i robi dobre wyniki.<\/p>\n<p class=\"contentpart contentpart--default contentpart--text\" data-position=\"29\">Co do stylu? Jednego dnia potrafi by\u0107 nie do ugryzienia, ale innego te\u017c zdarza mu si\u0119 zawie\u015b\u0107. S\u0105 pewne wzloty i upadki, ale to nadal znakomity \u017cu\u017clowiec. Ma swoj\u0105 regularno\u015b\u0107 do poprawy, ale w Lublinie b\u0119dzie mia\u0142 do tego odpowiednie warunki. Brak GP daje mu spok\u00f3j do tego, by wr\u00f3ci\u0107 silniejszym. Nabierze wi\u0119kszej pewno\u015bci siebie i wr\u00f3ci do cyklu za jaki\u015b czas.<\/p>\n<p class=\"contentpart contentpart--default contentpart--text\" data-position=\"30\">Drugim transferem Motoru jest <a href=\"https:\/\/sportowefakty.wp.pl\/zuzel\/kacper-woryna\" rel=\"nofollow noopener\" target=\"_blank\">Kacper Woryna<\/a>, kt\u00f3ry dosta\u0142 si\u0119 do cyklu SGP 2025. Niekt\u00f3rzy uwa\u017caj\u0105, \u017ce jego czas jeszcze nie nadszed\u0142 i drzemi\u0105 w nim spore mo\u017cliwo\u015bci. <\/p>\n<p class=\"contentpart contentpart--default contentpart--text\" data-position=\"31\">Mo\u017ce nie \u015bledzi\u0142em zbyt intensywnie jego kariery, ale ostatnie lata pokazuj\u0105, \u017ce idzie w dobrym kierunku. Sporo w\u0142o\u017conej pracy, doj\u015bcie do celu krok po kroku. Medal SEC, awans do GP. Tym sposobem zbli\u017ca si\u0119 do tej \u015bcis\u0142ej czo\u0142\u00f3wki. By\u0107 mo\u017ce jest jeszcze troch\u0119 niedoceniany. B\u0119dzie dla mnie bardzo ciekawe czy zrobi kolejny krok w karierze i w\u0142\u0105czy si\u0119 do rywalizacji z gwiazdami tego sportu. W GP na pewno du\u017co si\u0119 nauczy.<\/p>\n<p class=\"contentpart contentpart--default contentpart--text\" data-position=\"32\">Po prze\u0142amaniu dominacji Motoru niekt\u00f3rzy si\u0119 zastanawiaj\u0105, czy pozosta\u0142e zespo\u0142y uwierz\u0105 w siebie po triumfie torunian i w\u0142\u0105cz\u0105 si\u0119 do walki o czo\u0142owe lokaty oraz b\u0119d\u0105 w stanie napsu\u0107 krwi tym najsilniejszym? <\/p>\n<p class=\"contentpart contentpart--default contentpart--text\" data-position=\"33\">Na pewno dobrze dla ca\u0142ej dyscypliny jest, gdy mamy silne i wyr\u00f3wnane ekipy, kt\u00f3re s\u0105 w stanie rywalizowa\u0107 na najwy\u017cszym poziomie. To nakr\u0119ca wszystkich kibic\u00f3w. W tym roku bardzo dobrze pojecha\u0142 Toru\u0144, Wroc\u0142aw naciska na tytu\u0142 od kilku sezon\u00f3w. By\u0107 mo\u017ce kto\u015b w\u0142\u0105czy si\u0119 do tego grona. Zielona G\u00f3ra ze swoim zapleczem i organizacj\u0105 mo\u017ce namiesza\u0107. Nie ma co przekre\u015bla\u0107 Grudzi\u0105dza czy Gorzowa.<\/p>\n<p class=\"contentpart contentpart--default contentpart--text\" data-position=\"34\">Wspomnia\u0142 pan, \u017ce Przyjemskiego b\u0119dzie trudno zast\u0105pi\u0107, ale czy da si\u0119 to zrobi\u0107? <a href=\"https:\/\/sportowefakty.wp.pl\/zuzel\/bartosz-banbor\" rel=\"nofollow noopener\" target=\"_blank\">Bartosz Ba\u0144bor<\/a>\u00a0i <a href=\"https:\/\/sportowefakty.wp.pl\/zuzel\/bartosz-jaworski\" rel=\"nofollow noopener\" target=\"_blank\">Bartosz Jaworski<\/a>\u00a0raczej w jego buty nie wejd\u0105, ale mog\u0105 napisa\u0107 swoj\u0105 histori\u0119. <\/p>\n<p class=\"contentpart contentpart--default contentpart--text\" data-position=\"35\">To jest g\u0142\u00f3wne pytanie, czy juniorzy b\u0119d\u0105 w stanie go zast\u0105pi\u0107? Czasem mo\u017ce si\u0119 to okaza\u0107 na granicy zwyci\u0119stwa b\u0105d\u017a pora\u017cki ca\u0142ej dru\u017cyny.  To b\u0119dzie bardzo ciekawe, bo czasami seniorzy b\u0119d\u0105 musieli nadrobi\u0107, by uda\u0142o si\u0119 wygra\u0107 mecz na styku. Wszystko przed nimi, ale nie ma co ich skre\u015bla\u0107.<\/p>\n<p class=\"contentpart contentpart--default contentpart--text\" data-position=\"36\">Czy uwa\u017ca pan, \u017ce Przyjemski podj\u0105\u0142 dobr\u0105 decyzj\u0119? By\u0142 najlepszym juniorem w <a href=\"https:\/\/sportowefakty.wp.pl\/zuzel\/pge-ekstraliga\" rel=\"nofollow noopener\" target=\"_blank\">PGE Ekstralidze<\/a>, a schodzi do ni\u017cszej ligi. Czy to b\u0119dzie dobre dla jego dalszego rozwoju? <\/p>\n<p class=\"contentpart contentpart--default contentpart--text\" data-position=\"37\">Najbardziej z tej decyzji b\u0119d\u0105 si\u0119 cieszy\u0107 kibice bydgoscy. Dla lokalnej spo\u0142eczno\u015bci lepsze jest, gdy mog\u0105 si\u0119 identyfikowa\u0107 i wspiera\u0107 zawodnika st\u0105d. Bydgoszcz skorzysta nie tylko na wynikach, ale i wizerunkowo.<\/p>\n<p class=\"contentpart contentpart--default contentpart--text\" data-position=\"38\">Oczywi\u015bcie, najlepszym wyj\u015bciem jest jazda w Ekstralidze, bo sprawdzanie si\u0119 z czo\u0142\u00f3wk\u0105 jest idealnym wyj\u015bciem do rozwoju, ale trzeba te\u017c zrozumie\u0107, \u017ce ma tutaj sponsor\u00f3w, wsparcie rodziny, kibic\u00f3w. Przychodzi tu z nadziej\u0105 na awans, na kt\u00f3ry klub nie mo\u017ce si\u0119 doczeka\u0107. B\u0119dzie olbrzymim wzmocnieniem, a jego osoba mo\u017ce tu bardzo pom\u00f3c.<\/p>\n<p class=\"contentpart contentpart--default contentpart--text\" data-position=\"39\">Prezes <a href=\"https:\/\/sportowefakty.wp.pl\/zuzel\/jakub-kepa\" rel=\"nofollow noopener\" target=\"_blank\">Jakub K\u0119pa<\/a>\u00a0budowa\u0142 zesp\u00f3\u0142 przez kilka lat, dokonuj\u0105c kosmetycznych zmian. Ta strategia okaza\u0142a si\u0119 skuteczna. Czy jest pan zaskoczony, \u017ce zawodnicy jak: Kubera czy Holder wybrali inne miejsca, skoro w Lublinie by\u0142o im dobrze, a jednak z powod\u00f3w prywatnych, logistycznych czy ambicjonalnych wybrali inne miejsca? <\/p>\n<p class=\"contentpart contentpart--default contentpart--text\" data-position=\"40\">W pe\u0142ni rozumiem powody \u017cu\u017clowc\u00f3w. Czasami potrzebujesz zmiany, ale to ju\u017c sam musisz wiedzie\u0107 czego potrzebujesz. Oczywi\u015bcie dla kibic\u00f3w najlepiej jest, gdy ogl\u0105daj\u0105 ekip\u0119, kt\u00f3r\u0105 znamy, jest z nami od pewnego czasu, sprawdza si\u0119, wi\u0119c buduje si\u0119 atmosfera mi\u0119dzy kibicami, zawodnikami a klubem. Tak si\u0119 sta\u0142o, \u017ce odeszli, ale Kuba szybko zareagowa\u0142 i zrobi\u0142 co najlepsze, aby dru\u017cyna nadal by\u0142a silna i liczy\u0142a si\u0119 w walce o najwy\u017csze cele.<\/p>\n<p class=\"contentpart contentpart--default contentpart--text\" data-position=\"41\">26 grudnia to pana dzie\u0144. Jako \u017cu\u017clowa spo\u0142eczno\u015b\u0107 sk\u0142adamy panu najserdeczniejsze \u017cyczenia z okazji 66. urodzin. W karierze osi\u0105gn\u0105\u0142 pan w\u0142a\u015bciwie wszystko. Czy po takiej erze, marzy pan jeszcze o jakich\u015b sukcesach? Czy s\u0105 jakie\u015b plany np. podr\u00f3\u017ce, nowe zadania?<\/p>\n<p class=\"contentpart contentpart--default contentpart--text\" data-position=\"42\">B\u0119d\u0105c jeszcze zawodnikiem wi\u0119kszo\u015b\u0107 sko\u0144czonych sezon\u00f3w w Europie oznacza\u0142a jaki\u015b wyjazd, czas na przygotowania do kolejnego, czy to w Australii, USA czy innych miejscach. Napodr\u00f3\u017cowa\u0142em si\u0119 ju\u017c du\u017co. Na ten moment wystarcza mi kr\u00f3tki urlop w Hiszpanii, by pogra\u0107 w golfa, cieszy\u0107 si\u0119 dobr\u0105 pogod\u0105.<\/p>\n<p class=\"contentpart contentpart--default contentpart--text\" data-position=\"43\">Jestem bardzo szcz\u0119\u015bliwy w prywatnym \u017cyciu. Poza tym wykonuje du\u017c\u0105 prac\u0119 dla mojej pierwszej dru\u017cyny, prowadz\u0119 rozmowy ze sponsorami. Chcia\u0142bym, aby\u015bmy krokami dochodzili do sukces\u00f3w, aby\u015bmy byli stabilnym, dobrze zarz\u0105dzanym o\u015brodkiem. Dogl\u0105dam swoich nieruchomo\u015bci. Mam dosy\u0107 intensywny czas. Wiem, ile trudu kosztuje praca trenera kadry czy klubu \u017cu\u017clowego, raczej nie chcia\u0142bym ju\u017c w tym uczestniczy\u0107. Wsparcie przy Grand Prix? By\u0107 mo\u017ce rozwa\u017cy\u0142bym pomoc, kt\u00f3remu\u015b z zawodnik\u00f3w tak, jak pomaga\u0142em kiedy\u015b Leonowi Madsenowi.<\/p>\n<p class=\"contentpart contentpart--default contentpart--text\" data-position=\"44\">Od czasu do czasu fajnie b\u0119dzie obejrze\u0107 na \u017cywo jakie\u015b wa\u017cne wydarzenie jak: runda GP, mecz w Pile czy Lublinie. Nie mam poza tym jakich\u015b wi\u0119kszych ambicji. Chc\u0119 by\u0107 szcz\u0119\u015bliwy i zdrowy, a najwa\u017cniejsze jest dla mnie zdrowie i szcz\u0119\u015bcie moich bliskich.<\/p>\n<p class=\"contentpart contentpart--default contentpart--text\" data-position=\"45\">To by\u0142a pierwsza cz\u0119\u015b\u0107 wywiadu z Hansem Nielsenem, na kolejn\u0105 zapraszamy niebawem.<\/p>\n","protected":false},"excerpt":{"rendered":"Konrad Mazur, WP SportoweFakty: Rok 2025 dobiega ko\u0144ca. Bardzo intensywny i pracowity dla \u017cu\u017clowc\u00f3w. A jak by\u0142o z&hellip;\n","protected":false},"author":2,"featured_media":171707,"comment_status":"","ping_status":"","sticky":false,"template":"","format":"standard","meta":{"footnotes":""},"categories":[24],"tags":[883,33752,3416,3412,33748,1328,10444,4800,33751,3420,33749,2164,42,38,40,39,41,2619,13265,127,126,33750,3414,33753,174],"class_list":{"0":"post-171706","1":"post","2":"type-post","3":"status-publish","4":"format-standard","5":"has-post-thumbnail","7":"category-sport","8":"tag-abramczyk-polonia-bydgoszcz","9":"tag-benjamin-basso","10":"tag-dominik-kubera","11":"tag-fredrik-lindgren","12":"tag-hans-nielsen","13":"tag-jack-holder","14":"tag-kacper-woryna","15":"tag-martin-vaculik","16":"tag-matias-nielsen","17":"tag-motoarena-torun-im-mariana-rosego","18":"tag-nordjysk-elite-speedway","19":"tag-orlen-oil-motor-lublin","20":"tag-pl","21":"tag-poland","22":"tag-polish","23":"tag-polska","24":"tag-polski","25":"tag-pres-grupa-deweloperska-torun","26":"tag-pronergy-polonia-pila","27":"tag-sport","28":"tag-sports","29":"tag-tobias-thomsen","30":"tag-wiktor-przyjemski","31":"tag-william-drejer","32":"tag-zuzel"},"share_on_mastodon":{"url":"https:\/\/pubeurope.com\/@pl\/115785200477573036","error":""},"_links":{"self":[{"href":"https:\/\/www.europesays.com\/pl\/wp-json\/wp\/v2\/posts\/171706","targetHints":{"allow":["GET"]}}],"collection":[{"href":"https:\/\/www.europesays.com\/pl\/wp-json\/wp\/v2\/posts"}],"about":[{"href":"https:\/\/www.europesays.com\/pl\/wp-json\/wp\/v2\/types\/post"}],"author":[{"embeddable":true,"href":"https:\/\/www.europesays.com\/pl\/wp-json\/wp\/v2\/users\/2"}],"replies":[{"embeddable":true,"href":"https:\/\/www.europesays.com\/pl\/wp-json\/wp\/v2\/comments?post=171706"}],"version-history":[{"count":0,"href":"https:\/\/www.europesays.com\/pl\/wp-json\/wp\/v2\/posts\/171706\/revisions"}],"wp:featuredmedia":[{"embeddable":true,"href":"https:\/\/www.europesays.com\/pl\/wp-json\/wp\/v2\/media\/171707"}],"wp:attachment":[{"href":"https:\/\/www.europesays.com\/pl\/wp-json\/wp\/v2\/media?parent=171706"}],"wp:term":[{"taxonomy":"category","embeddable":true,"href":"https:\/\/www.europesays.com\/pl\/wp-json\/wp\/v2\/categories?post=171706"},{"taxonomy":"post_tag","embeddable":true,"href":"https:\/\/www.europesays.com\/pl\/wp-json\/wp\/v2\/tags?post=171706"}],"curies":[{"name":"wp","href":"https:\/\/api.w.org\/{rel}","templated":true}]}}