{"id":171718,"date":"2025-12-26T09:45:12","date_gmt":"2025-12-26T09:45:12","guid":{"rendered":"https:\/\/www.europesays.com\/pl\/171718\/"},"modified":"2025-12-26T09:45:12","modified_gmt":"2025-12-26T09:45:12","slug":"widzowie-ocenili-jubileusz-25-lecia-m-jak-milosc-fala-komentarzy","status":"publish","type":"post","link":"https:\/\/www.europesays.com\/pl\/171718\/","title":{"rendered":"Widzowie ocenili jubileusz 25-lecia &#8222;M jak mi\u0142o\u015b\u0107&#8221;. Fala komentarzy"},"content":{"rendered":"<p class=\"Paragraph_desktopParagraph__U31Gm\">Podczas jubileuszu &#8222;M jak mi\u0142o\u015b\u0107&#8221; nie brakowa\u0142o sentymentalnych chwil i wzrusze\u0144. Wydarzenie u\u015bwietni\u0142y gwiazdy serialu, w\u015br\u00f3d kt\u00f3rych znale\u017ali si\u0119 m.in. Teresa Lipowska, Rafa\u0142 i Marcin Mroczkowie, Anna Mucha oraz Katarzyna Cichopek. Nie zabrak\u0142o r\u00f3wnie\u017c wyst\u0119p\u00f3w muzycznych i zaskakuj\u0105cych inscenizacji inspirowanych dzie\u0142ami polskich wieszcz\u00f3w, m.in. &#8222;Weselem&#8221; Stanis\u0142awa Wyspia\u0144skiego. <a href=\"https:\/\/plejada.pl\/zdjecia-gwiazd\/takiej-katarzyny-cichopek-nie-znacie-zaszalala-na-scenie-w-tvp\/xmb1nrx\" id=\"6a4164a5-fe00-46af-8902-fdff763d0c41\" rel=\"nofollow noopener\" target=\"_blank\">W jednej z nich udzia\u0142 wzi\u0119\u0142a \u017cona Macieja Kurzajewskiego<\/a>, wyst\u0119puj\u0105c w duecie z Robertem G\u00f3rskim.<\/p>\n<ul class=\"OchatFollowUps_wrapper__1ry7X\">\n<li class=\"OchatFollowUps_item__Dhyly OchatFollowUps_itemDesktop__R6aBv\">Kto wyst\u0105pi\u0142 podczas jubileuszu 'M jak mi\u0142o\u015b\u0107&#8217;?<\/li>\n<li class=\"OchatFollowUps_item__Dhyly OchatFollowUps_itemDesktop__R6aBv\">Jakie komentarze zostawiali widzowie po jubileuszu?<\/li>\n<li class=\"OchatFollowUps_item__Dhyly OchatFollowUps_itemDesktop__R6aBv\">Czy Edyta G\u00f3rniak wzbudzi\u0142a zainteresowanie widz\u00f3w?<\/li>\n<li class=\"OchatFollowUps_item__Dhyly OchatFollowUps_itemDesktop__R6aBv\">Jakie emocje towarzyszy\u0142y jubileuszowi 'M jak mi\u0142o\u015b\u0107&#8217;?<\/li>\n<\/ul>\n<p>Widzowie ocenili jubileusz 25-lecia &#8222;M jak mi\u0142o\u015b\u0107&#8221;. Fala komentarzy <\/p>\n<p class=\"Paragraph_desktopParagraph__U31Gm\">Jubileusz by\u0142 dla widz\u00f3w okazj\u0105 do powrotu my\u015blami do minionych odcink\u00f3w serialu i zwi\u0105zanych z nimi wspomnie\u0144, a tak\u017ce do wys\u0142uchania wyst\u0119p\u00f3w znanych artyst\u00f3w. Na scenie zaprezentowali si\u0119 m.in. Edyta G\u00f3rniak oraz Kayah w duecie z Krzysztofem Kilja\u0144skim. Widzowie b\u0142yskawicznie ocenili zar\u00f3wno ca\u0142e wydarzenie, jak i koncerty, dziel\u0105c si\u0119 opiniami w mediach spo\u0142eczno\u015bciowych serialu oraz TVP.<\/p>\n<blockquote>\n<p class=\"Paragraph_desktopParagraph__U31Gm\">Pi\u0119knie zoorganizowany jubileusz&#8230; wzruszaj\u0105cy <\/p>\n<\/blockquote>\n<p class=\"Paragraph_desktopParagraph__U31Gm\">&#8222;Super! Gratulacje dla wszystkich!&#8221;, &#8222;Przepi\u0119kni i cudowni&#8221;, &#8222;Jubileusz fajny. Jak nie ogl\u0105dam od pi\u0119ciu lat, tak lubi\u0119 wspomina\u0107&#8221;, &#8222;Pi\u0119kny Jubileusz! I pierwszy odcinek fajnie si\u0119 ogl\u0105da\u0142o!&#8221;, &#8222;Bardzo fajnie to wyszlo&#8221; \u2014 czytamy.<\/p>\n<p class=\"Paragraph_desktopParagraph__U31Gm\">Szczeg\u00f3lnie wiele komentarzy pojawi\u0142o si\u0119 pod wyst\u0119pem Edyty G\u00f3rniak. Internauci nie kryli zachwytu.<\/p>\n<blockquote>\n<p class=\"Paragraph_desktopParagraph__U31Gm\">Pi\u0119kna dojrza\u0142o\u015b\u0107 i klasa<\/p>\n<\/blockquote>\n<blockquote>\n<p class=\"Paragraph_desktopParagraph__U31Gm\">G\u0142os brzmi niebia\u0144sko. Prze\u015blicznie<\/p>\n<\/blockquote>\n<blockquote>\n<p class=\"Paragraph_desktopParagraph__U31Gm\">Pi\u0119kna piosenka w super wykonaniu przez Edyt\u0119 G\u00f3rniak. Gratulacje i brawo<\/p>\n<\/blockquote>\n<p class=\"Paragraph_desktopParagraph__U31Gm\">&#8222;Nasza bogini, klasa sama w sobie&#8221;, &#8222;Polska kr\u00f3lowa, cudny g\u0142os&#8221;, &#8222;Pi\u0119knie&#8221; \u2014 napisali widzowie.<\/p>\n<p class=\"Paragraph_desktopParagraph__U31Gm\">Dzi\u0119kujemy, \u017ce przeczyta\u0142a\u015b\/e\u015b nasz artyku\u0142 do ko\u0144ca. W serwisie Plejada.pl ka\u017cdego dnia piszemy o najwa\u017cniejszych wydarzeniach show-biznesowych. B\u0105d\u017a na bie\u017c\u0105co i obserwuj Plejad\u0119 w <a rel=\"nofollow noopener\" href=\"http:\/\/news.google.com\/publications\/CAAiEF0PeAlb7W1llpV_mwV2rL4qFAgKIhBdD3gJW-1tZZaVf5sFdqy-?hl=pl&amp;gl=PL&amp;ceid=PL%3Apl\" id=\"95e42726-0373-434a-8cef-32517c4085c8\" target=\"_blank\">Google<\/a>. Odwied\u017a nas tak\u017ce na <a rel=\"nofollow noopener\" href=\"http:\/\/facebook.com\/plejadapl\" id=\"2170da56-0601-4ec6-a9f5-44ff986ad9b1\" target=\"_blank\">Facebooku<\/a> , <a rel=\"nofollow noopener\" href=\"http:\/\/instagram.com\/plejadapl\/\" id=\"a683130a-24f3-44db-ae97-dcb79309c52d\" target=\"_blank\">Instagramie<\/a>, <a rel=\"nofollow noopener\" href=\"http:\/\/youtube.com\/c\/plejada\" id=\"f09cbdc2-9464-4712-864d-e2559bf0508b\" target=\"_blank\">YouTubie<\/a> i <a rel=\"nofollow noopener\" href=\"http:\/\/tiktok.com\/@plejada_pl\" id=\"a0f2ee51-8fc5-49e0-93c9-a26132da7825\" target=\"_blank\">TikToku<\/a>.<\/p>\n<p class=\"Paragraph_desktopParagraph__U31Gm\">Chcesz podzieli\u0107 si\u0119 ciekawym newsem lub zaproponowa\u0107 temat? Skontaktuj si\u0119 z nami, pisz\u0105c maila na adres: plejada@redakcjaonet.pl.<\/p>\n<p><script async src=\"\/\/www.instagram.com\/embed.js\"><\/script><script async src=\"\/\/www.tiktok.com\/embed.js\"><\/script><\/p>\n","protected":false},"excerpt":{"rendered":"Podczas jubileuszu &#8222;M jak mi\u0142o\u015b\u0107&#8221; nie brakowa\u0142o sentymentalnych chwil i wzrusze\u0144. Wydarzenie u\u015bwietni\u0142y gwiazdy serialu, w\u015br\u00f3d kt\u00f3rych znale\u017ali&hellip;\n","protected":false},"author":2,"featured_media":171719,"comment_status":"","ping_status":"","sticky":false,"template":"","format":"standard","meta":{"footnotes":""},"categories":[22],"tags":[14839,122,67,5711,8012,53,52,68,51,55,42,38,40,39,41,123,47,196,3567,50],"class_list":{"0":"post-171718","1":"post","2":"type-post","3":"status-publish","4":"format-standard","5":"has-post-thumbnail","7":"category-rozrywka","8":"tag-edyta_gorniak_piosenkarka","9":"tag-entertainment","10":"tag-intextvideo_splayer","11":"tag-katarzyna_cichopek_aktorka","12":"tag-m_jak_milosc_serial","13":"tag-new_header","14":"tag-onet3","15":"tag-onet3d","16":"tag-onet3d_2i","17":"tag-phx","18":"tag-pl","19":"tag-poland","20":"tag-polish","21":"tag-polska","22":"tag-polski","23":"tag-rozrywka","24":"tag-screening_general","25":"tag-styl_zycia","26":"tag-tvp_telewizja_polska","27":"tag-v2021"},"share_on_mastodon":{"url":"https:\/\/pubeurope.com\/@pl\/115785231478519366","error":""},"_links":{"self":[{"href":"https:\/\/www.europesays.com\/pl\/wp-json\/wp\/v2\/posts\/171718","targetHints":{"allow":["GET"]}}],"collection":[{"href":"https:\/\/www.europesays.com\/pl\/wp-json\/wp\/v2\/posts"}],"about":[{"href":"https:\/\/www.europesays.com\/pl\/wp-json\/wp\/v2\/types\/post"}],"author":[{"embeddable":true,"href":"https:\/\/www.europesays.com\/pl\/wp-json\/wp\/v2\/users\/2"}],"replies":[{"embeddable":true,"href":"https:\/\/www.europesays.com\/pl\/wp-json\/wp\/v2\/comments?post=171718"}],"version-history":[{"count":0,"href":"https:\/\/www.europesays.com\/pl\/wp-json\/wp\/v2\/posts\/171718\/revisions"}],"wp:featuredmedia":[{"embeddable":true,"href":"https:\/\/www.europesays.com\/pl\/wp-json\/wp\/v2\/media\/171719"}],"wp:attachment":[{"href":"https:\/\/www.europesays.com\/pl\/wp-json\/wp\/v2\/media?parent=171718"}],"wp:term":[{"taxonomy":"category","embeddable":true,"href":"https:\/\/www.europesays.com\/pl\/wp-json\/wp\/v2\/categories?post=171718"},{"taxonomy":"post_tag","embeddable":true,"href":"https:\/\/www.europesays.com\/pl\/wp-json\/wp\/v2\/tags?post=171718"}],"curies":[{"name":"wp","href":"https:\/\/api.w.org\/{rel}","templated":true}]}}