{"id":171724,"date":"2025-12-26T09:49:13","date_gmt":"2025-12-26T09:49:13","guid":{"rendered":"https:\/\/www.europesays.com\/pl\/171724\/"},"modified":"2025-12-26T09:49:13","modified_gmt":"2025-12-26T09:49:13","slug":"ziemia-znow-sie-zapadla-nowe-zagrozenie-w-powiecie-olkuskim","status":"publish","type":"post","link":"https:\/\/www.europesays.com\/pl\/171724\/","title":{"rendered":"Ziemia zn\u00f3w si\u0119 zapad\u0142a. Nowe zagro\u017cenie w powiecie olkuskim"},"content":{"rendered":"<p class=\"Paragraph_desktopParagraph__U31Gm\">Chwil\u0119 przed godzin\u0105 15.00 mieszka\u0144cy Podlipia w powiecie olkuskim zauwa\u017cyli niepokoj\u0105ce zjawisko w rejonie ulicy Polnej. Na jezdni i poboczu pojawi\u0142o si\u0119 nowe zapadlisko, kt\u00f3re mog\u0142o stanowi\u0107 zagro\u017cenie dla przechodni\u00f3w oraz kierowc\u00f3w. O zdarzeniu poinformowano s\u0142u\u017cby ratunkowe, a na miejsce niezw\u0142ocznie skierowano zast\u0119py z Komendy Powiatowej Pa\u0144stwowej Stra\u017cy Po\u017carnej w Olkuszu oraz druh\u00f3w z Ochotniczej Stra\u017cy Po\u017carnej w Boles\u0142awiu.<\/p>\n<ul class=\"OchatFollowUps_wrapper__1ry7X\">\n<li class=\"OchatFollowUps_item__Dhyly OchatFollowUps_itemDesktop__R6aBv\">Gdzie wyst\u0105pi\u0142o nowe zapadlisko?<\/li>\n<li class=\"OchatFollowUps_item__Dhyly OchatFollowUps_itemDesktop__R6aBv\">Jakie s\u0142u\u017cby zosta\u0142y wys\u0142ane na miejsce zdarzenia?<\/li>\n<li class=\"OchatFollowUps_item__Dhyly OchatFollowUps_itemDesktop__R6aBv\">Czy s\u0105 jakie\u015b informacje o poszkodowanych?<\/li>\n<li class=\"OchatFollowUps_item__Dhyly OchatFollowUps_itemDesktop__R6aBv\">Jakie s\u0105 przyczyny zapadlisk w regionie Olkusza?<\/li>\n<\/ul>\n<p class=\"Paragraph_desktopParagraph__U31Gm\">Po przybyciu na miejsce stra\u017cacy dokonali rozpoznania sytuacji i zabezpieczyli teren, uniemo\u017cliwiaj\u0105c dost\u0119p os\u00f3b postronnych do niebezpiecznego obszaru. Dzia\u0142ania mia\u0142y na celu zapobie\u017cenie ewentualnym wypadkom oraz dalszym uszkodzeniom infrastruktury. Na ten moment nie ma informacji o osobach poszkodowanych, jednak miejsce pozostaje pod obserwacj\u0105.<\/p>\n<p class=\"Paragraph_desktopParagraph__U31Gm\">Pojawienie si\u0119 zapadliska na Podlipiu wpisuje si\u0119 w szerszy problem, z kt\u00f3rym od lat zmaga si\u0119 Olkusz i okoliczne miejscowo\u015bci. Zapadliska w tym rejonie s\u0105 bezpo\u015brednio zwi\u0105zane z wieloletni\u0105, historyczn\u0105 eksploatacj\u0105 rud cynku i o\u0142owiu. Dawne wyrobiska oraz szyby g\u00f3rnicze, w tym te nale\u017c\u0105ce do zlikwidowanej kopalni &#8222;Olkusz\u2013Pomorzany&#8221;, z biegiem lat ulegaj\u0105 degradacji i zapadaj\u0105 si\u0119, tworz\u0105c kratery stanowi\u0105ce realne zagro\u017cenie dla mieszka\u0144c\u00f3w.<\/p>\n<p class=\"Paragraph_desktopParagraph__U31Gm\">Zjawiska te pojawiaj\u0105 si\u0119 zar\u00f3wno na terenach le\u015bnych, jak w rejonie Hutek czy Boles\u0142awia, jak i w obszarach zurbanizowanych. W przesz\u0142o\u015bci zapadliska wyst\u0119powa\u0142y mi\u0119dzy innymi na osiedlach Glinianki i S\u0142owiki, gdzie konieczne by\u0142y ewakuacje mieszka\u0144c\u00f3w i d\u0142ugotrwa\u0142e dzia\u0142ania s\u0142u\u017cb. Problemem jest r\u00f3wnie\u017c tzw. reaktywacja starych zapadlisk, kt\u00f3re mimo wcze\u015bniejszego zasypania ponownie ulegaj\u0105 zapadni\u0119ciu, czego przyk\u0142adem by\u0142y okolice jeziorka &#8222;Piaski&#8221;.<\/p>\n<p class=\"Paragraph_desktopParagraph__U31Gm\">Skutki tych zjawisk s\u0105 powa\u017cne i obejmuj\u0105 nie tylko zagro\u017cenie dla \u017cycia i zdrowia ludzi, ale tak\u017ce uszkodzenia dr\u00f3g, infrastruktury technicznej oraz teren\u00f3w rolniczych. W wielu przypadkach zapadliskom towarzyszy r\u00f3wnie\u017c podnoszenie si\u0119 poziomu w\u00f3d gruntowych i zalewanie piwnic w pobliskich budynkach.<\/p>\n<p class=\"Paragraph_desktopParagraph__U31Gm\">Sytuacja w powiecie olkuskim jest stale monitorowana przez odpowiednie instytucje. Pa\u0144stwowy Instytut Geologiczny \u2014 Pa\u0144stwowy Instytut Badawczy prowadzi prace zwi\u0105zane z mapowaniem teren\u00f3w zagro\u017conych i opracowywaniem prognoz, natomiast Zak\u0142ady G\u00f3rniczo-Hutnicze Boles\u0142aw kontroluj\u0105 obszary obj\u0119te dawn\u0105 dzia\u0142alno\u015bci\u0105 g\u00f3rnicz\u0105. Eksperci coraz cz\u0119\u015bciej podnosz\u0105 r\u00f3wnie\u017c potrzeb\u0119 zmian w przepisach prawa, kt\u00f3re pozwoli\u0142yby lepiej uwzgl\u0119dnia\u0107 zagro\u017cenia geologiczne w planowaniu przestrzennym.<\/p>\n<p class=\"Paragraph_desktopParagraph__U31Gm\">Nowe zapadlisko na Podlipiu jest kolejnym sygna\u0142em, \u017ce problem wci\u0105\u017c pozostaje aktualny i wymaga sta\u0142ej czujno\u015bci zar\u00f3wno ze strony s\u0142u\u017cb, jak i mieszka\u0144c\u00f3w regionu.<\/p>\n","protected":false},"excerpt":{"rendered":"Chwil\u0119 przed godzin\u0105 15.00 mieszka\u0144cy Podlipia w powiecie olkuskim zauwa\u017cyli niepokoj\u0105ce zjawisko w rejonie ulicy Polnej. Na jezdni&hellip;\n","protected":false},"author":2,"featured_media":171725,"comment_status":"","ping_status":"","sticky":false,"template":"","format":"standard","meta":{"footnotes":""},"categories":[12],"tags":[32,33,36,37,27,6821,368,34,35,28,31,53,25,52,68,51,55,42,38,40,39,41,47,29,30,50,26],"class_list":{"0":"post-171724","1":"post","2":"type-post","3":"status-publish","4":"format-standard","5":"has-post-thumbnail","7":"category-polska","8":"tag-breaking-news","9":"tag-breakingnews","10":"tag-featured-news","11":"tag-featurednews","12":"tag-headlines","13":"tag-job","14":"tag-krakowdlawas","15":"tag-latest-news","16":"tag-latestnews","17":"tag-naglowki","18":"tag-najwazniejsze-artykuly","19":"tag-new_header","20":"tag-news","21":"tag-onet3","22":"tag-onet3d","23":"tag-onet3d_2i","24":"tag-phx","25":"tag-pl","26":"tag-poland","27":"tag-polish","28":"tag-polska","29":"tag-polski","30":"tag-screening_general","31":"tag-top-stories","32":"tag-topstories","33":"tag-v2021","34":"tag-wiadomosci"},"share_on_mastodon":{"url":"https:\/\/pubeurope.com\/@pl\/115785247303219083","error":""},"_links":{"self":[{"href":"https:\/\/www.europesays.com\/pl\/wp-json\/wp\/v2\/posts\/171724","targetHints":{"allow":["GET"]}}],"collection":[{"href":"https:\/\/www.europesays.com\/pl\/wp-json\/wp\/v2\/posts"}],"about":[{"href":"https:\/\/www.europesays.com\/pl\/wp-json\/wp\/v2\/types\/post"}],"author":[{"embeddable":true,"href":"https:\/\/www.europesays.com\/pl\/wp-json\/wp\/v2\/users\/2"}],"replies":[{"embeddable":true,"href":"https:\/\/www.europesays.com\/pl\/wp-json\/wp\/v2\/comments?post=171724"}],"version-history":[{"count":0,"href":"https:\/\/www.europesays.com\/pl\/wp-json\/wp\/v2\/posts\/171724\/revisions"}],"wp:featuredmedia":[{"embeddable":true,"href":"https:\/\/www.europesays.com\/pl\/wp-json\/wp\/v2\/media\/171725"}],"wp:attachment":[{"href":"https:\/\/www.europesays.com\/pl\/wp-json\/wp\/v2\/media?parent=171724"}],"wp:term":[{"taxonomy":"category","embeddable":true,"href":"https:\/\/www.europesays.com\/pl\/wp-json\/wp\/v2\/categories?post=171724"},{"taxonomy":"post_tag","embeddable":true,"href":"https:\/\/www.europesays.com\/pl\/wp-json\/wp\/v2\/tags?post=171724"}],"curies":[{"name":"wp","href":"https:\/\/api.w.org\/{rel}","templated":true}]}}