{"id":171734,"date":"2025-12-26T09:55:09","date_gmt":"2025-12-26T09:55:09","guid":{"rendered":"https:\/\/www.europesays.com\/pl\/171734\/"},"modified":"2025-12-26T09:55:09","modified_gmt":"2025-12-26T09:55:09","slug":"napiecie-miedzy-chinami-i-japonia-tokio-przyjelo-rekordowy-budzet-na-obronnosc","status":"publish","type":"post","link":"https:\/\/www.europesays.com\/pl\/171734\/","title":{"rendered":"Napi\u0119cie mi\u0119dzy Chinami i Japoni\u0105. Tokio przyj\u0119\u0142o rekordowy bud\u017cet na obronno\u015b\u0107"},"content":{"rendered":"<p class=\"ods-c-paragraph \">Zatwierdzony w pi\u0105tek projekt japo\u0144skiego bud\u017cetu na kolejny rok fiskalny opiewa na ponad 9 bilion\u00f3w jen\u00f3w (ponad 206 mld z\u0142). Tym samym jest o 9,4 proc. wy\u017cszy ni\u017c poprzedni, zaplanowany do stycznia 2026 r. Jak wskazuje &#8222;The Guardian&#8221; podwy\u017cka ta nast\u0119puje w czwartym roku pi\u0119cioletniego programu Japonii, maj\u0105cego na celu podwojenie rocznych wydatk\u00f3w na zbrojenia do 2 proc. PKB.<\/p>\n<p>Dalszy ci\u0105g artyku\u0142u pod materia\u0142em wideo<\/p>\n<p> Jak du\u017c\u0105 kwot\u0119 zatwierdzono w japo\u0144skim bud\u017cecie na obronno\u015b\u0107? <\/p>\n<p> Co spowodowa\u0142o zwi\u0119kszenie wydatk\u00f3w na zbrojenia w Japonii? <\/p>\n<p> Jakie technologie planuje wykorzysta\u0107 Japonia w ramach nowego bud\u017cetu? <\/p>\n<p> Jakie s\u0105 obawy Chin dotycz\u0105ce japo\u0144skiej polityki obronnej? <\/p>\n<p class=\"ods-c-paragraph \">Jak wskazuje gazeta, plan bud\u017cetowy Japonii skoncentrowany jest na wzmacnianiu zdolno\u015bci do kontrataku i obrony wybrze\u017ca za pomoc\u0105 pocisk\u00f3w ziemia-okr\u0119t i arsena\u0142\u00f3w bezza\u0142ogowych. Tokio wyda 100 mld jen\u00f3w (ponad 2 mld z\u0142) na rozmieszczenie &#8222;masywnych&#8221; dron\u00f3w powietrznych, nawodnych i podwodnych, kt\u00f3re b\u0119d\u0105 chroni\u0107 wybrze\u017ca kraju. Bezza\u0142ogowce s\u0142u\u017cy\u0107 b\u0119d\u0105 do obserwacji i obrony w ramach systemy &#8222;Tarcza&#8221;.<\/p>\n<p>   Ro\u015bnie napi\u0119cie na linii Japonia-Chiny<\/p>\n<p class=\"ods-c-paragraph \">Nowy bud\u017cet zatwierdzony zosta\u0142 w obliczu narastaj\u0105cych napi\u0119\u0107 <a href=\"https:\/\/wiadomosci.onet.pl\/swiat\/rosnie-napiecie-miedzy-japonia-a-chinami-dwa-niebezpieczne-incydenty\/nfjc8jy\" id=\"2c41a180-2194-4cca-90c4-298877736387\" rel=\"nofollow noopener\" target=\"_blank\">mi\u0119dzy Chinami a Japoni\u0105<\/a>. W ubieg\u0142ym miesi\u0105cu premier Japonii Sanae Takaichi oznajmi\u0142a, \u017ce kraj prawdopodobnie zaanga\u017cuje si\u0119 militarnie, je\u015bli Chiny zaatakuj\u0105 Tajwan w ramach plan\u00f3w Pekinu dotycz\u0105cych aneksji tego terytorium. S\u0142owa te wywo\u0142a\u0142y natychmiastow\u0105 reakcj\u0119 Chin, kt\u00f3re rozpocz\u0119\u0142y szereg dzia\u0142a\u0144 odwetowych na p\u0142aszczy\u017anie dyplomatycznej i ekonomicznej. Pekin od pocz\u0105tku pozostawa\u0142 przeciwny wzmacnianiu defensywno\u015bci Japonii.<\/p>\n<p class=\"ods-c-paragraph \">W czwartek chi\u0144skie ministerstwo obrony skrytykowa\u0142o tak\u017ce ostatnie osi\u0105gni\u0119cia Japonii w dziedzinie technologii kosmicznej. Jak stwierdzono, &#8222;przyspieszaj\u0105 one militaryzacj\u0119 i uzbrajanie kosmosu oraz nap\u0119dzaj\u0105 wy\u015bcig zbroje\u0144 w kosmosie&#8221;. Cz\u0119\u015b\u0107 z japo\u0144skich projekt\u00f3w realizowana jest we wsp\u00f3\u0142pracy z USA.<\/p>\n<p class=\"ods-c-paragraph \">\u2014 Bior\u0105c pod uwag\u0119, \u017ce japo\u0144scy military\u015bci kiedy\u015b przeprowadzali podst\u0119pne ataki, a kraj obecnie przyjmuje ofensywn\u0105 polityk\u0119 kosmiczn\u0105, nie dziwi\u0105 rosn\u0105ce obawy przed kolejnym scenariuszem ataku na Pearl Harbor \u2014 stwierdzi\u0142 w niedziel\u0119 rzecznik Ministerstwa Obrony Zhang Xiaogang. Jak zauwa\u017ca &#8222;The Guardian&#8221;, uchwalona w 2015 r. poprawka do konstytucji Japonii zezwala na stosowanie zbiorowej samoobrony w pewnych sytuacjach, nawet je\u015bli kraj nie jest bezpo\u015brednio atakowany. Co wi\u0119cej, obecna strategia bezpiecze\u0144stwa tego kraju wskazuje Chiny jako najwi\u0119ksze wyzwanie strategiczne i wzywa do bardziej asertywnej roli we wsp\u00f3\u0142pracy z USA w dziedzinie bezpiecze\u0144stwa.<\/p>\n","protected":false},"excerpt":{"rendered":"Zatwierdzony w pi\u0105tek projekt japo\u0144skiego bud\u017cetu na kolejny rok fiskalny opiewa na ponad 9 bilion\u00f3w jen\u00f3w (ponad 206&hellip;\n","protected":false},"author":2,"featured_media":171735,"comment_status":"","ping_status":"","sticky":false,"template":"","format":"standard","meta":{"footnotes":""},"categories":[14],"tags":[32,33,387,85,27,706,3787,34,35,28,31,48,25,768,46,40,41,47,80,29,30,26,82,83,84,4904],"class_list":{"0":"post-171734","1":"post","2":"type-post","3":"status-publish","4":"format-standard","5":"has-post-thumbnail","7":"category-swiat","8":"tag-breaking-news","9":"tag-breakingnews","10":"tag-budzet","11":"tag-chiny","12":"tag-headlines","13":"tag-japonia","14":"tag-konflikt","15":"tag-latest-news","16":"tag-latestnews","17":"tag-naglowki","18":"tag-najwazniejsze-artykuly","19":"tag-nat_styl","20":"tag-news","21":"tag-obronnosc","22":"tag-omp","23":"tag-polish","24":"tag-polski","25":"tag-screening_general","26":"tag-swiat","27":"tag-top-stories","28":"tag-topstories","29":"tag-wiadomosci","30":"tag-world","31":"tag-world-news","32":"tag-worldnews","33":"tag-wszechswiat_astronomia_loty_w_kosmos"},"share_on_mastodon":{"url":"https:\/\/pubeurope.com\/@pl\/115785270843200049","error":""},"_links":{"self":[{"href":"https:\/\/www.europesays.com\/pl\/wp-json\/wp\/v2\/posts\/171734","targetHints":{"allow":["GET"]}}],"collection":[{"href":"https:\/\/www.europesays.com\/pl\/wp-json\/wp\/v2\/posts"}],"about":[{"href":"https:\/\/www.europesays.com\/pl\/wp-json\/wp\/v2\/types\/post"}],"author":[{"embeddable":true,"href":"https:\/\/www.europesays.com\/pl\/wp-json\/wp\/v2\/users\/2"}],"replies":[{"embeddable":true,"href":"https:\/\/www.europesays.com\/pl\/wp-json\/wp\/v2\/comments?post=171734"}],"version-history":[{"count":0,"href":"https:\/\/www.europesays.com\/pl\/wp-json\/wp\/v2\/posts\/171734\/revisions"}],"wp:featuredmedia":[{"embeddable":true,"href":"https:\/\/www.europesays.com\/pl\/wp-json\/wp\/v2\/media\/171735"}],"wp:attachment":[{"href":"https:\/\/www.europesays.com\/pl\/wp-json\/wp\/v2\/media?parent=171734"}],"wp:term":[{"taxonomy":"category","embeddable":true,"href":"https:\/\/www.europesays.com\/pl\/wp-json\/wp\/v2\/categories?post=171734"},{"taxonomy":"post_tag","embeddable":true,"href":"https:\/\/www.europesays.com\/pl\/wp-json\/wp\/v2\/tags?post=171734"}],"curies":[{"name":"wp","href":"https:\/\/api.w.org\/{rel}","templated":true}]}}