{"id":171755,"date":"2025-12-26T10:07:10","date_gmt":"2025-12-26T10:07:10","guid":{"rendered":"https:\/\/www.europesays.com\/pl\/171755\/"},"modified":"2025-12-26T10:07:10","modified_gmt":"2025-12-26T10:07:10","slug":"cyberpunk-2-w-2030-roku-cd-projekt-red-nie-chce-powtorzyc-bledow-z-przeszlosci","status":"publish","type":"post","link":"https:\/\/www.europesays.com\/pl\/171755\/","title":{"rendered":"Cyberpunk 2 w 2030 roku? CD Projekt RED nie chce powt\u00f3rzy\u0107 b\u0142\u0119d\u00f3w z przesz\u0142o\u015bci"},"content":{"rendered":"<p>CD Projekt RED oficjalnie potwierdza harmonogram prac nad kontynuacj\u0105 swojego futurystycznego hitu.<\/p>\n<p>Projekt o nazwie kodowej \u201eOrion\u201d trafi do graczy nie wcze\u015bniej ni\u017c pod koniec dekady, co oznacza d\u0142ugie lata oczekiwania dla fan\u00f3w Night City.<\/p>\n<p>    Dalsza cz\u0119\u015b\u0107 tekstu pod wideo<\/p>\n<p>        <img loading=\"lazy\" decoding=\"async\" src=\"https:\/\/www.europesays.com\/pl\/wp-content\/uploads\/2025\/12\/1766741538_82_B32963402.414688363;dc_trk_aid=607216972;dc_trk_cid=228291445;ord=[timestamp];dc_lat=;dc_rdid=;tag_f.gif\" attributionsrc=\"\" border=\"0\" height=\"1\" width=\"1\" alt=\"Advertisement\"\/><\/p>\n<p><img decoding=\"async\" src=\"https:\/\/pliki.ppe.pl\/storage\/023e1802622b5e568601\/023e1802622b5e568601.webp\" alt=\"undefined\" style=\"display: block; margin-left: auto; margin-right: auto;\"\/><\/p>\n<p>Polski gigant bran\u017cy gier wideo ujawni\u0142 szczeg\u00f3\u0142y dotycz\u0105ce rozwoju sequela Cyberpunk 2077. Projekt \u201eOrion\u201d powstaje w nowym ameryka\u0144skim studiu CD Projekt Red North America z siedzib\u0105 w Bostonie. Zesp\u00f3\u0142 sk\u0142ada si\u0119 z weteran\u00f3w bran\u017cy, kt\u00f3rzy wcze\u015bniej pracowali przy takich tytu\u0142ach jak seria Halo czy The Last of Us.<\/p>\n<p>Wed\u0142ug najnowszych informacji premiera gry planowana jest na rok 2030. To oznacza, \u017ce od debiutu pierwszej cz\u0119\u015bci minie ca\u0142e dziesi\u0119\u0107 lat. Studio chce unikn\u0105\u0107 b\u0142\u0119d\u00f3w z przesz\u0142o\u015bci i zapewni\u0107 grze odpowiednio d\u0142ugi cykl produkcyjny.<\/p>\n<p>Katastrofalna premiera Cyberpunka 2077 w 2020 roku nauczy\u0142a CD Projekt, \u017ce po\u015bpiech jest z\u0142ym doradc\u0105. Gra wymaga\u0142a lat poprawek, zanim zyska\u0142a uznanie spo\u0142eczno\u015bci. Teraz firma stawia na jako\u015b\u0107 ponad szybko\u015b\u0107.<\/p>\n<p>Jednocze\u015bnie trwaj\u0105 prace nad now\u0105 trylogi\u0105 Wied\u017amina. CD Projekt prowadzi wi\u0119c dwa gigantyczne przedsi\u0119wzi\u0119cia naraz, co wymaga ogromnych zasob\u00f3w i precyzyjnego zarz\u0105dzania zespo\u0142ami na dw\u00f3ch kontynentach.<\/p>\n","protected":false},"excerpt":{"rendered":"CD Projekt RED oficjalnie potwierdza harmonogram prac nad kontynuacj\u0105 swojego futurystycznego hitu. Projekt o nazwie kodowej \u201eOrion\u201d trafi&hellip;\n","protected":false},"author":2,"featured_media":128030,"comment_status":"","ping_status":"","sticky":false,"template":"","format":"standard","meta":{"footnotes":""},"categories":[20],"tags":[120,118,119,42,38,40,39,41,116,114,115,121,117],"class_list":{"0":"post-171755","1":"post","2":"type-post","3":"status-publish","4":"format-standard","5":"has-post-thumbnail","7":"category-nauka-i-technika","8":"tag-nauka","9":"tag-nauka-i-technika","10":"tag-naukatechnika","11":"tag-pl","12":"tag-poland","13":"tag-polish","14":"tag-polska","15":"tag-polski","16":"tag-science","17":"tag-science-and-technology","18":"tag-sciencetechnology","19":"tag-technika","20":"tag-technology"},"share_on_mastodon":{"url":"https:\/\/pubeurope.com\/@pl\/115785318357019145","error":""},"_links":{"self":[{"href":"https:\/\/www.europesays.com\/pl\/wp-json\/wp\/v2\/posts\/171755","targetHints":{"allow":["GET"]}}],"collection":[{"href":"https:\/\/www.europesays.com\/pl\/wp-json\/wp\/v2\/posts"}],"about":[{"href":"https:\/\/www.europesays.com\/pl\/wp-json\/wp\/v2\/types\/post"}],"author":[{"embeddable":true,"href":"https:\/\/www.europesays.com\/pl\/wp-json\/wp\/v2\/users\/2"}],"replies":[{"embeddable":true,"href":"https:\/\/www.europesays.com\/pl\/wp-json\/wp\/v2\/comments?post=171755"}],"version-history":[{"count":0,"href":"https:\/\/www.europesays.com\/pl\/wp-json\/wp\/v2\/posts\/171755\/revisions"}],"wp:featuredmedia":[{"embeddable":true,"href":"https:\/\/www.europesays.com\/pl\/wp-json\/wp\/v2\/media\/128030"}],"wp:attachment":[{"href":"https:\/\/www.europesays.com\/pl\/wp-json\/wp\/v2\/media?parent=171755"}],"wp:term":[{"taxonomy":"category","embeddable":true,"href":"https:\/\/www.europesays.com\/pl\/wp-json\/wp\/v2\/categories?post=171755"},{"taxonomy":"post_tag","embeddable":true,"href":"https:\/\/www.europesays.com\/pl\/wp-json\/wp\/v2\/tags?post=171755"}],"curies":[{"name":"wp","href":"https:\/\/api.w.org\/{rel}","templated":true}]}}