{"id":171756,"date":"2025-12-26T10:08:12","date_gmt":"2025-12-26T10:08:12","guid":{"rendered":"https:\/\/www.europesays.com\/pl\/171756\/"},"modified":"2025-12-26T10:08:12","modified_gmt":"2025-12-26T10:08:12","slug":"od-jutra-w-dino-64-gratis-klienci-rusza-do-sklepow-rmf-fm","status":"publish","type":"post","link":"https:\/\/www.europesays.com\/pl\/171756\/","title":{"rendered":"Od jutra w Dino \u201e6+4 gratis\u201d. Klienci rusz\u0105 do sklep\u00f3w :: RMF FM"},"content":{"rendered":"<p>27 grudnia Polacy rusz\u0105 do sklep\u00f3w, by uzupe\u0142ni\u0107 zapasy po \u015bwi\u0105tecznej przerwie w handlu. O poranku w Dino ju\u017c b\u0119d\u0105 na nich czeka\u0107 nowe promocje, w\u015br\u00f3d kt\u00f3rych znajd\u0105 si\u0119 m.in. kusz\u0105ce oferty \u201e3+3 gratis\u201d czy \u201e6+4 gratis\u201d. To jedynie pocz\u0105tek.<\/p>\n<p><img decoding=\"async\" alt=\"\" src=\"https:\/\/www.europesays.com\/pl\/wp-content\/uploads\/2025\/12\/ca22175535cbbd6962c7c38de010941e.jpg\" class=\"w-100\"\/><\/p>\n<p>Nowe promocje w Dino od 27 grudnia, fot. Shutterstock<\/p>\n<p>&#13;<br \/>\n\t<a href=\"https:\/\/www.rmf.fm\/magazyn\/tag,Dino.html\" rel=\"nofollow noopener\" target=\"_blank\">Dino<\/a> \u2013 w sobot\u0119 27 grudnia<\/p>\n<p>&#13;<br \/>\n\tDino szykuje dla chc\u0105cych uzupe\u0142ni\u0107 zapasy po \u015bwi\u0105tecznej przerwie sporo kusz\u0105cych okazji. Cz\u0119\u015b\u0107 z nich b\u0119dzie obowi\u0105zywa\u0142a do wtorku 30 grudnia, cz\u0119\u015b\u0107 \u2013 tylko w sobot\u0119 27 grudnia. To ostatni dzie\u0144 w tym tygodniu na zrobienie zakup\u00f3w w marketach, bo niedziela 28 grudnia jest niehandlowa. Tyle samo czasu, by skorzysta\u0107 z aktualnych promocji, b\u0119d\u0105 mie\u0107 klienci Rossmanna:<\/p>\n<p><a href=\"https:\/\/www.rmf.fm\/magazyn\/news,86564,od-jutra-w-rossmannie-przecena-z-21499-zl-na-9999-zl.html\" rel=\"nofollow noopener\" target=\"_blank\"><img decoding=\"async\" src=\"https:\/\/www.europesays.com\/pl\/wp-content\/uploads\/2025\/12\/143ec373b92c4356bc46374a4811f093.jpg\" width=\"290\"\/><\/a><a href=\"https:\/\/www.rmf.fm\/magazyn\/news,86564,od-jutra-w-rossmannie-przecena-z-21499-zl-na-9999-zl.html\" rel=\"nofollow noopener\" target=\"_blank\">Od jutra w Rossmannie. Przecena z 214,99 z\u0142 na 99,99 z\u0142<\/a><\/p>\n<p>18 grudnia w Rossmannie startuj\u0105 zupe\u0142nie nowe promocje. Sie\u0107 szykuje upusty, jakich dawno nie by\u0142o. Obni\u017cki b\u0119d\u0105 przekracza\u0107 po\u0142ow\u0119 regularnej ceny, jak chocia\u017cby w przypadku popularnych perfum z wy\u017cszej p\u00f3\u0142ki, kt\u00f3re maj\u0105 zosta\u0107&#8230;<\/p>\n<p>&#13;<br \/>\n\tTylko w sobot\u0119 klienci skorzystaj\u0105 m.in. z du\u017cej promocji na mleko UHT 3,2% Wypasione z Mlekovity. B\u0119dzie dost\u0119pne \u201e3+3 gratis\u201d, co oznacza, \u017ce po w\u0142o\u017ceniu do koszyka sze\u015bciu karton\u00f3w \u2013 p\u0142aci si\u0119 tylko jak za trzy. 27 grudnia ma obowi\u0105zywa\u0107 tak\u017ce 54-procentowa przecena na mandarynki na wag\u0119 \u2013 kilogram wyjdzie po 2,49 z\u0142 zamiast regularnych 5,49 z\u0142. Warto te\u017c zwr\u00f3ci\u0107 uwag\u0119 na specjaln\u0105 akcj\u0119 na kaw\u0119 mielon\u0105 Woseba Mocca Fix Gold \u2013 przy zakupie dw\u00f3ch, opakowanie wyjdzie po 26,99 z\u0142 zamiast 37,99 z\u0142.<\/p>\n<p>&#13;<br \/>\n\tD\u0142u\u017cej, bo do wtorku, potrwa natomiast m.in. wielka akcja \u201e6+4 gratis\u201d na lubiane wafelki Prince Polo w wersji XXL. Ofert\u0105 obj\u0119te maj\u0105 by\u0107 trzy rodzaje: klasyczne, mleczne i orzechowe. Tutaj, je\u015bli w koszyku umie\u015bci si\u0119 dziesi\u0119\u0107 sztuk, ca\u0142o\u015b\u0107 wyjdzie w cenie sze\u015bciu. Mo\u017cna korzysta\u0107 do woli, bo Dino nie wyszczeg\u00f3lnia limit\u00f3w.<\/p>\n<p>&#13;<br \/>\n\tInne okazje z gratisami, jakie anonsuje w swojej najnowszej gazetce Dino, to m.in. \u201e2+1 gratis\u201d na: m\u0105k\u0119 tortow\u0105 Babcia Hania, margaryn\u0119 Idealn\u0105, chipsy Pringles, chipsy Big Snack, chrupki Maxi Eurosnack, popcorn do mikrofali Lorenz, hot-dogi z par\u00f3wk\u0105 czy \u201e3+1 gratis\u201d na przyprawy Appetita.<\/p>\n","protected":false},"excerpt":{"rendered":"27 grudnia Polacy rusz\u0105 do sklep\u00f3w, by uzupe\u0142ni\u0107 zapasy po \u015bwi\u0105tecznej przerwie w handlu. O poranku w Dino&hellip;\n","protected":false},"author":2,"featured_media":171757,"comment_status":"","ping_status":"","sticky":false,"template":"","format":"standard","meta":{"footnotes":""},"categories":[16],"tags":[113,112,857,33755,861,859,860,42,38,40,39,41,863,862],"class_list":{"0":"post-171756","1":"post","2":"type-post","3":"status-publish","4":"format-standard","5":"has-post-thumbnail","7":"category-biznes","8":"tag-biznes","9":"tag-business","10":"tag-dino","11":"tag-dino-27-grudnia","12":"tag-dino-gazetka","13":"tag-dino-promocja","14":"tag-dino-promocje","15":"tag-pl","16":"tag-poland","17":"tag-polish","18":"tag-polska","19":"tag-polski","20":"tag-promocja","21":"tag-promocje"},"share_on_mastodon":{"url":"https:\/\/pubeurope.com\/@pl\/115785322428562810","error":""},"_links":{"self":[{"href":"https:\/\/www.europesays.com\/pl\/wp-json\/wp\/v2\/posts\/171756","targetHints":{"allow":["GET"]}}],"collection":[{"href":"https:\/\/www.europesays.com\/pl\/wp-json\/wp\/v2\/posts"}],"about":[{"href":"https:\/\/www.europesays.com\/pl\/wp-json\/wp\/v2\/types\/post"}],"author":[{"embeddable":true,"href":"https:\/\/www.europesays.com\/pl\/wp-json\/wp\/v2\/users\/2"}],"replies":[{"embeddable":true,"href":"https:\/\/www.europesays.com\/pl\/wp-json\/wp\/v2\/comments?post=171756"}],"version-history":[{"count":0,"href":"https:\/\/www.europesays.com\/pl\/wp-json\/wp\/v2\/posts\/171756\/revisions"}],"wp:featuredmedia":[{"embeddable":true,"href":"https:\/\/www.europesays.com\/pl\/wp-json\/wp\/v2\/media\/171757"}],"wp:attachment":[{"href":"https:\/\/www.europesays.com\/pl\/wp-json\/wp\/v2\/media?parent=171756"}],"wp:term":[{"taxonomy":"category","embeddable":true,"href":"https:\/\/www.europesays.com\/pl\/wp-json\/wp\/v2\/categories?post=171756"},{"taxonomy":"post_tag","embeddable":true,"href":"https:\/\/www.europesays.com\/pl\/wp-json\/wp\/v2\/tags?post=171756"}],"curies":[{"name":"wp","href":"https:\/\/api.w.org\/{rel}","templated":true}]}}