{"id":171764,"date":"2025-12-26T10:13:10","date_gmt":"2025-12-26T10:13:10","guid":{"rendered":"https:\/\/www.europesays.com\/pl\/171764\/"},"modified":"2025-12-26T10:13:10","modified_gmt":"2025-12-26T10:13:10","slug":"muniek-staszczyk-gorzko-o-zwolnieniach-w-t-love-bardzo-bolesne-decyzje","status":"publish","type":"post","link":"https:\/\/www.europesays.com\/pl\/171764\/","title":{"rendered":"Muniek Staszczyk gorzko o zwolnieniach w T.Love. &#8222;Bardzo bolesne decyzje&#8221;"},"content":{"rendered":"<p class=\"Paragraph_desktopParagraph__U31Gm\">Na pocz\u0105tku grudnia <a href=\"https:\/\/plejada.pl\/newsy\/sidney-polak-odchodzi-z-tlove-po-35-latach-jest-oswiadczenie\/w7qeb97\" id=\"3a77f56e-6b67-4f14-9fdd-5e846e4ebed7\" rel=\"nofollow noopener\" target=\"_blank\">gruchn\u0119\u0142a wiadomo\u015b\u0107 o odej\u015bciu Sidneya Polaka z T.Love<\/a>, o czym poinformowa\u0142 zesp\u00f3\u0142 w swoich mediach spo\u0142eczno\u015bciowych. &#8222;Nadszed\u0142 moment, w kt\u00f3rym nasze drogi artystyczne i zawodowe si\u0119 rozchodz\u0105&#8221; \u2014 przekaza\u0142, dzi\u0119kuj\u0105c arty\u015bcie za 35 lat wsp\u00f3\u0142pracy.<\/p>\n<p class=\"Paragraph_desktopParagraph__U31Gm\">Nied\u0142ugo p\u00f3\u017aniej Sidney Polak <a href=\"https:\/\/kultura.onet.pl\/muzyka\/sidney-polak-ujawnia-kulisy-rozstania-z-t-love-tak-potraktowal-go-muniek\/v9zj0t8\" id=\"fe59d2ae-45ed-4d58-a5eb-41279d682a90\" rel=\"nofollow noopener\" target=\"_blank\">udzieli\u0142 wywiadu dla Onet Kultura<\/a>, w kt\u00f3rym ujawni\u0142, \u017ce jego <a href=\"https:\/\/plejada.pl\/newsy\/sidney-polak-zdradza-szokujace-kulisy-rozstania-z-tlove-tak-go-potraktowal-muniek\/qbjgh0j\" id=\"2728d929-dfb8-4903-9511-c1a4b33df5e0\" rel=\"nofollow noopener\" target=\"_blank\">rozstanie z zespo\u0142em by\u0142o wynikiem decyzji Mu\u0144ka Staszczyka<\/a>. \u2014 Nigdy nie by\u0142o \u017cadnej rozmowy, po prostu w niedziel\u0119 dosta\u0142em od Mu\u0144ka SMS-a, w kt\u00f3rym poinformowa\u0142 mnie o swojej decyzji \u2014 ujawni\u0142.<\/p>\n<ul class=\"OchatFollowUps_wrapper__1ry7X\">\n<li class=\"OchatFollowUps_item__Dhyly OchatFollowUps_itemDesktop__R6aBv\">Dlaczego Muniek Staszczyk zdecydowa\u0142 si\u0119 na zwolnienia w T.Love?<\/li>\n<li class=\"OchatFollowUps_item__Dhyly OchatFollowUps_itemDesktop__R6aBv\">Jak d\u0142ugo Sidney Polak wsp\u00f3\u0142pracowa\u0142 z T.Love?<\/li>\n<li class=\"OchatFollowUps_item__Dhyly OchatFollowUps_itemDesktop__R6aBv\">Jak Muniek opisa\u0142 swoj\u0105 decyzj\u0119 o zwolnieniu?<\/li>\n<li class=\"OchatFollowUps_item__Dhyly OchatFollowUps_itemDesktop__R6aBv\">Co my\u015bli Muniek o sytuacji z Janem Benedekiem?<\/li>\n<\/ul>\n<p>Muniek Staszczyk gorzko o zwolnieniach w T.Love. &#8222;Bardzo bolesne decyzje&#8221; <\/p>\n<p class=\"Paragraph_desktopParagraph__U31Gm\">Teraz Muniek Staszczyk opowiedzia\u0142 o ca\u0142ej sytuacji z w\u0142asnej perspektywy w programie &#8222;Go\u015b\u0107 Wydarze\u0144&#8221; w Polsacie. Nawi\u0105za\u0142 nie tylko do rozstania Sidneya Polaka z T.Love, lecz tak\u017ce do Jana Benedeka, kt\u00f3ry kilka miesi\u0119cy wcze\u015bniej zako\u0144czy\u0142 wsp\u00f3\u0142prac\u0119 z zespo\u0142em.<\/p>\n<blockquote>\n<p class=\"Paragraph_desktopParagraph__U31Gm\">To by\u0142y dwie bardzo bolesne dla mnie decyzje i to nie jest jaka\u015b \u015bciema. Rozstali\u015bmy si\u0119 z Sidneyem, kt\u00f3ry gra\u0142 z nami 35 lat i z Janem Benedekiem. (&#8230;) Ale czasem tak jest, \u017ce co\u015b musisz zrobi\u0107 dla dobra zespo\u0142u. S\u0105 osoby trudne, a bardzo te\u017c utalentowane. (&#8230;) Zesp\u00f3\u0142 to jest tak, \u017ce nie mo\u017ce gra\u0107 dziesi\u0119ciu Lewandowskich<\/p>\n<\/blockquote>\n<p class=\"Paragraph_desktopParagraph__U31Gm\">\u2014 powiedzia\u0142. Artysta podkre\u015bli\u0142, \u017ce te decyzje by\u0142y dla niego bardzo trudne do podj\u0119cia. \u2014 Przez wiele lat by\u0142 problem \u2014 i z Sidneyem, i z Jankiem. Ja naprawd\u0119 ich ca\u0142y czas \u2014 chocia\u017c mo\u017ce oni by powiedzieli, \u017ce to jaka\u015b \u015bciema \u2014 ja ich naprawd\u0119 ca\u0142y czas gdzie\u015b tam g\u0142\u0119boko w sercu kocham, ale musia\u0142em si\u0119 z nimi rozsta\u0107. To by\u0142o dla mnie bardzo trudne \u2014 doda\u0142.<\/p>\n<p class=\"Paragraph_desktopParagraph__U31Gm\">Wokalista T.Love stwierdzi\u0142, \u017ce Sidney Polak od d\u0142u\u017cszego czasu irytowa\u0142 cz\u0142onk\u00f3w zespo\u0142u. Zaznaczy\u0142 jednak, \u017ce w\u00f3wczas stawa\u0142 w obronie perkusisty.<\/p>\n<blockquote>\n<p class=\"Paragraph_desktopParagraph__U31Gm\">D\u0142ugo wisia\u0142a ta decyzja. Sidney wkurza\u0142 reszt\u0119 ch\u0142opak\u00f3w od dawna. Wielokrotnie mu m\u00f3wi\u0142em: stary, musisz troszk\u0119 zmieni\u0107 swoje podej\u015bcie. To d\u0142ugo trwa\u0142o, kiedy w zasadzie ch\u0142opaki chcieli, a ja go ca\u0142y czas broni\u0142em<\/p>\n<\/blockquote>\n<p class=\"Paragraph_desktopParagraph__U31Gm\">\u2014 m\u00f3wi\u0142.<\/p>\n<p><img decoding=\"async\" class=\"Image_image__0tuHp Image_autoHeight__f2n87 \" height=\"587\" width=\"391\" src=\"https:\/\/www.europesays.com\/pl\/wp-content\/uploads\/2025\/11\/bphk9kpTURBXy83NTBiNmRkYThmM2EwYmZkYmFkNzIxNzZhM2VkNjZhNi5qcGeSlQLNA6wAwsOVAgDNAkvCw94AA6EwAaExAaEzw.jpeg\" alt=\"Muniek Staszczyk\" loading=\"lazy\" \/>Andras Szilagyi \/ MW Media<\/p>\n<p>Muniek Staszczyk<\/p>\n<p><img decoding=\"async\" class=\"Image_image__0tuHp Image_autoHeight__f2n87 \" height=\"587\" width=\"391\" src=\"https:\/\/www.europesays.com\/pl\/wp-content\/uploads\/2025\/12\/c7mk9kpTURBXy8wZDM0MjE3M2FkMGMyNWY5ZTJiNGNhNjUwNDhmYWRiMS5qcGeSlQLNA6wAwsOVAgDNAkvCw94AA6EwAaExAaEzw.jpeg\" alt=\"Sidney Polak\" loading=\"lazy\" \/>Pawe\u0142 Wrzecion \/ AKPA<\/p>\n<p>Sidney Polak<\/p>\n<p class=\"Paragraph_desktopParagraph__U31Gm\">Dzi\u0119kujemy, \u017ce przeczyta\u0142a\u015b\/e\u015b nasz artyku\u0142 do ko\u0144ca. W serwisie Plejada.pl ka\u017cdego dnia piszemy o najwa\u017cniejszych wydarzeniach show-biznesowych. B\u0105d\u017a na bie\u017c\u0105co! <a rel=\"nofollow noopener\" href=\"https:\/\/news.google.com\/publications\/CAAiEF0PeAlb7W1llpV_mwV2rL4qFAgKIhBdD3gJW-1tZZaVf5sFdqy-?hl=pl&amp;gl=PL&amp;ceid=PL%3Apl\" id=\"f13c4bdb-c50c-4f2e-8831-53efb688315a\" target=\"_blank\">Obserwuj<\/a> Plejad\u0119 w Google. Odwied\u017a nas tak\u017ce na <a rel=\"nofollow noopener\" href=\"https:\/\/www.facebook.com\/plejadapl\" id=\"bc49ab19-5586-4c74-83d7-32746d0b3a17\" target=\"_blank\">Facebooku<\/a>, <a rel=\"nofollow noopener\" href=\"https:\/\/www.instagram.com\/plejadapl\/\" id=\"7a1629d8-069c-4559-a95f-0a00b59236ac\" target=\"_blank\">Instagramie<\/a>, <a rel=\"nofollow noopener\" href=\"https:\/\/www.youtube.com\/c\/plejada\" id=\"10c57c8c-1e9d-411f-a69f-cf6ded3da320\" target=\"_blank\">YouTubie<\/a> oraz <a rel=\"nofollow noopener\" href=\"https:\/\/www.tiktok.com\/@plejada_pl\" id=\"3008bc6f-4113-4f44-8ae1-7703fe41c3bb\" target=\"_blank\">TikToku<\/a>.<\/p>\n<p class=\"Paragraph_desktopParagraph__U31Gm\">Chcesz podzieli\u0107 si\u0119 ciekawym newsem lub zaproponowa\u0107 temat? Skontaktuj si\u0119 z nami, pisz\u0105c maila na adres: plejada@redakcjaonet.pl.<\/p>\n<p><script async src=\"\/\/www.instagram.com\/embed.js\"><\/script><script async src=\"\/\/www.tiktok.com\/embed.js\"><\/script><\/p>\n","protected":false},"excerpt":{"rendered":"Na pocz\u0105tku grudnia gruchn\u0119\u0142a wiadomo\u015b\u0107 o odej\u015bciu Sidneya Polaka z T.Love, o czym poinformowa\u0142 zesp\u00f3\u0142 w swoich mediach&hellip;\n","protected":false},"author":2,"featured_media":171765,"comment_status":"","ping_status":"","sticky":false,"template":"","format":"standard","meta":{"footnotes":""},"categories":[22],"tags":[122,67,261,53,52,68,51,55,42,38,40,39,41,123,47,28400,50,10934],"class_list":{"0":"post-171764","1":"post","2":"type-post","3":"status-publish","4":"format-standard","5":"has-post-thumbnail","7":"category-rozrywka","8":"tag-entertainment","9":"tag-intextvideo_splayer","10":"tag-kultura","11":"tag-new_header","12":"tag-onet3","13":"tag-onet3d","14":"tag-onet3d_2i","15":"tag-phx","16":"tag-pl","17":"tag-poland","18":"tag-polish","19":"tag-polska","20":"tag-polski","21":"tag-rozrywka","22":"tag-screening_general","23":"tag-sidney_polak_muzyk","24":"tag-v2021","25":"tag-zygmunt_muniek_staszczyk_muzyk"},"share_on_mastodon":{"url":"https:\/\/pubeurope.com\/@pl\/115785342213648295","error":""},"_links":{"self":[{"href":"https:\/\/www.europesays.com\/pl\/wp-json\/wp\/v2\/posts\/171764","targetHints":{"allow":["GET"]}}],"collection":[{"href":"https:\/\/www.europesays.com\/pl\/wp-json\/wp\/v2\/posts"}],"about":[{"href":"https:\/\/www.europesays.com\/pl\/wp-json\/wp\/v2\/types\/post"}],"author":[{"embeddable":true,"href":"https:\/\/www.europesays.com\/pl\/wp-json\/wp\/v2\/users\/2"}],"replies":[{"embeddable":true,"href":"https:\/\/www.europesays.com\/pl\/wp-json\/wp\/v2\/comments?post=171764"}],"version-history":[{"count":0,"href":"https:\/\/www.europesays.com\/pl\/wp-json\/wp\/v2\/posts\/171764\/revisions"}],"wp:featuredmedia":[{"embeddable":true,"href":"https:\/\/www.europesays.com\/pl\/wp-json\/wp\/v2\/media\/171765"}],"wp:attachment":[{"href":"https:\/\/www.europesays.com\/pl\/wp-json\/wp\/v2\/media?parent=171764"}],"wp:term":[{"taxonomy":"category","embeddable":true,"href":"https:\/\/www.europesays.com\/pl\/wp-json\/wp\/v2\/categories?post=171764"},{"taxonomy":"post_tag","embeddable":true,"href":"https:\/\/www.europesays.com\/pl\/wp-json\/wp\/v2\/tags?post=171764"}],"curies":[{"name":"wp","href":"https:\/\/api.w.org\/{rel}","templated":true}]}}