{"id":171766,"date":"2025-12-26T10:14:12","date_gmt":"2025-12-26T10:14:12","guid":{"rendered":"https:\/\/www.europesays.com\/pl\/171766\/"},"modified":"2025-12-26T10:14:12","modified_gmt":"2025-12-26T10:14:12","slug":"iqoo-z11-turbo-to-rywal-dla-poco-f8-pro-ale-tanszy","status":"publish","type":"post","link":"https:\/\/www.europesays.com\/pl\/171766\/","title":{"rendered":"iQOO Z11 Turbo to rywal dla POCO F8 Pro, ale ta\u0144szy"},"content":{"rendered":"<p class=\"lead\">iQOO Z11 Turbo zosta\u0142 ju\u017c oficjalnie zapowiedziany jako bezpo\u015bredni rywal dla POCO F8 Pro. Znamy specyfikacj\u0119 oraz cen\u0119. My mo\u017cemy tylko \u017ca\u0142owa\u0107, \u017ce polska premiera to bardzo ma\u0142o prawdopodobny scenariusz.<\/p>\n<p>Premiera iQOO Z11 Turbo musi by\u0107 kwesti\u0105 najbli\u017cszych dni, skoro producent zacz\u0105\u0142 ju\u017c oficjalnie potwierdza\u0107 kolejne szczeg\u00f3\u0142y specyfikacji. Znamy nawet przybli\u017con\u0105 dat\u0119 premiery oraz cen\u0119. Wielka szkoda, \u017ce w Polsce raczej go nie kupimy.<\/p>\n<p>iQOO Z11 Turbo oficjalnie zapowiedziany przez producenta<\/p>\n<p>Na pocz\u0105tek kilka s\u0142\u00f3w o designie \u2013 dos\u0142ownie, bo nie ma tu o czym m\u00f3wi\u0107. Wida\u0107, \u017ce projekt obudowy nie by\u0142 wysoko na li\u015bcie priorytet\u00f3w przy projektowaniu tego smartfona. Gdy jednak we\u017amiemy pod uwag\u0119 cen\u0119, nie powinno to nikogo dziwi\u0107. Szkoda, \u017ce wyspy aparat\u00f3w nie uda\u0142o si\u0119 jeszcze mocniej zmniejszy\u0107, ale taka to uroda 200 MP matryc. Obok pojawi si\u0119 jeszcze 8 MP szeroki k\u0105t.<\/p>\n<p><a href=\"https:\/\/www.gsmmaniak.pl\/wp-content\/uploads\/gsmmaniak\/2025\/12\/Zrzut-ekranu-2025-12-25-112012.jpg\" rel=\"lightbox-post4 nofollow noopener\" title=\"Galeria dla Zrzut ekranu 2025-12-25 112012\" target=\"_blank\"><img loading=\"lazy\" decoding=\"async\" aria-describedby=\"caption-attachment-1623767\" class=\"size-medium wp-image-1623767\" src=\"https:\/\/www.europesays.com\/pl\/wp-content\/uploads\/2025\/12\/Zrzut-ekranu-2025-12-25-112012-medium.jpg\" alt=\"iQOO Z11 Turbo\" width=\"500\" height=\"370\"   itemprop=\"image\" \/><\/a><\/p>\n<p id=\"caption-attachment-1623767\" class=\"wp-caption-text\">iQOO Z11 Turbo \/ fot. producenta<\/p>\n<p>Je\u017celi chodzi o wydajno\u015b\u0107, to iQOO Z11 Turbo zaoferuje Snapdragona 8 Gen 5, a wi\u0119c procesor reprezentuj\u0105cy eks-flagowy poziom mocy. Nie znam wariant\u00f3w pami\u0119ci, ale jestem jako\u015b dziwnie spokojny, \u017ce przez wzrost cena na rynku pami\u0119ci b\u0119dzie to 8\/256 i 12\/256 GB.<\/p>\n<p>Mniejsze wymiary, wi\u0119ksza bateria i niska cena<\/p>\n<p>Do\u015b\u0107 nietypowo jak na skupiony na wydajno\u015bci telefon ekran b\u0119dzie nieco mniejszy. Mam tutaj na my\u015bli przek\u0105tn\u0105 6.59 cala. Na szcz\u0119\u015bcie nie zabraknie 120 Hz od\u015bwie\u017cania oraz rozdzielczo\u015bci 1.5K. To panel LTPS \u2013 koszty nigdy nie pozwol\u0105 na LTPO w tej cenie.<\/p>\n<p>Na szcz\u0119\u015bcie funduszy nie brak\u0142o na masywn\u0105 bateri\u0119 o pojemno\u015bci a\u017c 7600 mAh. Producent w serwisie\u00a0Weibo potwierdzi\u0142 te\u017c dat\u0119 premiery \u2013 b\u0119dzie to stycze\u0144 \u2013 oraz cen\u0119. iQOO Z11 Turbo ma kosztowa\u0107 poni\u017cej 2500 juan\u00f3w, co przy obecnym kursie przek\u0142ada si\u0119 na kwot\u0119 1270 z\u0142otych. Przy takiej specyfikacji to doskona\u0142a wycena.<\/p>\n<p>Je\u017celi chodzi o podobne premiery, to niebawem trafi od nas <a href=\"https:\/\/www.gsmmaniak.pl\/1623726\/vivo-v70-certyfikacje-specyfikacja-global\/\" rel=\"nofollow noopener\" target=\"_blank\">vivo V70<\/a>. Stawiam, \u017ce cena b\u0119dzie bardzo zbli\u017cona, ale to \u015bredniak nastawiony na fotografi\u0119. Do tego mamy jeszcze <a href=\"https:\/\/www.gsmmaniak.pl\/1623723\/oneplus-turbo-oficjalna-zapowiedz\/\" rel=\"nofollow noopener\" target=\"_blank\">OnePlusa Nord 6<\/a>. Tak naprawd\u0119 najsolidniejszym rywalem pozostaje jednak <a href=\"https:\/\/www.gsmmaniak.pl\/1617676\/poco-f8-pro-test-recenzja-opinia\/\" rel=\"nofollow noopener\" target=\"_blank\">POCO F8 Pro<\/a>, kt\u00f3rego mia\u0142em ju\u017c okazj\u0119 testowa\u0107.<\/p>\n<blockquote class=\"wp-embedded-content\" data-secret=\"dN3HOWMQOG\">\n<p><a href=\"https:\/\/www.gsmmaniak.pl\/1617676\/poco-f8-pro-test-recenzja-opinia\/\" rel=\"nofollow noopener\" target=\"_blank\">TEST | POCO F8 Pro jest mniejszy, a jednak wi\u0119kszy. Nie zapraszam do dyskusji, to najlepiej wyceniony telefon 2025 roku<\/a><\/p>\n<\/blockquote>\n<p>\u0179r\u00f3dlo: <a href=\"https:\/\/weibo.com\/7126651316\/Qk0yxziWf\" rel=\"nofollow noopener\" target=\"_blank\">producenta<\/a>, opracowanie w\u0142asne<\/p>\n","protected":false},"excerpt":{"rendered":"iQOO Z11 Turbo zosta\u0142 ju\u017c oficjalnie zapowiedziany jako bezpo\u015bredni rywal dla POCO F8 Pro. Znamy specyfikacj\u0119 oraz cen\u0119.&hellip;\n","protected":false},"author":2,"featured_media":171767,"comment_status":"","ping_status":"","sticky":false,"template":"","format":"standard","meta":{"footnotes":""},"categories":[20],"tags":[120,118,119,42,38,40,39,41,116,114,115,121,117],"class_list":{"0":"post-171766","1":"post","2":"type-post","3":"status-publish","4":"format-standard","5":"has-post-thumbnail","7":"category-nauka-i-technika","8":"tag-nauka","9":"tag-nauka-i-technika","10":"tag-naukatechnika","11":"tag-pl","12":"tag-poland","13":"tag-polish","14":"tag-polska","15":"tag-polski","16":"tag-science","17":"tag-science-and-technology","18":"tag-sciencetechnology","19":"tag-technika","20":"tag-technology"},"share_on_mastodon":{"url":"https:\/\/pubeurope.com\/@pl\/115785345749371955","error":""},"_links":{"self":[{"href":"https:\/\/www.europesays.com\/pl\/wp-json\/wp\/v2\/posts\/171766","targetHints":{"allow":["GET"]}}],"collection":[{"href":"https:\/\/www.europesays.com\/pl\/wp-json\/wp\/v2\/posts"}],"about":[{"href":"https:\/\/www.europesays.com\/pl\/wp-json\/wp\/v2\/types\/post"}],"author":[{"embeddable":true,"href":"https:\/\/www.europesays.com\/pl\/wp-json\/wp\/v2\/users\/2"}],"replies":[{"embeddable":true,"href":"https:\/\/www.europesays.com\/pl\/wp-json\/wp\/v2\/comments?post=171766"}],"version-history":[{"count":0,"href":"https:\/\/www.europesays.com\/pl\/wp-json\/wp\/v2\/posts\/171766\/revisions"}],"wp:featuredmedia":[{"embeddable":true,"href":"https:\/\/www.europesays.com\/pl\/wp-json\/wp\/v2\/media\/171767"}],"wp:attachment":[{"href":"https:\/\/www.europesays.com\/pl\/wp-json\/wp\/v2\/media?parent=171766"}],"wp:term":[{"taxonomy":"category","embeddable":true,"href":"https:\/\/www.europesays.com\/pl\/wp-json\/wp\/v2\/categories?post=171766"},{"taxonomy":"post_tag","embeddable":true,"href":"https:\/\/www.europesays.com\/pl\/wp-json\/wp\/v2\/tags?post=171766"}],"curies":[{"name":"wp","href":"https:\/\/api.w.org\/{rel}","templated":true}]}}