{"id":171784,"date":"2025-12-26T10:23:10","date_gmt":"2025-12-26T10:23:10","guid":{"rendered":"https:\/\/www.europesays.com\/pl\/171784\/"},"modified":"2025-12-26T10:23:10","modified_gmt":"2025-12-26T10:23:10","slug":"wolodymyr-zelenski-spotka-sie-z-donaldem-trumpem-wiele-moze-sie-rozstrzygnac-2","status":"publish","type":"post","link":"https:\/\/www.europesays.com\/pl\/171784\/","title":{"rendered":"Wo\u0142odymyr Ze\u0142enski spotka si\u0119 z Donaldem Trumpem. &#8222;Wiele mo\u017ce si\u0119 rozstrzygn\u0105\u0107&#8221;"},"content":{"rendered":"<ul class=\"UnorderedList_container__nmfSl\">\n<li class=\"UnorderedList_listElement__Py7xi\" data-id=\"ai-summary-link\">Du\u017co czytania, a ma\u0142o czasu? Sprawd\u017a\u00a0skr\u00f3t\u00a0artyku\u0142u<\/li>\n<\/ul>\n<p class=\"Paragraph_desktopParagraph__U31Gm\">Jak informuje Kyiv Post, powo\u0142uj\u0105c si\u0119 na \u017ar\u00f3d\u0142a, spotkanie Ze\u0142enskiego ze stron\u0105 ameryka\u0144sk\u0105 mo\u017ce odby\u0107 si\u0119 ju\u017c w niedziel\u0119, 28 grudnia. Przyw\u00f3dca Ukrainy przyjecha\u0107 ma do Mar-a-Lago, rezydencji Donalda Trumpa na Florydzie.<\/p>\n<p class=\"VideoPlayerText_videoPlayerText__iDwyz\">Dalszy ci\u0105g materia\u0142u pod wideo<\/p>\n<p class=\"Paragraph_desktopParagraph__U31Gm\">P\u00f3\u017aniej o spotkaniu napisa\u0142 sam Ze\u0142enski w serwisie X. &#8222;Rustem Umierow [sekretarz Rady Bezpiecze\u0144stwa Narodowego i Obrony Ukrainy] poinformowa\u0142 o swoich ostatnich kontaktach ze stron\u0105 ameryka\u0144sk\u0105. Nie tracimy ani jednego dnia. Um\u00f3wili\u015bmy si\u0119 na spotkanie na najwy\u017cszym szczeblu \u2014 z prezydentem Trumpem w najbli\u017cszej przysz\u0142o\u015bci. Wiele mo\u017ce si\u0119 jeszcze rozstrzygn\u0105\u0107 przed Nowym Rokiem&#8221; \u2014 poinformowa\u0142.<\/p>\n<ul class=\"OchatFollowUps_wrapper__1ry7X\">\n<li class=\"OchatFollowUps_item__Dhyly OchatFollowUps_itemDesktop__R6aBv\">Kiedy Wo\u0142odymyr Ze\u0142enski przybywa na Floryd\u0119?<\/li>\n<li class=\"OchatFollowUps_item__Dhyly OchatFollowUps_itemDesktop__R6aBv\">Co m\u00f3wi\u0142 Ze\u0142enski o rozmowie z przedstawicielami Trumpa?<\/li>\n<li class=\"OchatFollowUps_item__Dhyly OchatFollowUps_itemDesktop__R6aBv\">Gdzie odb\u0119dzie si\u0119 spotkanie Ze\u0142enskiego z Trumpem?<\/li>\n<li class=\"OchatFollowUps_item__Dhyly OchatFollowUps_itemDesktop__R6aBv\">Jakie tematy by\u0142y omawiane podczas rozmowy Ze\u0142enskiego z ameryka\u0144sk\u0105 delegacj\u0105?<\/li>\n<\/ul>\n<p>&#8222;Bardzo dobra rozmowa&#8221; Wo\u0142odymyra Ze\u0142enskiego z przedstawicielami Donalda Trumpa <\/p>\n<p class=\"Paragraph_desktopParagraph__U31Gm\"><a href=\"https:\/\/wiadomosci.onet.pl\/swiat\/sa-dobre-pomysly-zelenski-zabral-glos-po-rozmowach-z-delegacja-usa\/cj7l6ns\" id=\"a118ff37-559d-4b94-bfe7-bdbde0ef36fe\" rel=\"nofollow noopener\" target=\"_blank\">W czwartek Ze\u0142enski przekaza\u0142,<\/a> \u017ce odby\u0142 godzinn\u0105 rozmow\u0119 telefoniczn\u0105 z wys\u0142annikami prezydenta USA, Stevem Witkoffem i Jaredem Kushnerem. Jak wskaza\u0142, by\u0142a to &#8222;dog\u0142\u0119bna analiza format\u00f3w, spotka\u0144 i harmonogramu, potrzebnych do powstrzymania rozlewy krwi&#8221;.<\/p>\n<p class=\"Paragraph_desktopParagraph__U31Gm\">Ukrai\u0144ski prezydent zaznaczy\u0142, \u017ce by\u0142a to &#8222;bardzo dobra rozmowa&#8221;, podczas kt\u00f3rej pojawi\u0142y si\u0119 &#8222;dobre pomys\u0142y, kt\u00f3re mog\u0105 zaowocowa\u0107 wsp\u00f3lnym rezultatem i trwa\u0142ym pokojem&#8221;. &#8222;Niekt\u00f3re dokumenty s\u0105 ju\u017c gotowe. Z mojego punktu widzenia s\u0105 prawie gotowe. A niekt\u00f3re w pe\u0142ni&#8221; \u2014 oznajmi\u0142 Ze\u0142enski, cytowany przez Kyiv Post.<\/p>\n<p class=\"Paragraph_desktopParagraph__U31Gm\">Gazeta przekaza\u0142a r\u00f3wnie\u017c, \u017ce g\u0142\u00f3wny negocjator Kijowa Rustem Umerow w czwartek pozosta\u0142 w kontakcie telefonicznym z ameryka\u0144sk\u0105 delegacj\u0105.<\/p>\n<p class=\"Paragraph_desktopParagraph__U31Gm\"><a href=\"https:\/\/wiadomosci.onet.pl\/swiat\/wolodymyr-zelenski-ujawnia-pelny-20-punktowy-projekt-planu-pokojowego\/s6431pq\" id=\"d8fd3bcb-c51c-4219-8c52-0b8b9ae7c604\" rel=\"nofollow noopener\" target=\"_blank\">W \u015brod\u0119, 24 grudnia Ze\u0142enski ujawni\u0142 pe\u0142ny 20-punktowy projekt planu pokojowego <\/a>dotycz\u0105cego zako\u0144czenia wojny rosyjsko-ukrai\u0144skiej. Przewiduje on zamro\u017cenie konfliktu na obecnych liniach kontaktowych. Nowy plan m\u00f3wi m.in. r\u00f3wnie\u017c o tym, \u017ce Ukraina utrzyma\u0142aby armi\u0119 licz\u0105c\u0105 800 tys. \u017co\u0142nierzy, gwarancje bezpiecze\u0144stwa odzwierciedla\u0142yby postanowienia artyku\u0142u 5. NATO, a Rosja zobowi\u0105za\u0142aby si\u0119 prawnie do nieagresji. Kwestie terytorialne pozostaj\u0105 nierozwi\u0105zane.<\/p>\n","protected":false},"excerpt":{"rendered":"Du\u017co czytania, a ma\u0142o czasu? Sprawd\u017a\u00a0skr\u00f3t\u00a0artyku\u0142u Jak informuje Kyiv Post, powo\u0142uj\u0105c si\u0119 na \u017ar\u00f3d\u0142a, spotkanie Ze\u0142enskiego ze stron\u0105&hellip;\n","protected":false},"author":2,"featured_media":171785,"comment_status":"","ping_status":"","sticky":false,"template":"","format":"standard","meta":{"footnotes":""},"categories":[14],"tags":[32,33,58,1350,27,67,34,35,16022,28,31,53,25,52,68,51,55,13037,40,41,23647,47,59,80,29,30,390,65,50,26,309,82,83,84],"class_list":{"0":"post-171784","1":"post","2":"type-post","3":"status-publish","4":"format-standard","5":"has-post-thumbnail","7":"category-swiat","8":"tag-breaking-news","9":"tag-breakingnews","10":"tag-donald_trump_prezydent_usa","11":"tag-floryda","12":"tag-headlines","13":"tag-intextvideo_splayer","14":"tag-latest-news","15":"tag-latestnews","16":"tag-mar_a_lago","17":"tag-naglowki","18":"tag-najwazniejsze-artykuly","19":"tag-new_header","20":"tag-news","21":"tag-onet3","22":"tag-onet3d","23":"tag-onet3d_2i","24":"tag-phx","25":"tag-plan_pokojowy","26":"tag-polish","27":"tag-polski","28":"tag-rustem_umerow","29":"tag-screening_general","30":"tag-stany_zjednoczone_usa","31":"tag-swiat","32":"tag-top-stories","33":"tag-topstories","34":"tag-ukraina_ukrainiec_ukrainka_ukraincy_ukrainki","35":"tag-update_me","36":"tag-v2021","37":"tag-wiadomosci","38":"tag-wolodymyr_zelenski","39":"tag-world","40":"tag-world-news","41":"tag-worldnews"},"share_on_mastodon":{"url":"","error":"Validation failed: Text character limit of 500 exceeded"},"_links":{"self":[{"href":"https:\/\/www.europesays.com\/pl\/wp-json\/wp\/v2\/posts\/171784","targetHints":{"allow":["GET"]}}],"collection":[{"href":"https:\/\/www.europesays.com\/pl\/wp-json\/wp\/v2\/posts"}],"about":[{"href":"https:\/\/www.europesays.com\/pl\/wp-json\/wp\/v2\/types\/post"}],"author":[{"embeddable":true,"href":"https:\/\/www.europesays.com\/pl\/wp-json\/wp\/v2\/users\/2"}],"replies":[{"embeddable":true,"href":"https:\/\/www.europesays.com\/pl\/wp-json\/wp\/v2\/comments?post=171784"}],"version-history":[{"count":0,"href":"https:\/\/www.europesays.com\/pl\/wp-json\/wp\/v2\/posts\/171784\/revisions"}],"wp:featuredmedia":[{"embeddable":true,"href":"https:\/\/www.europesays.com\/pl\/wp-json\/wp\/v2\/media\/171785"}],"wp:attachment":[{"href":"https:\/\/www.europesays.com\/pl\/wp-json\/wp\/v2\/media?parent=171784"}],"wp:term":[{"taxonomy":"category","embeddable":true,"href":"https:\/\/www.europesays.com\/pl\/wp-json\/wp\/v2\/categories?post=171784"},{"taxonomy":"post_tag","embeddable":true,"href":"https:\/\/www.europesays.com\/pl\/wp-json\/wp\/v2\/tags?post=171784"}],"curies":[{"name":"wp","href":"https:\/\/api.w.org\/{rel}","templated":true}]}}