{"id":171788,"date":"2025-12-26T10:25:10","date_gmt":"2025-12-26T10:25:10","guid":{"rendered":"https:\/\/www.europesays.com\/pl\/171788\/"},"modified":"2025-12-26T10:25:10","modified_gmt":"2025-12-26T10:25:10","slug":"rosja-szykuje-plan-na-wschodnia-flanke-nato-punkty-kontrolne-onet","status":"publish","type":"post","link":"https:\/\/www.europesays.com\/pl\/171788\/","title":{"rendered":"Rosja szykuje plan na wschodni\u0105 flank\u0119 NATO? &quot;Punkty kontrolne&quot; &#8211; Onet"},"content":{"rendered":"<ol>\n<li><a href=\"https:\/\/news.google.com\/rss\/articles\/CBMiwAFBVV95cUxNTlFpMWNtU1duRDhMcVNQeDA1UFFmalhIM1dWdGk2Nm5jUlN1dWFhUGUyU25QQVMtM1M2OEZMZXBEUjBiRWFXLUQ2cXY5aERvRHp2YWNFVXhPbGtpOUtFSFQ2VVJOcDFrOS1sM1VlVmN5UUQ5cXJIRHE4LU14MkFnRDBuTjN3ZXktZUY5ZnZodG5hWWN0S0R5TFhDVWN2cmt6ZWZFTHZEUmdBbWRBY3VEeTFQWmRLSGRKQVhreWZKalM?oc=5\" target=\"_blank\" rel=\"nofollow noopener\">Rosja szykuje plan na wschodni\u0105 flank\u0119 NATO? &#8222;Punkty kontrolne&#8221;<\/a>&nbsp;&nbsp;Onet<\/li>\n<li><a href=\"https:\/\/news.google.com\/rss\/articles\/CBMiowFBVV95cUxNaW1XX1YzakVJUFQ5Zk03emdLZWdQMnZDQVc4b3dnc1o2d1dHbjhXZEd4NmJsSUpnNmdwLVRBbU05d19xUUxFZ0toZlNVaVZtWW55WExyU3o5MURPazhtMVNFOXRsQ0o2MTFybUVFT3NCSFItXzdNNnJlYzkzQktaSmdydUU3U0ZCX1dLWDJOd3AzNHZReGFna3ZfaS15WnkwaDUw?oc=5\" target=\"_blank\" rel=\"nofollow noopener\">Rosja szykuje plan na wschodni\u0105 flank\u0119 NATO? Ekspert alarmuje<\/a>&nbsp;&nbsp;Onet Wiadomo\u015bci<\/li>\n<li><a href=\"https:\/\/news.google.com\/rss\/articles\/CBMirgFBVV95cUxOckF5ZUl0VE1FaElnRnJfcVZYWnB1UndZZkF6aGVBT2k4X2U5RWhlcG9GS0lzSG8tWExSZUc3SEZ6aFBQUHhQYTZxREtJT0J4R3JXdUl2YV9UZUZ1WjRXTmpyOXMwWm93bWt5dW1CdEcwTzBXeC1xbTZURFYzbjJkUUMyb2JYanRaSEFKMGh6ZFZNaElSU3k0ZW9GdGhoemYwbmlWUWx6MndFUGRoREE?oc=5\" target=\"_blank\" rel=\"nofollow noopener\">Rosja zn\u00f3w proponuje pakt. Zacharowa apeluje o podpisanie dokumentu<\/a>&nbsp;&nbsp;WP Wiadomo\u015bci<\/li>\n<li><a href=\"https:\/\/news.google.com\/rss\/articles\/CBMiowFBVV95cUxQOExTWXl6bGo0c05xVVdGcWMwZDdqMGViUTJubWV6eFBiY1B0N280RTBJVlQ5S0FxcUhsQWQ0RGc5YUNfSUhxZGdILWxOLVl1R1NIOE1ENjhqMXlLSzEydlFqVC1lVnhwRkRsTWRscFgzREZmdXl4NHhhQVBFS3RKZXk4bzc0Uk95bnNwaVF0UWlfaGN5ZGtiU3A3V2VwUF95QkVN0gGgAUFVX3lxTFBqaEN0OVAydl9TX1Q2MFJzOTZjMjVMODVnMVloTkVlQzQ0bVN4VXE3OUd3WkJ1MXR1R1d0WVo0NXktV1J4akVKVWJrdFlyMjA1bXhScWZQMXQ4UnB4UXJ6TzlaWFVmQk4xYl84aTExSnlILVpWVTFna0FzM3RVR2g3LTAyZ3FEX193OERFMWpHV0NOR2pqWnQzdWRFNlFvT20?oc=5\" target=\"_blank\" rel=\"nofollow noopener\">Obw\u00f3d kr\u00f3lewiecki. Rosja przygotowuje si\u0119 do eskalacji konfliktu?<\/a>&nbsp;&nbsp;Do Rzeczy<\/li>\n<li><a href=\"https:\/\/news.google.com\/rss\/articles\/CBMixwFBVV95cUxOOGRGNmpYVnVRYjJDWFlFMHk1YXlPWnQzSFhPLTBmYW1lLTNjWHBwQWJ5dE5WdHYxa084MjNjMlBBdjA2VEVLbnpwZEUwbFZrYjZIbTlaQUFfN24xd3F6elRwT0tjQ0p6QkNQYnRNVlphQkNfb21YSXZWTlduV1ZsWkNOTmxoUmU1ZnV1c3ZmdVZUNHR5QkIxbm4xUnd0Q0Nma09zNkx3aHlkemdSQS1DTUExVlN1N3BPcEViU09Sc0ViLU82LTdZ?oc=5\" target=\"_blank\" rel=\"nofollow noopener\">Na ile realny jest atak Rosji na Polsk\u0119? &#8222;Ta narracja s\u0142u\u017cy Ukrai\u0144com&#8221;<\/a>&nbsp;&nbsp;Wiadomo\u015bci z kraju i ze \u015bwiata &#8211; Dziennik.pl<\/li>\n<\/ol>\n","protected":false},"excerpt":{"rendered":"Rosja szykuje plan na wschodni\u0105 flank\u0119 NATO? &#8222;Punkty kontrolne&#8221;&nbsp;&nbsp;Onet Rosja szykuje plan na wschodni\u0105 flank\u0119 NATO? Ekspert alarmuje&nbsp;&nbsp;Onet&hellip;\n","protected":false},"author":2,"featured_media":171789,"comment_status":"","ping_status":"","sticky":false,"template":"","format":"standard","meta":{"footnotes":""},"categories":[5],"tags":[32,33,36,37,27,64,13421,34,35,715,28,31,53,25,12408,52,68,51,55,42,38,40,39,41,24928,62,47,29,30,390,65,50,26,418],"class_list":{"0":"post-171788","1":"post","2":"type-post","3":"status-publish","4":"format-standard","5":"has-post-thumbnail","7":"category-naglowki","8":"tag-breaking-news","9":"tag-breakingnews","10":"tag-featured-news","11":"tag-featurednews","12":"tag-headlines","13":"tag-inwazja_rosji_na_ukraine_2014_","14":"tag-krolewiec_miasto_kaliningrad","15":"tag-latest-news","16":"tag-latestnews","17":"tag-litwa_kraj","18":"tag-naglowki","19":"tag-najwazniejsze-artykuly","20":"tag-new_header","21":"tag-news","22":"tag-obwod_krolewiecki_kaliningradzki","23":"tag-onet3","24":"tag-onet3d","25":"tag-onet3d_2i","26":"tag-phx","27":"tag-pl","28":"tag-poland","29":"tag-polish","30":"tag-polska","31":"tag-polski","32":"tag-przesmyk_suwalski","33":"tag-rosja_kraj_rosjanin_rosjanie_rosjanka_rosjanki","34":"tag-screening_general","35":"tag-top-stories","36":"tag-topstories","37":"tag-ukraina_ukrainiec_ukrainka_ukraincy_ukrainki","38":"tag-update_me","39":"tag-v2021","40":"tag-wiadomosci","41":"tag-wladimir_putin_rosyjski_prezydent"},"share_on_mastodon":{"url":"","error":"Validation failed: Text character limit of 500 exceeded"},"_links":{"self":[{"href":"https:\/\/www.europesays.com\/pl\/wp-json\/wp\/v2\/posts\/171788","targetHints":{"allow":["GET"]}}],"collection":[{"href":"https:\/\/www.europesays.com\/pl\/wp-json\/wp\/v2\/posts"}],"about":[{"href":"https:\/\/www.europesays.com\/pl\/wp-json\/wp\/v2\/types\/post"}],"author":[{"embeddable":true,"href":"https:\/\/www.europesays.com\/pl\/wp-json\/wp\/v2\/users\/2"}],"replies":[{"embeddable":true,"href":"https:\/\/www.europesays.com\/pl\/wp-json\/wp\/v2\/comments?post=171788"}],"version-history":[{"count":0,"href":"https:\/\/www.europesays.com\/pl\/wp-json\/wp\/v2\/posts\/171788\/revisions"}],"wp:featuredmedia":[{"embeddable":true,"href":"https:\/\/www.europesays.com\/pl\/wp-json\/wp\/v2\/media\/171789"}],"wp:attachment":[{"href":"https:\/\/www.europesays.com\/pl\/wp-json\/wp\/v2\/media?parent=171788"}],"wp:term":[{"taxonomy":"category","embeddable":true,"href":"https:\/\/www.europesays.com\/pl\/wp-json\/wp\/v2\/categories?post=171788"},{"taxonomy":"post_tag","embeddable":true,"href":"https:\/\/www.europesays.com\/pl\/wp-json\/wp\/v2\/tags?post=171788"}],"curies":[{"name":"wp","href":"https:\/\/api.w.org\/{rel}","templated":true}]}}