{"id":171790,"date":"2025-12-26T10:26:07","date_gmt":"2025-12-26T10:26:07","guid":{"rendered":"https:\/\/www.europesays.com\/pl\/171790\/"},"modified":"2025-12-26T10:26:07","modified_gmt":"2025-12-26T10:26:07","slug":"zuzel-mowilo-sie-ze-sam-zrezygnowal-z-grand-prix-teraz-wyznaczyl-sobie-date-powrotu-do-elity","status":"publish","type":"post","link":"https:\/\/www.europesays.com\/pl\/171790\/","title":{"rendered":"\u017bu\u017cel. M\u00f3wi\u0142o si\u0119, \u017ce sam zrezygnowa\u0142 z Grand Prix. Teraz wyznaczy\u0142 sobie dat\u0119 powrotu do elity"},"content":{"rendered":"\n<p class=\"contentpart contentpart--default contentpart--text\" data-position=\"0\">Ju\u017c pod koniec sezonu wiele m\u00f3wi\u0142o si\u0119, \u017ce zawodnik sam zabiera\u0142 o takie rozstrzygni\u0119cie i chcia\u0142 sobie zrobi\u0107 przerw\u0119 od jazdy w mistrzostwach \u015bwiata. Mia\u0142o to by\u0107 zwi\u0105zane z transferem do <a href=\"https:\/\/sportowefakty.wp.pl\/zuzel\/orlen-oil-motor-lublin\" rel=\"nofollow noopener\" target=\"_blank\">Orlen Oil Motoru Lublin<\/a>\u00a0i ch\u0119ci\u0105 ustabilizowania formy po kiepskim sezonie. Te informacje brzmia\u0142y wiarygodnie, bo S\u0142owak od lat ma \u015bwietne relacje z Armando Castagn\u0105, kt\u00f3ry ma ogromny wp\u0142yw na przyznawanie nominacji do mistrzostw \u015bwiata.<\/p>\n<p class=\"contentpart contentpart--default contentpart--text\" data-position=\"1\">Cho\u0107 Vaculik nie chce tego komentowa\u0107, to dzisiaj wiadomo, \u017ce \u017cadnych rozm\u00f3w\u00a0z promotorami w tej sprawie nie by\u0142o, a brak nominacji, to efekt samodzielnej decyzji w\u0142adz Grand Prix. Sam \u017cu\u017clowiec nie chcia\u0142 rezygnowa\u0107 z jazdy, bo ba\u0142 si\u0119, \u017ce mog\u0142oby mu to utrudni\u0107 powr\u00f3t do cyklu w przysz\u0142o\u015bci. O brak szansy nie ma jednak \u017cadnych pretensji i mo\u017cna odnie\u015b\u0107 wra\u017cenie, \u017ce przyj\u0105\u0142 to z ulg\u0105.<\/p>\n<p> <img role=\"presentation\" src=\"https:\/\/std.wpcdn.pl\/images\/adv\/placeholder_wp.svg\" loading=\"lazy\" alt=\"\" decoding=\"async\"\/>  <\/p>\n<p class=\"contentpart contentpart--default contentpart--text\" data-position=\"2\">ZOBACZ WIDEO: KL\u017b bez transmisji? Przewodnicz\u0105cy GKS\u017b m\u00f3wi wprost<\/p>\n<p class=\"contentpart contentpart--default contentpart--text\" data-position=\"4\">&#8211;\u00a0Chc\u0119 by\u0107 w elicie, ale interesuje mnie jedynie walka o medale. Miejsca 4-12, to oczywi\u015bcie spory sukces, ale w takiej sytuacji by\u0142em ju\u017c wiele razy i dzisiaj oczekuje od siebie wi\u0119cej.\u00a0Gdybym by\u0142 organizatorem Grand Prix, to sam nie przyzna\u0142bym sobie dzikiej karty.\u00a0Sportowo nie pokaza\u0142em w tym roku zbyt du\u017co w Grand Prix\u00a0&#8211; dodaje <a href=\"https:\/\/sportowefakty.wp.pl\/zuzel\/martin-vaculik\" rel=\"nofollow noopener\" target=\"_blank\">Martin Vaculik<\/a>.<\/p>\n<p class=\"contentpart contentpart--default contentpart--text\" data-position=\"5\">Brak wyst\u0119p\u00f3w w mistrzostwach \u015bwiata spowodowa\u0142 spore zmiany w najbli\u017cszym otoczeniu zawodnika. Z teamem rozsta\u0142 si\u0119 mened\u017cer i najbli\u017cszy doradca Bjarne Pedersen, ale w tym przypadku Vaculik dopuszcza powr\u00f3t do wsp\u00f3\u0142pracy w przypadku awansu do Grand Prix w kolejnych latach. Rozstanie z Du\u0144czykiem to zreszt\u0105 nie jedyna zmiana, bo po ostatnim sezonie S\u0142owak stawia na wsp\u00f3\u0142prac\u0119 z tunerem Ashley&#8217;em Holloway&#8217;em. Wszystko po to by, wr\u00f3ci\u0107 do&#8230; Grand Prix.<\/p>\n<p class=\"contentpart contentpart--default contentpart--text\" data-position=\"6\">&#8211;\u00a0Da\u0142em sobie czas do 2028 roku, by wr\u00f3ci\u0107 do Grand Prix. Do tego czasu chc\u0119 ustabilizowa\u0107 swoj\u0105 dyspozycj\u0119 w lidze. By\u0107 mo\u017ce wystartuje w mistrzostwach Europy.\u00a0Ten rok by\u0142 dla mnie trudny, ale gdy b\u0119d\u0119 czu\u0142, \u017ce jestem gotowy do walki o mistrzostwo \u015bwiata, to zrobi\u0119 wszystko, by wr\u00f3ci\u0107 do elity &#8211; dodaje Vaculik.<\/p>\n","protected":false},"excerpt":{"rendered":"Ju\u017c pod koniec sezonu wiele m\u00f3wi\u0142o si\u0119, \u017ce zawodnik sam zabiera\u0142 o takie rozstrzygni\u0119cie i chcia\u0142 sobie zrobi\u0107&hellip;\n","protected":false},"author":2,"featured_media":171791,"comment_status":"","ping_status":"","sticky":false,"template":"","format":"standard","meta":{"footnotes":""},"categories":[24],"tags":[4800,2164,42,38,40,39,41,127,126,174],"class_list":{"0":"post-171790","1":"post","2":"type-post","3":"status-publish","4":"format-standard","5":"has-post-thumbnail","7":"category-sport","8":"tag-martin-vaculik","9":"tag-orlen-oil-motor-lublin","10":"tag-pl","11":"tag-poland","12":"tag-polish","13":"tag-polska","14":"tag-polski","15":"tag-sport","16":"tag-sports","17":"tag-zuzel"},"share_on_mastodon":{"url":"https:\/\/pubeurope.com\/@pl\/115785393150529012","error":""},"_links":{"self":[{"href":"https:\/\/www.europesays.com\/pl\/wp-json\/wp\/v2\/posts\/171790","targetHints":{"allow":["GET"]}}],"collection":[{"href":"https:\/\/www.europesays.com\/pl\/wp-json\/wp\/v2\/posts"}],"about":[{"href":"https:\/\/www.europesays.com\/pl\/wp-json\/wp\/v2\/types\/post"}],"author":[{"embeddable":true,"href":"https:\/\/www.europesays.com\/pl\/wp-json\/wp\/v2\/users\/2"}],"replies":[{"embeddable":true,"href":"https:\/\/www.europesays.com\/pl\/wp-json\/wp\/v2\/comments?post=171790"}],"version-history":[{"count":0,"href":"https:\/\/www.europesays.com\/pl\/wp-json\/wp\/v2\/posts\/171790\/revisions"}],"wp:featuredmedia":[{"embeddable":true,"href":"https:\/\/www.europesays.com\/pl\/wp-json\/wp\/v2\/media\/171791"}],"wp:attachment":[{"href":"https:\/\/www.europesays.com\/pl\/wp-json\/wp\/v2\/media?parent=171790"}],"wp:term":[{"taxonomy":"category","embeddable":true,"href":"https:\/\/www.europesays.com\/pl\/wp-json\/wp\/v2\/categories?post=171790"},{"taxonomy":"post_tag","embeddable":true,"href":"https:\/\/www.europesays.com\/pl\/wp-json\/wp\/v2\/tags?post=171790"}],"curies":[{"name":"wp","href":"https:\/\/api.w.org\/{rel}","templated":true}]}}