{"id":171792,"date":"2025-12-26T10:27:29","date_gmt":"2025-12-26T10:27:29","guid":{"rendered":"https:\/\/www.europesays.com\/pl\/171792\/"},"modified":"2025-12-26T10:27:29","modified_gmt":"2025-12-26T10:27:29","slug":"justin-bieber-o-cieniach-slawy-czulem-sie-uzyty","status":"publish","type":"post","link":"https:\/\/www.europesays.com\/pl\/171792\/","title":{"rendered":"Justin Bieber o cieniach s\u0142awy. &#8222;Czu\u0142em si\u0119 u\u017cyty&#8221;"},"content":{"rendered":"<p class=\"typography ids-typeset-body ids-typeset-body--preset-large link paragraph ids-paragraph ids-paragraph--default\">31-letni wokalista w \u015brod\u0119, 24 grudnia, zamie\u015bci\u0142 na Instagramie seri\u0119 wpis\u00f3w, w kt\u00f3rych zach\u0119ca\u0142 do zatrzymania si\u0119 i zastanowienia nad tym, co naprawd\u0119 daje poczucie spe\u0142nienia. &#8222;Czas Bo\u017cego Narodzenia to moment, by si\u0119 zatrzyma\u0107 i zapyta\u0107 siebie, czego tak naprawd\u0119 chcemy. Co naprawd\u0119 nas spe\u0142nia?&#8221; &#8211; napisa\u0142 Bieber.<\/p>\n<p class=\"typography ids-typeset-body ids-typeset-body--preset-large link paragraph ids-paragraph ids-paragraph--default\">Doda\u0142 te\u017c, \u017ce \u015bwi\u0119ta przypominaj\u0105 mu o wierze i znaczeniu przebaczenia.<\/p>\n<p class=\"typography ids-typeset-body ids-typeset-body--preset-large link paragraph ids-paragraph ids-paragraph--default\">&#8222;Bo\u017ce Narodzenie jest przypomnieniem o darmowym darze przebaczenia, kt\u00f3ry tylko On mo\u017ce ofiarowa\u0107. Odpu\u015bci\u0107 uraz\u0119 jest trudno&#8221;. Wed\u0142ug Biebera te \u015bwi\u0105teczne refleksje pomagaj\u0105 mu zrozumie\u0107 w\u0142asne emocje i proces leczenia, kt\u00f3ry trwa od lat.<\/p>\n<ul class=\"typography ids-typeset-body ids-typeset-body--preset-small list--article-list ids-list ids-list--unordered ids-list--size-small \" datatype=\"disc\">\n<li class=\"ids-list-item ids-list-item__content brief-list-item\"><a class=\"ids-undecorated-link link ids-link \" data-spons=\"false\" href=\"https:\/\/muzyka.interia.pl\/pop\/news-leon-myszkowski-zareczyl-sie-z-ksenia-ngo-steczkowska-koment,nId,22502816\" rel=\"nofollow noopener\" target=\"_blank\">Leon Myszkowski zar\u0119czy\u0142 si\u0119 z Kseni\u0105 Ngo. Steczkowska komentuje<\/a><\/li>\n<li class=\"ids-list-item ids-list-item__content brief-list-item\"><a class=\"ids-undecorated-link link ids-link \" data-spons=\"false\" href=\"https:\/\/muzyka.interia.pl\/koncerty\/news-najlepsze-koncerty-w-2025-roku-nie-zobaczycie-w-zyciu-nic-ba,nId,22501952\" rel=\"nofollow noopener\" target=\"_blank\">Najlepsze koncerty w 2025 roku. &#8222;Nie zobaczycie w \u017cyciu nic bardziej uroczego&#8221;<\/a><\/li>\n<\/ul>\n<p>Wspomnienia z m\u0142odzie\u0144czej kariery<\/p>\n<p class=\"typography ids-typeset-body ids-typeset-body--preset-large link paragraph ids-paragraph ids-paragraph--default\">Artysta przywo\u0142a\u0142 te\u017c swoje pocz\u0105tki w przemy\u015ble muzycznym. Kariera Biebera zacz\u0119\u0142a si\u0119 na dobre wraz z wydaniem EP My World w 2009 roku, gdy mia\u0142 zaledwie 15 lat. W opublikowanych notatkach pod tytu\u0142em &#8222;A Message&#8221; napisa\u0142:<\/p>\n<p class=\"typography ids-typeset-body ids-typeset-body--preset-large link paragraph ids-paragraph ids-paragraph--default\">&#8222;Dorasta\u0142em w systemie, kt\u00f3ry nagradza\u0142 m\u00f3j dar, ale nie zawsze chroni\u0142 moj\u0105 dusz\u0119&#8221;.<\/p>\n<p class=\"typography ids-typeset-body ids-typeset-body--preset-large link paragraph ids-paragraph ids-paragraph--default\">Podkre\u015bli\u0142, \u017ce w m\u0142odym wieku cz\u0119sto czu\u0142 presj\u0119 i brak kontroli nad w\u0142asnym \u017cyciem zawodowym: &#8222;By\u0142y momenty, gdy czu\u0142em si\u0119 u\u017cyty, pospieszany, kszta\u0142towany na co\u015b, czego nie do ko\u0144ca chcia\u0142em. Taka presja zostawia rany, kt\u00f3rych nie wida\u0107 na scenie&#8221;<\/p>\n<p class=\"typography ids-typeset-body ids-typeset-body--preset-large link paragraph ids-paragraph ids-paragraph--default\">Bieber m\u00f3wi\u0142 tak\u017ce o gniewie i frustracji, kt\u00f3re towarzyszy\u0142y mu przez lata, oraz o tym, jak wiara pomaga\u0142a mu je przetwarza\u0107: &#8222;Nosi\u0142em w sobie z\u0142o\u015b\u0107. Pyta\u0142em Boga: dlaczego? Ale wci\u0105\u017c spotyka mnie po\u015brodku b\u00f3lu &#8211; nie usprawiedliwia tego, co mnie zrani\u0142o, ale uczy mnie, jak nie sta\u0107 si\u0119 zgorzknia\u0142ym&#8221;.<\/p>\n<p>Droga do uzdrowienia i przebaczenia<\/p>\n<p class=\"typography ids-typeset-body ids-typeset-body--preset-large link paragraph ids-paragraph ids-paragraph--default\">Pomimo bolesnych do\u015bwiadcze\u0144, wokalista podkre\u015bla, \u017ce nie zale\u017cy mu na destrukcji bran\u017cy muzycznej, w kt\u00f3rej dorasta\u0142 i osi\u0105gn\u0105\u0142 s\u0142aw\u0119. &#8222;Nie chc\u0119 spali\u0107 bran\u017cy muzycznej. Chc\u0119 zobaczy\u0107, jak staje si\u0119 nowa &#8211; bezpieczniejsza, bardziej szczera, bardziej ludzka&#8221;.<\/p>\n<p class=\"typography ids-typeset-body ids-typeset-body--preset-large link paragraph ids-paragraph ids-paragraph--default\">Bieber zaznaczy\u0142 tak\u017ce, \u017ce przesz\u0142o\u015b\u0107 nie definiuje go ju\u017c dzisiaj: &#8222;Nie m\u00f3wi\u0119 jako ofiara, kt\u00f3ra wci\u0105\u017c krwawi. M\u00f3wi\u0119 jako kto\u015b odbudowany.&#8221;<\/p>\n<p class=\"typography ids-typeset-body ids-typeset-body--preset-large link paragraph ids-paragraph ids-paragraph--default\">Refleksje Biebera wpisuj\u0105 si\u0119 w szersz\u0105 debat\u0119 o ochronie zdrowia psychicznego m\u0142odych artyst\u00f3w. W ostatnich latach podobne problemy poruszali m.in. Billie Eilish, Miley Cyrus czy Demi Lovato, zwracaj\u0105c uwag\u0119 na presj\u0119 komercyjn\u0105 i brak wsparcia w kluczowych momentach kariery. Do\u015bwiadczenia Biebera pokazuj\u0105, \u017ce nawet globalne gwiazdy pop mog\u0105 odczuwa\u0107 skutki wczesnej s\u0142awy, a proces zdrowienia wymaga czasu i wsparcia.<\/p>\n<p>S\u0142awomir i Kajra wyst\u0105pi\u0105 w Toruniu w Polsacie. &#8222;Jeste\u015bmy bardzo zaopiekowani przez produkcj\u0119&#8221;INTERIA.PL<\/p>\n<p><a class=\"ids-undecorated-link source ids-page-info--source__link\" href=\"https:\/\/www.interia.pl\" rel=\"nofollow noopener\" target=\"_blank\"><img decoding=\"async\" class=\"ids-image-holder__img\" loading=\"lazy\" alt=\"\" title=\"\" height=\"24px\" src=\"https:\/\/www.europesays.com\/pl\/wp-content\/uploads\/2025\/12\/1766553731_41_0009A60QQ5I2TYF7-C202-F4.webp.webp\"\/><\/a><\/p>\n<p>Masz sugestie, uwagi albo widzisz b\u0142\u0105d? Napisz do nas<\/p>\n","protected":false},"excerpt":{"rendered":"31-letni wokalista w \u015brod\u0119, 24 grudnia, zamie\u015bci\u0142 na Instagramie seri\u0119 wpis\u00f3w, w kt\u00f3rych zach\u0119ca\u0142 do zatrzymania si\u0119 i&hellip;\n","protected":false},"author":2,"featured_media":171793,"comment_status":"","ping_status":"","sticky":false,"template":"","format":"standard","meta":{"footnotes":""},"categories":[22],"tags":[122,42,38,40,39,41,123],"class_list":{"0":"post-171792","1":"post","2":"type-post","3":"status-publish","4":"format-standard","5":"has-post-thumbnail","7":"category-rozrywka","8":"tag-entertainment","9":"tag-pl","10":"tag-poland","11":"tag-polish","12":"tag-polska","13":"tag-polski","14":"tag-rozrywka"},"share_on_mastodon":{"url":"https:\/\/pubeurope.com\/@pl\/115785396821109636","error":""},"_links":{"self":[{"href":"https:\/\/www.europesays.com\/pl\/wp-json\/wp\/v2\/posts\/171792","targetHints":{"allow":["GET"]}}],"collection":[{"href":"https:\/\/www.europesays.com\/pl\/wp-json\/wp\/v2\/posts"}],"about":[{"href":"https:\/\/www.europesays.com\/pl\/wp-json\/wp\/v2\/types\/post"}],"author":[{"embeddable":true,"href":"https:\/\/www.europesays.com\/pl\/wp-json\/wp\/v2\/users\/2"}],"replies":[{"embeddable":true,"href":"https:\/\/www.europesays.com\/pl\/wp-json\/wp\/v2\/comments?post=171792"}],"version-history":[{"count":0,"href":"https:\/\/www.europesays.com\/pl\/wp-json\/wp\/v2\/posts\/171792\/revisions"}],"wp:featuredmedia":[{"embeddable":true,"href":"https:\/\/www.europesays.com\/pl\/wp-json\/wp\/v2\/media\/171793"}],"wp:attachment":[{"href":"https:\/\/www.europesays.com\/pl\/wp-json\/wp\/v2\/media?parent=171792"}],"wp:term":[{"taxonomy":"category","embeddable":true,"href":"https:\/\/www.europesays.com\/pl\/wp-json\/wp\/v2\/categories?post=171792"},{"taxonomy":"post_tag","embeddable":true,"href":"https:\/\/www.europesays.com\/pl\/wp-json\/wp\/v2\/tags?post=171792"}],"curies":[{"name":"wp","href":"https:\/\/api.w.org\/{rel}","templated":true}]}}