{"id":171794,"date":"2025-12-26T10:29:13","date_gmt":"2025-12-26T10:29:13","guid":{"rendered":"https:\/\/www.europesays.com\/pl\/171794\/"},"modified":"2025-12-26T10:29:13","modified_gmt":"2025-12-26T10:29:13","slug":"zmiany-w-podatku-vat-najbardziej-skorzystaja-na-tym-mali-przedsiebiorcy-i-planujacy-zarejestrowanie-dzialalnosci-gospodarczej","status":"publish","type":"post","link":"https:\/\/www.europesays.com\/pl\/171794\/","title":{"rendered":"Zmiany w podatku VAT. Najbardziej skorzystaj\u0105 na tym mali przedsi\u0119biorcy i planuj\u0105cy zarejestrowanie dzia\u0142alno\u015bci gospodarczej"},"content":{"rendered":"<p>    Kto jest obj\u0119ty podatkiem VAT oraz ile wynosi podstawowa stawka?<\/p>\n<p class=\"hyphenate \" data-text-len=\"364\" data-scroll=\"paragraph_3\">Dla przedsi\u0119biorc\u00f3w, co do zasady, istnieje obowi\u0105zek rejestracji i rozliczenia podatku VAT. Jest to <a href=\"https:\/\/forsal.pl\/tagi\/podatek\" id=\"d0c8c47e-2cc0-4fe0-99b1-8c51754ab5ea\" title=\"podatek\" rel=\"nofollow noopener\" target=\"_blank\">podatek<\/a> po\u015bredni, pobierany na ka\u017cdym etapie obrotu towarami lub us\u0142ugami, a jego warto\u015b\u0107 doliczana jest do ka\u017cdej transakcji. Opodatkowane s\u0105:<\/p>\n<ul data-scroll=\"bullet\">\n<li class=\"firstListItem\">sprzeda\u017c towar\u00f3w i us\u0142ug w Polsce,<\/li>\n<li class=\"firstListItem\">eksport towar\u00f3w,<\/li>\n<li class=\"firstListItem\">import towar\u00f3w,<\/li>\n<li class=\"firstListItem\">wewn\u0105trzwsp\u00f3lnotowe nabycie towar\u00f3w oraz<\/li>\n<li class=\"firstListItem\">wewn\u0105trzwsp\u00f3lnotowa dostawa towar\u00f3w.<\/li>\n<\/ul>\n<p class=\"hyphenate \" data-text-len=\"45\" data-scroll=\"paragraph_5\">Podatnik\u00f3w VAT mo\u017cna podzieli\u0107 na dwie grupy:<\/p>\n<ul data-scroll=\"bullet\">\n<li class=\"firstListItem\">podatnik VAT czynny to ten, kt\u00f3ry p\u0142aci podatek<\/li>\n<li class=\"firstListItem\">podatnik VAT zwolniony to natomiast ten, kt\u00f3ry korzysta ze zwolnienia podmiotowego (ze wzgl\u0119du na niski limit sprzeda\u017cy \u2013 do 200 tys. z\u0142) lub ze zwolnienia przedmiotowego (dokonuje wy\u0142\u0105cznie sprzeda\u017cy zwolnionej z VAT na podstawie art. 43 ust 1 ustawy o VAT).<\/li>\n<\/ul>\n<p class=\"hyphenate \" data-text-len=\"382\" data-scroll=\"paragraph_7\">Od stycznia 2011 r. podstawowa stawka VAT wynosi 23%, a stawki obni\u017cone 8% i 5%. (np. stosowane do do dostawy, budowy, remontu, modernizacji, termomodernizacji lub przebudowy obiekt\u00f3w budowlanych lub ich cz\u0119\u015bci). Istnieje r\u00f3wnie\u017c stawka 0% stosowana np. do us\u0142ug transportu mi\u0119dzynarodowego, lub do do dostaw towar\u00f3w do wolnych obszar\u00f3w celnych lub sk\u0142ad\u00f3w celnych.<\/p>\n<p class=\"hyphenate \" data-text-len=\"70\" data-scroll=\"paragraph_8\">zaliczonych do budownictwa obj\u0119tego spo\u0142ecznym programem mieszkaniowym<\/p>\n<p>    Podmiotowe zwolnienie z podatku VAT &#8211; na czym polega?<\/p>\n<p class=\"hyphenate \" data-text-len=\"171\" data-scroll=\"paragraph_10\">Istnieje mo\u017cliwo\u015b\u0107 ze skorzystania ze zwolnienia podmiotowego VAT, gdy osi\u0105gni\u0119te przychody nie przekroczy\u0142y w poprzednim ani w bie\u017c\u0105cym roku 200 tys. z\u0142.<\/p>\n<p>        Wa\u017cne<\/p>\n<p class=\"\">Do limitu sprzeda\u017cy nie wlicza si\u0119 kwoty podatku oraz:<\/p>\n<ul>\n<li>wewn\u0105trzwsp\u00f3lnotowej dostawy towar\u00f3w oraz sprzeda\u017cy wysy\u0142kowej z terytorium kraju oraz sprzeda\u017cy wysy\u0142kowej na terytorium kraju,<\/li>\n<li>sprzeda\u017cy towar\u00f3w i us\u0142ug, zwolnionych przedmiotowo z VAT, z wyj\u0105tkiem m.in. transakcji zwi\u0105zanych z nieruchomo\u015bciami oraz<\/li>\n<li>sprzeda\u017cy towar\u00f3w, kt\u00f3re s\u0105 zaliczane do \u015brodk\u00f3w trwa\u0142ych oraz warto\u015bci niematerialnych i prawnych podlegaj\u0105cych amortyzacji.<\/li>\n<\/ul>\n<p class=\"hyphenate \" data-text-len=\"213\" data-scroll=\"paragraph_12\">W przypadku rozpocz\u0119cia dzia\u0142alno\u015bci w trakcie roku, nie trzeba rejestrowa\u0107 si\u0119 do VAT, gdy przewidywana warto\u015b\u0107 sprzeda\u017cy nie przekroczy &#8211; w proporcji do okresu sprzeda\u017cy &#8211; r\u00f3wnowarto\u015bci 200 tys.<\/p>\n<p class=\"hyphenate \" data-text-len=\"77\" data-scroll=\"paragraph_13\">Zwolnienie z VAT podmiotowe nie przys\u0142uguje, je\u015bli mi\u0119dzy innymi sprzedajesz:<\/p>\n<ul data-scroll=\"bullet\">\n<li class=\"firstListItem\">towary wymienione w za\u0142\u0105czniku nr 12 do ustawy o VAT (na przyk\u0142ad metale szlachetne i z\u0142om z nich, wyroby jubilerskie),<\/li>\n<li class=\"firstListItem\">towary opodatkowane podatkiem akcyzowym, z wyj\u0105tkiem: energii elektrycznej, wyrob\u00f3w tytoniowych i samochod\u00f3w osobowych innych ni\u017c nowe, zaliczanych, na podstawie przepis\u00f3w o podatku dochodowym, do \u015brodk\u00f3w trwa\u0142ych podlegaj\u0105cych amortyzacji,<\/li>\n<li class=\"firstListItem\">w niekt\u00f3rych przypadkach: budynki, budowle lub ich cz\u0119\u015bci,<\/li>\n<li class=\"firstListItem\">tereny budowlane,<\/li>\n<li class=\"firstListItem\">nowe \u015brodki transportu,<\/li>\n<li class=\"firstListItem\">przez Internet takie towary jak preparaty kosmetyczne i toaletowe, komputery, wyroby elektroniczne i optyczne, urz\u0105dzenia elektryczne i nieelektryczny sprz\u0119t gospodarstwa domowego, maszyny i urz\u0105dzenia, gdzie indziej niesklasyfikowane oraz<\/li>\n<li class=\"firstListItem\">hurtowo i detalicznie cz\u0119\u015bci do pojazd\u00f3w samochodowych lub motocykli.<\/li>\n<\/ul>\n<p class=\"hyphenate \" data-text-len=\"77\" data-scroll=\"paragraph_15\">Zwolnienie z VAT podmiotowe nie przys\u0142uguje r\u00f3wnie\u017c, je\u015bli \u015bwiadczysz us\u0142ugi:<\/p>\n<ul data-scroll=\"bullet\">\n<li class=\"firstListItem\">prawnicze,<\/li>\n<li class=\"firstListItem\">w zakresie doradztwa (z wyj\u0105tkiem doradztwa rolniczego),<\/li>\n<li class=\"firstListItem\">jubilerskie,<\/li>\n<li class=\"firstListItem\">\u015bci\u0105gania d\u0142ug\u00f3w, w tym factoringu.<\/li>\n<\/ul>\n<p>    Co zrobi\u0107 w sytuacji przekroczenia limitu zwolnienia z podatku VAT?<\/p>\n<p class=\"hyphenate \" data-text-len=\"212\" data-scroll=\"paragraph_18\">Po przekroczeniu limitu 200 tys. z\u0142 ka\u017cda kolejna sprzeda\u017c podlega opodatkowaniu VAT. W takim przypadku nale\u017cy zarejestrowa\u0107 si\u0119 jako podatnik VAT. Rejestracji nale\u017cy dokona\u0107 r\u00f3wnie\u017c w przypadku:<\/p>\n<ul data-scroll=\"bullet\">\n<li class=\"firstListItem\">dobrowolnej rezygnacji ze zwolnienia, lub<\/li>\n<li class=\"firstListItem\">zamiaru wykonywania sprzeda\u017cy opodatkowanej (innych towar\u00f3w lub us\u0142ugi, kt\u00f3re nie s\u0105 zwolnione przedmiotowo z VAT).<\/li>\n<\/ul>\n<p class=\"hyphenate \" data-text-len=\"76\" data-scroll=\"paragraph_20\">Rejestracji dokonuje si\u0119 poprzez z\u0142o\u017cenie formularza VAT-R:<\/p>\n<ul data-scroll=\"bullet\">\n<li class=\"firstListItem\">przed dniem dokonania pierwszej sprzeda\u017cy towar\u00f3w lub us\u0142ug innych ni\u017c zwolnione z podatku, lub<\/li>\n<li class=\"firstListItem\">przed dniem, w kt\u00f3rym stracisz prawo do zwolnienia, tj. przekroczysz kwot\u0119 200 tys. z\u0142 netto obrotu.<\/li>\n<\/ul>\n<p class=\"hyphenate \" data-text-len=\"252\" data-scroll=\"paragraph_22\">W dowolnym momencie istnieje mo\u017cliwo\u015b\u0107 rezygnacji ze zwolnienia podmiotowego (do 200 tys. z\u0142) i zap\u0142aty VAT dobrowolnie. Taki krok mo\u017ce by\u0107 op\u0142acalny, w przypadku planowania wi\u0119kszych zakup\u00f3w i ch\u0119ci odliczenia naliczonego podatku VAT.<\/p>\n<p class=\"hyphenate \" data-text-len=\"190\" data-scroll=\"paragraph_23\">W przypadku zarejestrowanego podmiotu, nale\u017cy zawiadomi\u0107 naczelnika urz\u0119du skarbowego przed pocz\u0105tkiem okresu (miesi\u0105ca albo kwarta\u0142u), w kt\u00f3rym rezygnuje si\u0119 ze zwolnienia.<\/p>\n<p class=\"hyphenate \" data-text-len=\"127\" data-scroll=\"paragraph_24\">Natomiast w przypadku rozpocz\u0119cia dzia\u0142alno\u015bci, nale\u017cy z\u0142o\u017cy\u0107 zawiadomienie przed wykonaniem pierwszej czynno\u015bci opodatkowanej.<\/p>\n<p class=\"hyphenate \" data-text-len=\"364\" data-scroll=\"paragraph_25\">Po dobrowolnej rezygnacji ze zwolnienia z VAT, lub po przekroczeniu limitu obrot\u00f3w, mo\u017cesz powr\u00f3ci\u0107 do zwolnienia nie wcze\u015bniej, ni\u017c po up\u0142ywie roku (licz\u0105c od ko\u0144ca roku, w kt\u00f3rym utraci\u0142e\u015b <a href=\"https:\/\/forsal.pl\/tagi\/prawo\" id=\"07eb676f-82e1-446f-881c-634946314fca\" title=\"prawo\" rel=\"nofollow noopener\" target=\"_blank\">prawo<\/a> do zwolnienia lub zrezygnowa\u0142e\u015b z tego zwolnienia).<\/p>\n<p>    Przedmiotowe zwolnienie z podatku VAT &#8211; na czym polega?<\/p>\n<p class=\"hyphenate \" data-text-len=\"296\" data-scroll=\"paragraph_27\">Zwolnienie przedmiotowe (ze wzgl\u0119du na przedmiot dzia\u0142alno\u015bci) jest niezale\u017cnie od wysoko\u015bci obrot\u00f3w, je\u017celi \u015bwiadczy si\u0119 us\u0142ugi lub sprzedaje towary wymienione w art. 43 ust. 1 ustawy VAT. Zwolnienie to przys\u0142uguje tylko, gdy \u015bwiadczysz wy\u0142\u0105cznie takie us\u0142ugi jak &#8211; na przyk\u0142ad:<\/p>\n<ul data-scroll=\"bullet\">\n<li class=\"firstListItem\">us\u0142ugi w zakresie opieki medycznej, s\u0142u\u017c\u0105ce profilaktyce, zachowaniu, ratowaniu, przywracaniu i poprawie zdrowia \u2013 je\u015bli jeste\u015b lekarzem, lekarzem dentyst\u0105, piel\u0119gniark\u0105, po\u0142o\u017cn\u0105 lub psychologiem,<\/li>\n<li class=\"firstListItem\">us\u0142ugi prywatnego nauczania na poziomie przedszkolnym, podstawowym, ponadpodstawowym i wy\u017cszym \u2013 je\u015bli jeste\u015b nauczycielem,<\/li>\n<li class=\"firstListItem\">us\u0142ugi nauczania j\u0119zyk\u00f3w obcych oraz<\/li>\n<li class=\"firstListItem\">us\u0142ugi finansowe, w tym: zarz\u0105dzania funduszami inwestycyjnymi; ubezpieczeniowe; w zakresie udzielania por\u0119cze\u0144, gwarancji oraz innych zabezpiecze\u0144 transakcji; udzielanie kredyt\u00f3w i po\u017cyczek, kt\u00f3rych przedmiotem s\u0105 instrumenty finansowe.<\/li>\n<\/ul>\n<p>    Zwolnienie z podatku VAT w procedurze SME<\/p>\n<p class=\"hyphenate \" data-text-len=\"236\" data-scroll=\"paragraph_30\">Od 2025 roku podatnicy VAT mog\u0105 r\u00f3nie\u017c korzysta\u0107 ze zwolnienia z VAT w odniesieniu do transakcji realizowanych na terenie innych pa\u0144stw UE, w ramach procedury szczeg\u00f3lnej dla ma\u0142ych przedsi\u0119biorstw, czyli procedury SME.<\/p>\n<p class=\"\">Procedura SME jest przeznaczona dla ma\u0142ych przedsi\u0119biorstw prowadz\u0105cych transakcje opodatkowane VAT w pa\u0144stwach UE, innych ni\u017c kraj ich siedziby.<\/p>\n<p class=\"hyphenate \" data-text-len=\"193\" data-scroll=\"paragraph_32\">O zwolnienie z podatku VAT w procedurze SME, mog\u0105 ubiega\u0107 si\u0119 podmioty posiadaj\u0105ce siedzib\u0119 dzia\u0142alno\u015bci gospodarczej w innym pa\u0144stwie cz\u0142onkowskim, kt\u00f3re spe\u0142niaj\u0105 \u0142\u0105cznie nast\u0119puj\u0105ce warunki:<\/p>\n<ul data-scroll=\"bullet\">\n<li class=\"firstListItem\">ca\u0142kowity roczny obr\u00f3t na terytorium UE, w tym warto\u015b\u0107 sprzeda\u017cy na terytorium Polski, w danym roku podatkowym (ca\u0142kowita roczna warto\u015b\u0107 dostaw towar\u00f3w i \u015bwiadczenia us\u0142ug), bez podatku VAT, dla kt\u00f3rego miejscem opodatkowania jest terytorium Unii Europejskiej, nie przekroczy\u0142 w poprzednim ani bie\u017c\u0105cym roku podatkowym 100 000 euro,<\/li>\n<li class=\"firstListItem\">warto\u015b\u0107 sprzeda\u017cy w Polsce nie przekroczy\u0142a w poprzednim ani bie\u017c\u0105cym roku podatkowym 200 000 z\u0142 (bez podatku VAT) oraz<\/li>\n<li class=\"firstListItem\">nie dokonano na terytorium Polski dostaw towar\u00f3w ani \u015bwiadczenia us\u0142ug, o kt\u00f3rych mowa w art. 113 ust. 13 ustawy o VAT, czyli tych dla kt\u00f3rych obowi\u0105zek rejestracji dla cel\u00f3w VAT wyst\u0119puje niezale\u017cnie od wysoko\u015bci przychod\u00f3w.<\/li>\n<\/ul>\n<p class=\"hyphenate \" data-text-len=\"667\" data-scroll=\"paragraph_34\">Przed skorzystaniem ze zwolnienia w procedury SME w Polsce nale\u017cy powiadomi\u0107 pa\u0144stwo cz\u0142onkowskie, na terytorium kt\u00f3rego znajduje si\u0119 siedziba dzia\u0142alno\u015bci gospodarczej, o zamiarze skorzystania ze zwolnienia z VAT na terytorium Polski. Na tej podstawie <a href=\"https:\/\/forsal.pl\/tagi\/administracja\" id=\"c89bceea-d633-4b1b-9066-3742c425f33b\" title=\"administracja\" rel=\"nofollow noopener\" target=\"_blank\">administracja<\/a> skarbowa potwierdzi z polskim urz\u0119dem skarbowym (US \u0141\u00f3d\u017a-\u015ar\u00f3dmie\u015bcie) kwalifikacj\u0119 do zwolnienia z VAT w Polsce. Nale\u017cy r\u00f3wnie\u017c indywidualny numer identyfikacyjny zawieraj\u0105cy kod EX (zwany dalej \u201enumerem identyfikacyjnym EX\u201d) na potrzeby korzystania ze zwolnienia na terytorium Polski.<\/p>\n<p class=\"hyphenate \" data-text-len=\"284\" data-scroll=\"paragraph_35\">W przypadku ubiegania si\u0119 o zwolnienie z VAT w Polsce, nie trzeba sk\u0142ada\u0107 zg\u0142oszenia rejestracyjnego VAT-R, chyba \u017ce w przypadku rozpocz\u0119cia sprzeda\u017cy na terytorium Polski ma si\u0119 zamiar wykonywa\u0107 transakcje, dla kt\u00f3rych wymagana jest rejestracja jako podatnik VAT UE.<\/p>\n<p>    Kiedy polski podatnik VAT mo\u017ce ubiega\u0107 si\u0119 zwolnienie z podatku VAT w pa\u0144stwach cz\u0142onkowskich<\/p>\n<p class=\"hyphenate \" data-text-len=\"221\" data-scroll=\"paragraph_37\">Istnieje r\u00f3wnie\u017c mo\u017cliwo\u015b\u0107 zwolnienia z VAT w procedurze SME w innym pa\u0144stwie cz\u0142onkowskim UE, na warunkach wynikaj\u0105cych z przepis\u00f3w tego pa\u0144stwa, w przypadku posiadania siedziby dzia\u0142alno\u015bci gospodarczej w Polsce je\u017celi:<\/p>\n<ul data-scroll=\"bullet\">\n<li class=\"firstListItem\">roczny obr\u00f3t na terytorium pa\u0144stw Unii Europejskiej nie przekroczy\u0142 w poprzednim ani bie\u017c\u0105cym roku podatkowym 100 000 euro (bez podatku VAT),<\/li>\n<li class=\"firstListItem\">dokona si\u0119 powiadomienia za po\u015brednictwem e-Urz\u0119du Skarbowego, o zamiarze skorzystania ze zwolnienia w procedurze SME.<\/li>\n<li class=\"firstListItem\">uzyska si\u0119 numer identyfikacyjny zawieraj\u0105cy kod EX, zwany dalej \u201epolskim numerem identyfikacyjnym EX\u201d, je\u017celi pa\u0144stwo cz\u0142onkowskie UE, w kt\u00f3rym potwierdzi\u0142o prawo do zwolnienia.<\/li>\n<\/ul>\n<p class=\"hyphenate \" data-text-len=\"52\" data-scroll=\"paragraph_39\">zwolnienie z VAT w kilku pa\u0144stwach cz\u0142onkowskich, to<\/p>\n<p class=\"hyphenate \" data-text-len=\"549\" data-scroll=\"paragraph_40\">Ka\u017cde pa\u0144stw odr\u0119bnie potwierdza twoje prawo do korzystania ze zwolnienia (zgodnie z przepisami tego pa\u0144stwa), je\u017celi chce si\u0119 skorzysta\u0107 ze zwolnienia w kilku pa\u0144stwach. Nale\u017cy jednak zaznaczy\u0107, \u017ce Polscy podatnicy VAT mog\u0105 korzysta\u0107 ze zwolnienia z VAT w procedurze SME tylko w tych pa\u0144stwach, kt\u00f3re j\u0105 wprowadzi\u0142y &#8211; lista pa\u0144stw dost\u0119pna jest <a rel=\"nofollow noopener\" href=\"https:\/\/sme-vat-rules.ec.europa.eu\/national-vat-rules_en\" id=\"5d37e3a3-eebf-4d2f-80f2-f7a9fe2fa94f\" target=\"_blank\">tutaj<\/a>.<\/p>\n<p class=\"hyphenate \" data-text-len=\"90\" data-scroll=\"paragraph_41\">W powiadomieniu o zamiarze skorzystania ze zwolnienia w ramach procedury SME nale\u017cy poda\u0107:<\/p>\n<ul data-scroll=\"bullet\">\n<li class=\"firstListItem\">dane identyfikacyjne,<\/li>\n<li class=\"firstListItem\">informacj\u0119 o pa\u0144stwie lub pa\u0144stwach cz\u0142onkowskich UE, w kt\u00f3rych zamierza si\u0119 korzysta\u0107 ze zwolnienia z VAT,<\/li>\n<li class=\"firstListItem\">dane dotycz\u0105ce osi\u0105gni\u0119tego w trakcie roku obrotu na terytorium UE w poprzednim i bie\u017c\u0105cym roku podatkowym &#8211; w podziale na obroty w ka\u017cdym pa\u0144stwie cz\u0142onkowskim UE, w tym w Polsce,<\/li>\n<li class=\"firstListItem\">podanie obrotu dwa lata wstecz &#8211; je\u015bli pa\u0144stwo cz\u0142onkowskie w kt\u00f3rym ubiega si\u0119 o zwolnienie z VAT tego wymaga<\/li>\n<\/ul>\n<p class=\"hyphenate \" data-text-len=\"186\" data-scroll=\"paragraph_43\">Przed z\u0142o\u017ceniem powy\u017cszego powiadomienia nale\u017cy z\u0142o\u017cy\u0107 zg\u0142oszenie rejestracyjne VAT-R, je\u015bli korzysta si\u0119 w Polsce ze zwolnienia z VAT bez posiadania rejestracji do VAT.<\/p>\n<p>    Nowe limity zwolnienia z podatku VAT. Ustawa z podpisem Prezydenta RP<\/p>\n<p class=\"hyphenate \" data-text-len=\"574\" data-scroll=\"paragraph_45\">3 lipca 2025 r. Prezydent RP <a href=\"https:\/\/forsal.pl\/tagi\/andrzej-duda\" id=\"20efc75d-32aa-480e-80d8-637eb8bc3ddc\" title=\"Andrzej Duda\" rel=\"nofollow noopener\" target=\"_blank\">Andrzej Duda<\/a> z\u0142o\u017cy\u0142 podpis pod projektem ustawy z dnia 24 czerwca 2025 r. o zmianie ustawy o podatku od towar\u00f3w i us\u0142ug. Zgodnie z najnowszymi za\u0142o\u017ceniami dotycz\u0105cymi deregulacji, limit podmiotowego zwolnienia z VAT zostanie podwy\u017cszony do 240 tys. z\u0142. Dotychczas, podatnicy mogli korzysta\u0107 z tzw. zwolnienia podmiotowego, je\u017celi ich sprzeda\u017c nie przekroczy\u0142a 200 tys. z\u0142 \u2013 zar\u00f3wno w roku poprzednim jak i bie\u017c\u0105cym.<\/p>\n<p class=\"hyphenate \" data-text-len=\"339\" data-scroll=\"paragraph_46\">W przypadku podatnik\u00f3w rozpoczynaj\u0105cych dzia\u0142alno\u015b\u0107 gospodarcz\u0105 w trakcie roku podatkowego, nadal b\u0119dzie obowi\u0105zywa\u0142a zasada proporcjonalno\u015bci. B\u0119d\u0105 oni mogli skorzysta\u0107 ze zwolnienia, o ile przewidywana przez nich warto\u015b\u0107 sprzeda\u017cy nie przekroczy 240 tys. z\u0142 w przeliczeniu na okres prowadzenia dzia\u0142alno\u015bci w danym roku.<\/p>\n<p>    Kiedy nast\u0105pi zmiana limit\u00f3w podmiotowego zwolnienia z podatku VAT?<\/p>\n<p class=\"hyphenate \" data-text-len=\"194\" data-scroll=\"paragraph_48\">Nowe przepisy wejd\u0105 w \u017cycie 1 stycznia 2026 r. Ze zmian najbardziej skorzystaj\u0105 mali przedsi\u0119biorcy oraz Polacy kt\u00f3rzy dopiero planuj\u0105 zarejestrowanie dzia\u0142alno\u015bci gospodarczej.<\/p>\n<p class=\"hyphenate \" data-text-len=\"23\" data-scroll=\"paragraph_49\">Podstawa prawna:<\/p>\n<p class=\"hyphenate \" data-text-len=\"59\" data-scroll=\"paragraph_50\">Ustawa z dnia 11 marca 2004 r. o podatku od towar\u00f3w i us\u0142ug<\/p>\n","protected":false},"excerpt":{"rendered":"Kto jest obj\u0119ty podatkiem VAT oraz ile wynosi podstawowa stawka? Dla przedsi\u0119biorc\u00f3w, co do zasady, istnieje obowi\u0105zek rejestracji&hellip;\n","protected":false},"author":2,"featured_media":171795,"comment_status":"","ping_status":"","sticky":false,"template":"","format":"standard","meta":{"footnotes":""},"categories":[16],"tags":[113,112,42,38,40,39,41],"class_list":{"0":"post-171794","1":"post","2":"type-post","3":"status-publish","4":"format-standard","5":"has-post-thumbnail","7":"category-biznes","8":"tag-biznes","9":"tag-business","10":"tag-pl","11":"tag-poland","12":"tag-polish","13":"tag-polska","14":"tag-polski"},"share_on_mastodon":{"url":"https:\/\/pubeurope.com\/@pl\/115785404574815602","error":""},"_links":{"self":[{"href":"https:\/\/www.europesays.com\/pl\/wp-json\/wp\/v2\/posts\/171794","targetHints":{"allow":["GET"]}}],"collection":[{"href":"https:\/\/www.europesays.com\/pl\/wp-json\/wp\/v2\/posts"}],"about":[{"href":"https:\/\/www.europesays.com\/pl\/wp-json\/wp\/v2\/types\/post"}],"author":[{"embeddable":true,"href":"https:\/\/www.europesays.com\/pl\/wp-json\/wp\/v2\/users\/2"}],"replies":[{"embeddable":true,"href":"https:\/\/www.europesays.com\/pl\/wp-json\/wp\/v2\/comments?post=171794"}],"version-history":[{"count":0,"href":"https:\/\/www.europesays.com\/pl\/wp-json\/wp\/v2\/posts\/171794\/revisions"}],"wp:featuredmedia":[{"embeddable":true,"href":"https:\/\/www.europesays.com\/pl\/wp-json\/wp\/v2\/media\/171795"}],"wp:attachment":[{"href":"https:\/\/www.europesays.com\/pl\/wp-json\/wp\/v2\/media?parent=171794"}],"wp:term":[{"taxonomy":"category","embeddable":true,"href":"https:\/\/www.europesays.com\/pl\/wp-json\/wp\/v2\/categories?post=171794"},{"taxonomy":"post_tag","embeddable":true,"href":"https:\/\/www.europesays.com\/pl\/wp-json\/wp\/v2\/tags?post=171794"}],"curies":[{"name":"wp","href":"https:\/\/api.w.org\/{rel}","templated":true}]}}