{"id":171798,"date":"2025-12-26T10:31:15","date_gmt":"2025-12-26T10:31:15","guid":{"rendered":"https:\/\/www.europesays.com\/pl\/171798\/"},"modified":"2025-12-26T10:31:15","modified_gmt":"2025-12-26T10:31:15","slug":"dziewiec-wojewodztw-zagrozonych-gololedzia-imgw-wydal-wazne-ostrzezenia-onet","status":"publish","type":"post","link":"https:\/\/www.europesays.com\/pl\/171798\/","title":{"rendered":"Dziewi\u0119\u0107 wojew\u00f3dztw zagro\u017conych go\u0142oledzi\u0105. IMGW wyda\u0142 wa\u017cne ostrze\u017cenia &#8211; Onet"},"content":{"rendered":"<ol>\n<li><a href=\"https:\/\/news.google.com\/rss\/articles\/CBMiygFBVV95cUxPT3ZnOFdWN2o3c2hUa0FaRDNLX2c5TmQxS04tUUdMNlpEX3RkWlhHLWRFelVDQW5HNlgweEZwcHlTOE01dTloNTRaWjUzVlZiaFl6Q0dOaTVSdjdtenRydk1uQm83UE5hSm5yTkRyWWRXbkhJaExRVlRGVGZ4eTZ3bkw4SjJMY3p2bjIyMFVnS1pOanBlZzdFMHBxSHp3VXRhX25UZEpfcFdyMGxoeUtjZlZHbTVDWmhkV2c2UEVJanNtY3NUSHZ4TUdB?oc=5\" target=\"_blank\" rel=\"nofollow noopener\">Dziewi\u0119\u0107 wojew\u00f3dztw zagro\u017conych go\u0142oledzi\u0105. IMGW wyda\u0142 wa\u017cne ostrze\u017cenia<\/a>&nbsp;&nbsp;Onet<\/li>\n<li><a href=\"https:\/\/news.google.com\/rss\/articles\/CBMiqwFBVV95cUxPWURIOXlBVUgta3ZDeGZWTWd2YUJRcDZic25tME9IUVdKY0xOX2ZGMURMZkd4dzdqVU52RlR3M1pYREpSVXNYZEoxSnZrQnJnYVlGU0pvOWEycTAxTTVVQjBBR0pfRUo3RWhQMWVqQ0dLWUprOEotaGszbC1fTUZnNGJMRHBlRHhsdHhGZTJMcUV6bC15VVdQbzVVaEhnRV9ZXzE1ZXYzTkhIc3c?oc=5\" target=\"_blank\" rel=\"nofollow noopener\">IMGW wyda\u0142 alerty. Zacz\u0119\u0142o si\u0119 26 grudnia. Po\u0142owa Polski na \u017c\u00f3\u0142to<\/a>&nbsp;&nbsp;o2.pl<\/li>\n<li><a href=\"https:\/\/news.google.com\/rss\/articles\/CBMi2AFBVV95cUxQMkw4YlZ4bDdTdThqRTlhSm5aX0V1emNQVldLcGlfMmJEbkpKQXloNU1yT09iWGh6SUthSXdXUEU4TmxrQ05PMmY2ckhDUkJ5SGVEMk80LVRwTUtPUHdyZExPNkZmUlZjdVpsa0lJQzNuS3k2TlBOTWo5VnBjb1RTZ2pYLTdkakZpQjFPcElEVkdGeDgxbXBTUzBSOUlTRHBsZTlVVXhRamhuYW10WWtfT3lfOW5nczBlcWZCT1lIMEZXUjY3b1psNi1fbTRKeThWakJ6aXBOZGI?oc=5\" target=\"_blank\" rel=\"nofollow noopener\">Niebezpieczne warunki na drogach. IMGW ostrzega przed go\u0142oledzi\u0105<\/a>&nbsp;&nbsp;TVP \u0141\u00f3d\u017a<\/li>\n<li><a href=\"https:\/\/news.google.com\/rss\/articles\/CBMikAFBVV95cUxNbE1VSTdqZVdQMVQwZm8wQzRaSTlNZE93Ym1ISkRoWmxkc1VsX3hsMXpGRzFURWFmQTcwbUdIREx6V0dadE1qa2k5Nk5WNktNOXpLR3V1WlZtamltS25MMElsVGtjaG5fYURERF96NTB1dHdQckx1M1RLVFBiaDlsd3piWEZvVE14c09WNjEyb1k?oc=5\" target=\"_blank\" rel=\"nofollow noopener\">Go\u0142oled\u017a na drogach. IMGW ostrzega<\/a>&nbsp;&nbsp;TVN24<\/li>\n<li><a href=\"https:\/\/news.google.com\/rss\/articles\/CBMiqAFBVV95cUxOZHRsQkVfeUI4TXgzME8yV0NTRDFEbl9xODBmcFNvd0EybDBxdzJJNVlPRHhOa2pSSWU0MTJjSEdEWDZqX1BJMU1wTmNRVE5zM0NGT2pXWmQ3VGQ5eVVmaXFaQ2dQMnFvODVWOFlPOU8zOXhmWGtCV045X2xwc2M3RjUzZV8zNFRUdTFIVHZGR1FremJ4Wk9tc1lVNFd6RS1qNnlLQjNwaXA?oc=5\" target=\"_blank\" rel=\"nofollow noopener\">Uwaga na go\u0142oled\u017a i marzn\u0105ce opady<\/a>&nbsp;&nbsp;RMF24<\/li>\n<\/ol>\n","protected":false},"excerpt":{"rendered":"Dziewi\u0119\u0107 wojew\u00f3dztw zagro\u017conych go\u0142oledzi\u0105. IMGW wyda\u0142 wa\u017cne ostrze\u017cenia&nbsp;&nbsp;Onet IMGW wyda\u0142 alerty. Zacz\u0119\u0142o si\u0119 26 grudnia. Po\u0142owa Polski na&hellip;\n","protected":false},"author":2,"featured_media":171799,"comment_status":"","ping_status":"","sticky":false,"template":"","format":"standard","meta":{"footnotes":""},"categories":[12],"tags":[25481,32,33,36,37,27,167,34,35,28,31,53,25,52,68,51,55,42,78,38,40,39,41,47,29,30,65,50,26,7441],"class_list":{"0":"post-171798","1":"post","2":"type-post","3":"status-publish","4":"format-standard","5":"has-post-thumbnail","7":"category-polska","8":"tag-alerty_imgw","9":"tag-breaking-news","10":"tag-breakingnews","11":"tag-featured-news","12":"tag-featurednews","13":"tag-headlines","14":"tag-imgw","15":"tag-latest-news","16":"tag-latestnews","17":"tag-naglowki","18":"tag-najwazniejsze-artykuly","19":"tag-new_header","20":"tag-news","21":"tag-onet3","22":"tag-onet3d","23":"tag-onet3d_2i","24":"tag-phx","25":"tag-pl","26":"tag-pogoda","27":"tag-poland","28":"tag-polish","29":"tag-polska","30":"tag-polski","31":"tag-screening_general","32":"tag-top-stories","33":"tag-topstories","34":"tag-update_me","35":"tag-v2021","36":"tag-wiadomosci","37":"tag-zima"},"share_on_mastodon":{"url":"https:\/\/pubeurope.com\/@pl\/115785412354435979","error":""},"_links":{"self":[{"href":"https:\/\/www.europesays.com\/pl\/wp-json\/wp\/v2\/posts\/171798","targetHints":{"allow":["GET"]}}],"collection":[{"href":"https:\/\/www.europesays.com\/pl\/wp-json\/wp\/v2\/posts"}],"about":[{"href":"https:\/\/www.europesays.com\/pl\/wp-json\/wp\/v2\/types\/post"}],"author":[{"embeddable":true,"href":"https:\/\/www.europesays.com\/pl\/wp-json\/wp\/v2\/users\/2"}],"replies":[{"embeddable":true,"href":"https:\/\/www.europesays.com\/pl\/wp-json\/wp\/v2\/comments?post=171798"}],"version-history":[{"count":0,"href":"https:\/\/www.europesays.com\/pl\/wp-json\/wp\/v2\/posts\/171798\/revisions"}],"wp:featuredmedia":[{"embeddable":true,"href":"https:\/\/www.europesays.com\/pl\/wp-json\/wp\/v2\/media\/171799"}],"wp:attachment":[{"href":"https:\/\/www.europesays.com\/pl\/wp-json\/wp\/v2\/media?parent=171798"}],"wp:term":[{"taxonomy":"category","embeddable":true,"href":"https:\/\/www.europesays.com\/pl\/wp-json\/wp\/v2\/categories?post=171798"},{"taxonomy":"post_tag","embeddable":true,"href":"https:\/\/www.europesays.com\/pl\/wp-json\/wp\/v2\/tags?post=171798"}],"curies":[{"name":"wp","href":"https:\/\/api.w.org\/{rel}","templated":true}]}}