{"id":171800,"date":"2025-12-26T10:32:24","date_gmt":"2025-12-26T10:32:24","guid":{"rendered":"https:\/\/www.europesays.com\/pl\/171800\/"},"modified":"2025-12-26T10:32:24","modified_gmt":"2025-12-26T10:32:24","slug":"pozar-kosciola-w-lublinie-parafia-opublikowala-nowy-komunikat-onet","status":"publish","type":"post","link":"https:\/\/www.europesays.com\/pl\/171800\/","title":{"rendered":"Po\u017car ko\u015bcio\u0142a w Lublinie. Parafia opublikowa\u0142a nowy komunikat &#8211; Onet"},"content":{"rendered":"<ol>\n<li><a href=\"https:\/\/news.google.com\/rss\/articles\/CBMivAFBVV95cUxNOG00V0FlWTJKNVhlSmdQY24xX2s2Q0ZHOVRDOGQtamkxT19nMTR1cWh4YVpqbkpGTm10T1dlUlBCaVVXTDFkRjAwWHJnSUVGUWZoRnRBVkl3dk5TQkUtbXJTNUdMbFhJcHlpMlpnbFNYZ1pUU3V0akpERHh0RDNGWTRFV21kSVZWUEx1WUU4SmlMMlJGN3p0LXUwTEpockNpVzRaRjQyS25TTHB4S1J4OW1tT2htU2k5LXpyNw?oc=5\" target=\"_blank\" rel=\"nofollow noopener\">Po\u017car ko\u015bcio\u0142a w Lublinie. Parafia opublikowa\u0142a nowy komunikat<\/a>&nbsp;&nbsp;Onet<\/li>\n<li><a href=\"https:\/\/news.google.com\/rss\/articles\/CBMijAFBVV95cUxQeENNVFlrQnQ3V0RBd2J1WGlqbnZnd0J0SEpmaTVva2dFR20xRXhhT0RzSlBhdXY2OXFrOEtCekNjOVQxS29aX2FzTjVrcElTMTNZZm5JQ1VIendybnlrVXhiMTRUQUlFZUhFbDdYMU5Zd2hqMVI3UFVrWFVKMDh2SExMZGxqbHhMSHRwV9IBjAFBVV95cUxQeENNVFlrQnQ3V0RBd2J1WGlqbnZnd0J0SEpmaTVva2dFR20xRXhhT0RzSlBhdXY2OXFrOEtCekNjOVQxS29aX2FzTjVrcElTMTNZZm5JQ1VIendybnlrVXhiMTRUQUlFZUhFbDdYMU5Zd2hqMVI3UFVrWFVKMDh2SExMZGxqbHhMSHRwVw?oc=5\" target=\"_blank\" rel=\"nofollow noopener\">Po\u017car ko\u015bcio\u0142a w Lublinie. Dzia\u0142ania wspieraj\u0105 warszawscy stra\u017cacy<\/a>&nbsp;&nbsp;Remiza.pl \u2013 Polski Serwis Po\u017carniczy<\/li>\n<li><a href=\"https:\/\/news.google.com\/rss\/articles\/CBMivwFBVV95cUxObE1rOTF2Z21FUzZ0SEtLak43X3U5dzRBUVlXMTZObm8xb1B4a1hLb0piV2I0U0hCeFAtRndiYl9hdUZQZjBoQ3NYbUtySnAxMGlRWklJMElmbXJzMVlZWXBwcUtrWFFlSC1QSXo5VVJ2WTNLU0tzY2liM05TUl95YllyTDQ4dHhtSF9HYVB4OXBweVBWcVNtUVFJQWc2VVh4Tmd2d19tMnhpQmFQZHdvUEE4RGNsSkVXdG9YUURSQQ?oc=5\" target=\"_blank\" rel=\"nofollow noopener\">Po\u017car ko\u015bcio\u0142a w Lublinie. Parafia opublikowa\u0142a komunikat. Fatalne informacje<\/a>&nbsp;&nbsp;Gazeta<\/li>\n<li><a href=\"https:\/\/news.google.com\/rss\/articles\/CBMitgFBVV95cUxPSVlCaDQ5czNuTkw2WEFhTm43THFVUGI4Qk1rMGgxSjBZWm1hdnNDVXJUMVlxUTdBMmo1YlRYVl9FaVhiUW5LY1didFd3UFJKTnZmN2FfUTdXelVaYk1JdmpKSlZFSTlTWXRhWHp2VzFxc0R0S3ViYUNlMlpINDlqdFRYNmhDQ1RZM1VUZXhhQTN3T1lHTDltVkhFelV6OW1BOU1LTUFNNC1VMklJZVZ6TzRmUWpiQQ?oc=5\" target=\"_blank\" rel=\"nofollow noopener\">Po\u017car ko\u015bcio\u0142a w Lublinie. K\u0142\u0119by dymu by\u0142y widoczne z ca\u0142ego miasta, wierni modlili si\u0119 przed \u015bwi\u0105tyni\u0105<\/a>&nbsp;&nbsp;Lublin.Wyborcza.pl<\/li>\n<li><a href=\"https:\/\/news.google.com\/rss\/articles\/CBMiqAFBVV95cUxORFZ1YUxEZndZaFNIU2dwcGJZaUtFMkF5VDlfclRSQVNFMVVkYXN0OTdnLVF6dUdhckFSdWUtSk0ySDBydjBZSVpEYm5wMDJzeHp5Tk9jNjN3X2RSZDdndGhfd09USzg5UTFURHNPajdMNWpZNUp1YUl3ZXJOa0RKcldtaGpvUUpWd3RnZFRCbHhtT0VlaU5RQk9ETy1uZmpVMzdQRnNWMG0?oc=5\" target=\"_blank\" rel=\"nofollow noopener\">Proboszcz ratowa\u0142 wiernych z p\u0142on\u0105cego ko\u015bcio\u0142a. Nowe informacje o po\u017carze w Lublinie<\/a>&nbsp;&nbsp;Fakt<\/li>\n<\/ol>\n","protected":false},"excerpt":{"rendered":"Po\u017car ko\u015bcio\u0142a w Lublinie. Parafia opublikowa\u0142a nowy komunikat&nbsp;&nbsp;Onet Po\u017car ko\u015bcio\u0142a w Lublinie. Dzia\u0142ania wspieraj\u0105 warszawscy stra\u017cacy&nbsp;&nbsp;Remiza.pl \u2013 Polski&hellip;\n","protected":false},"author":2,"featured_media":171801,"comment_status":"","ping_status":"","sticky":false,"template":"","format":"standard","meta":{"footnotes":""},"categories":[5],"tags":[32,33,36,37,27,67,34,35,7446,28,31,53,25,52,68,51,55,42,38,40,39,41,4686,47,10392,2149,29,30,65,50,26,33735],"class_list":{"0":"post-171800","1":"post","2":"type-post","3":"status-publish","4":"format-standard","5":"has-post-thumbnail","7":"category-naglowki","8":"tag-breaking-news","9":"tag-breakingnews","10":"tag-featured-news","11":"tag-featurednews","12":"tag-headlines","13":"tag-intextvideo_splayer","14":"tag-latest-news","15":"tag-latestnews","16":"tag-lublin_miasto","17":"tag-naglowki","18":"tag-najwazniejsze-artykuly","19":"tag-new_header","20":"tag-news","21":"tag-onet3","22":"tag-onet3d","23":"tag-onet3d_2i","24":"tag-phx","25":"tag-pl","26":"tag-poland","27":"tag-polish","28":"tag-polska","29":"tag-polski","30":"tag-pozar_pozary","31":"tag-screening_general","32":"tag-straty","33":"tag-straz_pozarna","34":"tag-top-stories","35":"tag-topstories","36":"tag-update_me","37":"tag-v2021","38":"tag-wiadomosci","39":"tag-zniszczenia"},"share_on_mastodon":{"url":"https:\/\/pubeurope.com\/@pl\/115785416220912628","error":""},"_links":{"self":[{"href":"https:\/\/www.europesays.com\/pl\/wp-json\/wp\/v2\/posts\/171800","targetHints":{"allow":["GET"]}}],"collection":[{"href":"https:\/\/www.europesays.com\/pl\/wp-json\/wp\/v2\/posts"}],"about":[{"href":"https:\/\/www.europesays.com\/pl\/wp-json\/wp\/v2\/types\/post"}],"author":[{"embeddable":true,"href":"https:\/\/www.europesays.com\/pl\/wp-json\/wp\/v2\/users\/2"}],"replies":[{"embeddable":true,"href":"https:\/\/www.europesays.com\/pl\/wp-json\/wp\/v2\/comments?post=171800"}],"version-history":[{"count":0,"href":"https:\/\/www.europesays.com\/pl\/wp-json\/wp\/v2\/posts\/171800\/revisions"}],"wp:featuredmedia":[{"embeddable":true,"href":"https:\/\/www.europesays.com\/pl\/wp-json\/wp\/v2\/media\/171801"}],"wp:attachment":[{"href":"https:\/\/www.europesays.com\/pl\/wp-json\/wp\/v2\/media?parent=171800"}],"wp:term":[{"taxonomy":"category","embeddable":true,"href":"https:\/\/www.europesays.com\/pl\/wp-json\/wp\/v2\/categories?post=171800"},{"taxonomy":"post_tag","embeddable":true,"href":"https:\/\/www.europesays.com\/pl\/wp-json\/wp\/v2\/tags?post=171800"}],"curies":[{"name":"wp","href":"https:\/\/api.w.org\/{rel}","templated":true}]}}