{"id":171831,"date":"2025-12-26T10:53:11","date_gmt":"2025-12-26T10:53:11","guid":{"rendered":"https:\/\/www.europesays.com\/pl\/171831\/"},"modified":"2025-12-26T10:53:11","modified_gmt":"2025-12-26T10:53:11","slug":"atak-rosji-na-ukrainskie-porty-ucierpialy-statki-plywajace-pod-banderami-innych-panstw-onet","status":"publish","type":"post","link":"https:\/\/www.europesays.com\/pl\/171831\/","title":{"rendered":"Atak Rosji na ukrai\u0144skie porty. Ucierpia\u0142y statki p\u0142ywaj\u0105ce pod banderami innych pa\u0144stw &#8211; Onet"},"content":{"rendered":"<ol>\n<li><a href=\"https:\/\/news.google.com\/rss\/articles\/CBMi1gFBVV95cUxQaXlHUnFkdXJmS3Q2V0ZfN056NjVJeHgwMjhpYzBkMmpGZ2lwUndiaFAwWmJfSE9DLW1zSkVWd0FtMXJ4UmxqU3hZRDcxQTJUQUt6NjBHSl9UUlh6OGZTdklVMnp0T0lzbGxUYktMdE1tOUZxT1JrOTJyTVpzRXMtUlNKeHU2eFU4ZzJTQ25HNjlaVmZxcVdfay1ub2xxaGtSRHRjSWpVdVJ6Sl9JbmFXMWtmS1ZCVlN0RWFRTnhoSm9JU3VxZ1U0ZEFXbjZlYWNUVUtHRGh3?oc=5\" target=\"_blank\" rel=\"nofollow noopener\">Atak Rosji na ukrai\u0144skie porty. Ucierpia\u0142y statki p\u0142ywaj\u0105ce pod banderami innych pa\u0144stw<\/a>&nbsp;&nbsp;Onet<\/li>\n<li><a href=\"https:\/\/news.google.com\/rss\/articles\/CBMivwFBVV95cUxOclNtRnQ4eU13REFyZmdqcDlpN1JSRkJKLXRxSFhNbXYtMjc1Zzl2UXdVelFDZFlpaC1jbjVOZG9KV1VKTUdnYTVwZlN0ZGU5NGxTcFVuT29yM0xLZW5TSDJBY0tqMkRnd3FLYUZVOWVvQ20xbFpQMElJTnhxX1RHWHhfWG1YVkJUbHJwNEJTWGxMOTZkUUVTWFh0bVBNajBYUXBWdFJZOFdLc1ZUMlFBcl9aTkhGWnVPNlYtc3Azaw?oc=5\" target=\"_blank\" rel=\"nofollow noopener\">Rosjanie uderzyli noc\u0105 w port. Uszkodzono statek p\u0142ywaj\u0105cy pod bander\u0105 S\u0142owacji<\/a>&nbsp;&nbsp;Wydarzenia w INTERIA.PL<\/li>\n<li><a href=\"https:\/\/news.google.com\/rss\/articles\/CBMirgFBVV95cUxOR2VlNWo0cG9ROVZoY21kNFZmZnJQUWtCbzZFVTR1UkNOeUQ0MFdOVkFFQzZaSlJGQktLV1FvUFZwWkdwTmpJMUpXNVU3MHdvaDQ4Y2ZsSVdDSXBwdGxFZTE3S0JKaVZDV25aQktEQmUyaFZnY2syal90c1ZGMzhoTFVkWmNTbU9OVWVpbTItT3R4bEt4d2dUMEktUmtOWkdhVmR2Y3V0THEyOEhPM0E?oc=5\" target=\"_blank\" rel=\"nofollow noopener\">Rosja atakuje ukrai\u0144skie porty. Drony uszkodzi\u0142y zagraniczne statki<\/a>&nbsp;&nbsp;WP Wiadomo\u015bci<\/li>\n<li><a href=\"https:\/\/news.google.com\/rss\/articles\/CBMi3gFBVV95cUxPdFN4WkUyVkp3d05Ld2VWRXJVa0lyRzlkaDFDamZPRG8ydVNOUGpyUVVzRVdnbWlRZ2xvUGRVcmh3VVZfUWU4a3RFN0RaSEdPMnhtM1FvM2Zha1J0VHZYaEhfT2gwRV9xN3lVZGE3Q2xCVWlIVzN5OU5IOW5sbUJ3b2Z1S2xvRHpLZ3RDZjNhMkxyZ1pCVEVteF9jZVN5NVRUZ3BtN29tWE5FZEF4bGMzR1dMTHRBRVpHNld0cHBnM3QtT1ZrMURwNEFERTJURnM4QzBKOFNNQjdzeXk2SUE?oc=5\" target=\"_blank\" rel=\"nofollow noopener\">Rosjanie uderzyli w porty. Trzy zagraniczne statki uszkodzone<\/a>&nbsp;&nbsp;TVN24<\/li>\n<li><a href=\"https:\/\/news.google.com\/rss\/articles\/CBMid0FVX3lxTFBxM1VFNmxuSGhtLW9Xb1ljVjNaRHZKTWR4enBwQ3dlbmdBU3o5REZQRmFsR2FlTWtUV1JscjFNVjN2UWJNLXQ4azB3NFVxZW9XT3YzT0FJN2VmcmM3QnZVLUk2Z200dGVpYlFtYXVMQWd5bDFPcUNj?oc=5\" target=\"_blank\" rel=\"nofollow noopener\">Wojna Rosji z Ukrain\u0105. Dzie\u0144 1402. Relacja na \u017cywo<\/a>&nbsp;&nbsp;Rzeczpospolita<\/li>\n<\/ol>\n","protected":false},"excerpt":{"rendered":"Atak Rosji na ukrai\u0144skie porty. Ucierpia\u0142y statki p\u0142ywaj\u0105ce pod banderami innych pa\u0144stw&nbsp;&nbsp;Onet Rosjanie uderzyli noc\u0105 w port. Uszkodzono&hellip;\n","protected":false},"author":2,"featured_media":171832,"comment_status":"","ping_status":"","sticky":false,"template":"","format":"standard","meta":{"footnotes":""},"categories":[14],"tags":[32,33,27,64,34,35,33766,28,31,53,25,9493,52,68,51,33767,55,40,41,62,47,5838,80,29,30,390,65,50,26,82,83,84],"class_list":{"0":"post-171831","1":"post","2":"type-post","3":"status-publish","4":"format-standard","5":"has-post-thumbnail","7":"category-swiat","8":"tag-breaking-news","9":"tag-breakingnews","10":"tag-headlines","11":"tag-inwazja_rosji_na_ukraine_2014_","12":"tag-latest-news","13":"tag-latestnews","14":"tag-liberia_kraj","15":"tag-naglowki","16":"tag-najwazniejsze-artykuly","17":"tag-new_header","18":"tag-news","19":"tag-odessa_miasto","20":"tag-onet3","21":"tag-onet3d","22":"tag-onet3d_2i","23":"tag-palau_kraj","24":"tag-phx","25":"tag-polish","26":"tag-polski","27":"tag-rosja_kraj_rosjanin_rosjanie_rosjanka_rosjanki","28":"tag-screening_general","29":"tag-slowacja_slowak_slowaczka_slowacy","30":"tag-swiat","31":"tag-top-stories","32":"tag-topstories","33":"tag-ukraina_ukrainiec_ukrainka_ukraincy_ukrainki","34":"tag-update_me","35":"tag-v2021","36":"tag-wiadomosci","37":"tag-world","38":"tag-world-news","39":"tag-worldnews"},"share_on_mastodon":{"url":"","error":"Validation failed: Text character limit of 500 exceeded"},"_links":{"self":[{"href":"https:\/\/www.europesays.com\/pl\/wp-json\/wp\/v2\/posts\/171831","targetHints":{"allow":["GET"]}}],"collection":[{"href":"https:\/\/www.europesays.com\/pl\/wp-json\/wp\/v2\/posts"}],"about":[{"href":"https:\/\/www.europesays.com\/pl\/wp-json\/wp\/v2\/types\/post"}],"author":[{"embeddable":true,"href":"https:\/\/www.europesays.com\/pl\/wp-json\/wp\/v2\/users\/2"}],"replies":[{"embeddable":true,"href":"https:\/\/www.europesays.com\/pl\/wp-json\/wp\/v2\/comments?post=171831"}],"version-history":[{"count":0,"href":"https:\/\/www.europesays.com\/pl\/wp-json\/wp\/v2\/posts\/171831\/revisions"}],"wp:featuredmedia":[{"embeddable":true,"href":"https:\/\/www.europesays.com\/pl\/wp-json\/wp\/v2\/media\/171832"}],"wp:attachment":[{"href":"https:\/\/www.europesays.com\/pl\/wp-json\/wp\/v2\/media?parent=171831"}],"wp:term":[{"taxonomy":"category","embeddable":true,"href":"https:\/\/www.europesays.com\/pl\/wp-json\/wp\/v2\/categories?post=171831"},{"taxonomy":"post_tag","embeddable":true,"href":"https:\/\/www.europesays.com\/pl\/wp-json\/wp\/v2\/tags?post=171831"}],"curies":[{"name":"wp","href":"https:\/\/api.w.org\/{rel}","templated":true}]}}