{"id":171839,"date":"2025-12-26T10:57:11","date_gmt":"2025-12-26T10:57:11","guid":{"rendered":"https:\/\/www.europesays.com\/pl\/171839\/"},"modified":"2025-12-26T10:57:11","modified_gmt":"2025-12-26T10:57:11","slug":"ogromny-sukces-radzimira-debskiego-wystapil-na-jednej-scenie-ze-snoop-doggiem","status":"publish","type":"post","link":"https:\/\/www.europesays.com\/pl\/171839\/","title":{"rendered":"Ogromny sukces Radzimira D\u0119bskiego. Wyst\u0105pi\u0142 na jednej scenie ze Snoop Doggiem"},"content":{"rendered":"<p class=\"Paragraph_desktopParagraph__U31Gm\">Radzimir D\u0119bski, wyst\u0119puj\u0105cy pod pseudonimem Jimek, mia\u0142 okazj\u0119 wsp\u00f3\u0142pracowa\u0107 nie tylko z polskimi artystami, ale tak\u017ce z gwiazdami zagranicznymi. Jednym z jego najwi\u0119kszych sukces\u00f3w by\u0142o zwyci\u0119stwo w konkursie na remiks piosenki &#8222;End of Time&#8221; Beyonc\u00e9 w 2012 r.<\/p>\n<blockquote>\n<p class=\"Paragraph_desktopParagraph__U31Gm\">Przez pierwsze 10 lat robi\u0142em to, na co ludzie zgodzili si\u0119, \u017cebym m\u00f3g\u0142 zrobi\u0107, a potem, po Beyonc\u00e9 rzeczywi\u015bcie wszystko si\u0119 zmieni\u0142o i zacz\u0105\u0142em robi\u0107 to, co chcia\u0142em sam robi\u0107<\/p>\n<\/blockquote>\n<p class=\"Paragraph_desktopParagraph__U31Gm\">\u2014 [Konkurs] na pewno by\u0142 swego rodzaju b\u0142ogos\u0142awie\u0144stwem, takim magicznym momentem, jak teraz na to patrz\u0119, z punktu widzenia te\u017c si\u0142y medi\u00f3w czy internetu, czy tego, jak to si\u0119 wtedy zmienia\u0142o. Nie wiem, czy dzisiaj jest co\u015b takiego jeszcze mo\u017cliwe \u2014 <a href=\"https:\/\/plejada.pl\/wideo\/jimek-o-karierze-i-blogoslawienstwie-beyonce-zaczalem-robic-to-co-chcialem\/8pvezz5\" id=\"9e4bfe1a-7dde-4b07-8a94-86e611bac8fb\" rel=\"nofollow noopener\" target=\"_blank\">przyzna\u0142 w rozmowie z Plejad\u0105.<\/a><\/p>\n<ul class=\"OchatFollowUps_wrapper__1ry7X\">\n<li class=\"OchatFollowUps_item__Dhyly OchatFollowUps_itemDesktop__R6aBv\">Kiedy Jimek wyst\u0105pi\u0142 ze Snoop Doggiem?<\/li>\n<li class=\"OchatFollowUps_item__Dhyly OchatFollowUps_itemDesktop__R6aBv\">Jakie utwory wykona\u0142 Snoop Dog w czerwcu?<\/li>\n<li class=\"OchatFollowUps_item__Dhyly OchatFollowUps_itemDesktop__R6aBv\">Co Jimek s\u0105dzi o swoim sukcesie w konkursie na remiks piosenki Beyonc\u00e9?<\/li>\n<li class=\"OchatFollowUps_item__Dhyly OchatFollowUps_itemDesktop__R6aBv\">Jakie inne zagraniczne gwiazdy wsp\u00f3\u0142pracowa\u0142y z Jimekiem?<\/li>\n<\/ul>\n<p>Ogromny sukces Radzimira D\u0119bskiego. Wyst\u0105pi\u0142 na jednej scenie ze Snoop Doggiem <\/p>\n<p class=\"Paragraph_desktopParagraph__U31Gm\">W okresie bo\u017conarodzeniowym Jimek po raz kolejny mia\u0142 okazj\u0119 \u0142\u0105czy\u0107 si\u0142y z zagraniczn\u0105 gwiazd\u0105, co udaje si\u0119 nielicznym polskim artystom. D\u0119bski wyst\u0105pi\u0142 w ramach \u015bwi\u0105tecznego Halfime Show razem ze Snoop Doggiem, a to w ramach wydarzenia organizowanego przez NFL. Fragment wyst\u0119pu udost\u0119pni\u0142 w swocih mediach spo\u0142eczno\u015bciowych.<\/p>\n<p class=\"Paragraph_desktopParagraph__U31Gm\">To nie jest pierwszy raz kiedy Jimek wyst\u0119puje ze s\u0142ynnym raperem. Wcze\u015bniej mia\u0142 okazj\u0119 prowadzi\u0107 orkiestr\u0119 <a href=\"https:\/\/www.onet.pl\/styl-zycia\/plejada\/bet-awards-2025-snoop-dogg-i-radzimir-debski-na-jednej-scenie-polak-dyrygowal\/mf9zs4c,0898b825\" id=\"b1e7f9eb-90fa-4dda-8074-5371aa6b941b\" rel=\"nofollow noopener\" target=\"_blank\">podczas wyst\u0119pu Snoop Doga w czerwcu na BET Awards,<\/a> gdzie artysta wykona\u0142, takie hity jak: &#8222;Drop It Like It&#8217;s Hot&#8221; czy &#8222;Nuthin&#8217; But a 'G&#8217; Thang&#8221;<\/p>\n<p><img decoding=\"async\" class=\"Image_image__0tuHp Image_autoHeight__f2n87 \" height=\"587\" width=\"863\" src=\"https:\/\/www.europesays.com\/pl\/wp-content\/uploads\/2025\/12\/KjTk9kpTURBXy9lMmYxMTg4ZmE4ZTRhNTJjNDllNDdmNGE4YWEyOGYxNC5qcGeSlQLNA6wAwsOVAgDNAkvCw94AA6EwAaExAaEzw.jpeg\" alt=\"Snoop Dogg\" loading=\"lazy\" \/>Stephen Maturen \/ Getty Images<\/p>\n<p>Snoop Dogg<\/p>\n<p class=\"Paragraph_desktopParagraph__U31Gm\">Dzi\u0119kujemy, \u017ce przeczyta\u0142a\u015b\/e\u015b nasz artyku\u0142 do ko\u0144ca.\u202fW serwisie Plejada.pl ka\u017cdego dnia piszemy o najwa\u017cniejszych wydarzeniach show-biznesowych.\u202fB\u0105d\u017a na bie\u017c\u0105co!\u202f<a rel=\"nofollow noopener\" href=\"https:\/\/news.google.com\/publications\/CAAiEF0PeAlb7W1llpV_mwV2rL4qFAgKIhBdD3gJW-1tZZaVf5sFdqy-?hl=pl&amp;gl=PL&amp;ceid=PL%3Apl\" id=\"07f82351-a8f9-4000-8e88-7461118f6c32\" target=\"_blank\">Obserwuj<\/a>\u202fPlejad\u0119 w Google. Odwied\u017a nas tak\u017ce na\u202f<a rel=\"nofollow noopener\" href=\"https:\/\/www.facebook.com\/plejadapl\" id=\"51dc9039-bd15-430d-91d7-cf73db3b8556\" target=\"_blank\">Facebooku<\/a>,\u202f<a rel=\"nofollow noopener\" href=\"https:\/\/www.instagram.com\/plejadapl\/\" id=\"eda00bc0-eb05-4289-be86-6f7436215539\" target=\"_blank\">Instagramie<\/a>,\u202f<a rel=\"nofollow noopener\" href=\"https:\/\/www.youtube.com\/c\/plejada\" id=\"3392c6b3-981a-428b-947e-c5bf581c1d5e\" target=\"_blank\">YouTubie<\/a>\u202foraz\u202f<a rel=\"nofollow noopener\" href=\"https:\/\/www.tiktok.com\/@plejada_pl\" id=\"002269b0-237b-4799-a56a-a0e0dd259270\" target=\"_blank\">TikToku<\/a>.<\/p>\n<p class=\"Paragraph_desktopParagraph__U31Gm\">Chcesz podzieli\u0107 si\u0119 ciekawym newsem lub zaproponowa\u0107 temat? Skontaktuj si\u0119 z nami, pisz\u0105c maila na adres:\u202f<a href=\"https:\/\/www.onet.pl\/styl-zycia\/plejada\/ogromny-sukces-radzimira-debskiego-wystapil-na-jednej-scenie-ze-snoop-doggiem\/mailto:plejada@redakcjaonet.pl\" id=\"efc54a20-dbce-4a85-a587-2d2d210e9153\" rel=\"nofollow noopener\" target=\"_blank\">plejada@redakcjaonet.pl<\/a>.<\/p>\n<p><script async src=\"\/\/www.instagram.com\/embed.js\"><\/script><script async src=\"\/\/www.tiktok.com\/embed.js\"><\/script><\/p>\n","protected":false},"excerpt":{"rendered":"Radzimir D\u0119bski, wyst\u0119puj\u0105cy pod pseudonimem Jimek, mia\u0142 okazj\u0119 wsp\u00f3\u0142pracowa\u0107 nie tylko z polskimi artystami, ale tak\u017ce z gwiazdami&hellip;\n","protected":false},"author":2,"featured_media":171840,"comment_status":"","ping_status":"","sticky":false,"template":"","format":"standard","meta":{"footnotes":""},"categories":[22],"tags":[18916,122,67,33769,53,52,68,51,55,42,38,40,39,41,123,47,33770,196,65,50],"class_list":{"0":"post-171839","1":"post","2":"type-post","3":"status-publish","4":"format-standard","5":"has-post-thumbnail","7":"category-rozrywka","8":"tag-boze_narodzenie_swieta_bozego_narodzenia_wigilia","9":"tag-entertainment","10":"tag-intextvideo_splayer","11":"tag-jimek_radzimir_debski","12":"tag-new_header","13":"tag-onet3","14":"tag-onet3d","15":"tag-onet3d_2i","16":"tag-phx","17":"tag-pl","18":"tag-poland","19":"tag-polish","20":"tag-polska","21":"tag-polski","22":"tag-rozrywka","23":"tag-screening_general","24":"tag-snoop_dogg","25":"tag-styl_zycia","26":"tag-update_me","27":"tag-v2021"},"share_on_mastodon":{"url":"https:\/\/pubeurope.com\/@pl\/115785514613687451","error":""},"_links":{"self":[{"href":"https:\/\/www.europesays.com\/pl\/wp-json\/wp\/v2\/posts\/171839","targetHints":{"allow":["GET"]}}],"collection":[{"href":"https:\/\/www.europesays.com\/pl\/wp-json\/wp\/v2\/posts"}],"about":[{"href":"https:\/\/www.europesays.com\/pl\/wp-json\/wp\/v2\/types\/post"}],"author":[{"embeddable":true,"href":"https:\/\/www.europesays.com\/pl\/wp-json\/wp\/v2\/users\/2"}],"replies":[{"embeddable":true,"href":"https:\/\/www.europesays.com\/pl\/wp-json\/wp\/v2\/comments?post=171839"}],"version-history":[{"count":0,"href":"https:\/\/www.europesays.com\/pl\/wp-json\/wp\/v2\/posts\/171839\/revisions"}],"wp:featuredmedia":[{"embeddable":true,"href":"https:\/\/www.europesays.com\/pl\/wp-json\/wp\/v2\/media\/171840"}],"wp:attachment":[{"href":"https:\/\/www.europesays.com\/pl\/wp-json\/wp\/v2\/media?parent=171839"}],"wp:term":[{"taxonomy":"category","embeddable":true,"href":"https:\/\/www.europesays.com\/pl\/wp-json\/wp\/v2\/categories?post=171839"},{"taxonomy":"post_tag","embeddable":true,"href":"https:\/\/www.europesays.com\/pl\/wp-json\/wp\/v2\/tags?post=171839"}],"curies":[{"name":"wp","href":"https:\/\/api.w.org\/{rel}","templated":true}]}}