{"id":171951,"date":"2025-12-26T12:04:10","date_gmt":"2025-12-26T12:04:10","guid":{"rendered":"https:\/\/www.europesays.com\/pl\/171951\/"},"modified":"2025-12-26T12:04:10","modified_gmt":"2025-12-26T12:04:10","slug":"makabra-w-wigilie-szesc-osob-zginelo-w-czolowym-zderzeniu-podejrzewamy-ze-to-ukraincy","status":"publish","type":"post","link":"https:\/\/www.europesays.com\/pl\/171951\/","title":{"rendered":"Makabra w Wigili\u0119. Sze\u015b\u0107 os\u00f3b zgin\u0119\u0142o w czo\u0142owym zderzeniu. \u201ePodejrzewamy, \u017ce to Ukrai\u0144cy\u201d"},"content":{"rendered":"<p>Wigilia, kt\u00f3ra mia\u0142a by\u0107 czasem rado\u015bci i spokoju, zamieni\u0142a si\u0119 w wielk\u0105 tragedi\u0119. \u015amiertelny wypadek w Ziel\u0119cicach pod Brzegiem wstrz\u0105sn\u0105\u0142 ca\u0142\u0105 Polsk\u0105. Sze\u015b\u0107 os\u00f3b zgin\u0119\u0142o w potwornym czo\u0142owym zderzeniu dw\u00f3ch samochod\u00f3w. Dzi\u015b bliscy ofiar \u017cyj\u0105 w dramatycznej niepewno\u015bci. Sekcje zw\u0142ok, kt\u00f3re pozwol\u0105 potwierdzi\u0107 to\u017csamo\u015b\u0107 zmar\u0142ych i odpowiedzie\u0107 na kluczowe pytania, odb\u0119d\u0105 si\u0119 dopiero po \u015bwi\u0119tach.<\/p>\n<p>\u015amiertelny wypadek w Wigili\u0119. Policja ustala to\u017csamo\u015b\u0107 ofiar<\/p>\n<p>Do tragicznego zdarzenia dosz\u0142o w \u015brod\u0119 (24 grudnia) oko\u0142o godziny 6:30 na drodze krajowej nr 39 w rejonie skrzy\u017cowania z drog\u0105 krajow\u0105 nr 94. Z niewyja\u015bnionych przyczyn dosz\u0142o do <a href=\"https:\/\/www.se.pl\/opole\/dramatyczny-wypadek-w-wigilie-zginelo-6-osob-jedno-auto-stanelo-w-plomieniach-aa-fYwi-5AMc-T3wu.html\" rel=\"nofollow noopener\" target=\"_blank\">czo\u0142owego zderzenia<\/a> Forda Kugi i Volkswagena Passata.<\/p>\n<p>Jak relacjonuje rzeczniczka Komendy Powiatowej Policji w Brzegu, asp. sztab. Patrycja Kaszuba, cytowana przez \u201eSuper Express\u201d: \u2212 Wszystkie osoby podr\u00f3\u017cuj\u0105ce oboma samochodami zgin\u0119\u0142y na miejscu.<\/p>\n<p>Na miejsce zdarzenia natychmiast skierowano s\u0142u\u017cby ratunkowe, kt\u00f3re zasta\u0142y zmia\u017cd\u017conego forda i p\u0142on\u0105cego volkswagena. Ustalenie to\u017csamo\u015bci ofiar podr\u00f3\u017cuj\u0105cych passatem jest utrudnione ze wzgl\u0119du na po\u017car pojazdu. Konieczne b\u0119dzie przeprowadzenie bada\u0144 DNA.<\/p>\n<p>Prokuratura prowadzi \u015bledztwo w sprawie przyczyn wypadku<\/p>\n<p><a href=\"https:\/\/www.se.pl\/temat\/prokuratura-opole,tg-6VxM-5uYZ-eyvw\/\" rel=\"follow nofollow noopener\" target=\"_blank\">Prokuratura Okr\u0119gowa w Opolu<\/a> wszcz\u0119\u0142a \u015bledztwo w sprawie przyczyn i okoliczno\u015bci tragicznego wypadku. Jak powiedzia\u0142 w rozmowie z \u201eFaktem\u201d prok. Stanis\u0142aw Bar, rzecznik Prokuratury Okr\u0119gowej w Opolu, badania sekcyjne ofiar zostan\u0105 przeprowadzone najwcze\u015bniej w poniedzia\u0142ek (29 grudnia). Dopiero po sekcjach zw\u0142ok i wykonaniu niezb\u0119dnych bada\u0144 b\u0119dzie mo\u017cna potwierdzi\u0107 to\u017csamo\u015b\u0107 ofiar.<\/p>\n<p>\u015aledczy maj\u0105 pewne podejrzenia co do to\u017csamo\u015bci os\u00f3b podr\u00f3\u017cuj\u0105cych Volkswagenem Passatem.<\/p>\n<p>\u2212 S\u0105 podejrzenia, \u017ce Volkswagenem Passatem podr\u00f3\u017cowa\u0142y osoby narodowo\u015bci ukrai\u0144skiej \u2212 czterech m\u0119\u017cczyzn i kobieta. Do ich identyfikacji konieczne b\u0119d\u0105 badania genetyczne \u2212 powiedzia\u0142 prok. Bar, cytowany przez \u201eFakt.pl\u201d.<\/p>\n<p>Na miejscu wypadku przeprowadzono ogl\u0119dziny z udzia\u0142em prokuratora i bieg\u0142ego z zakresu rekonstrukcji wypadk\u00f3w drogowych. Na razie jest jednak za wcze\u015bnie, by wyci\u0105ga\u0107 jakiekolwiek wnioski co do przyczyn tragedii. Spraw\u0119 bada policja pod nadzorem prokuratury.<\/p>\n<p>    <a class=\"ctr_teaser_with_link\" href=\"https:\/\/news.google.com\/publications\/CAAiEEx2X_p85JsgMzq4DWOl7JUqFAgKIhBMdl_6fOSbIDM6uA1jpeyV\" target=\"_blank\" rel=\"nofollow noopener\"><\/p>\n<p>                  <img decoding=\"async\" loading=\"lazy\" src=\"https:\/\/www.europesays.com\/pl\/wp-content\/uploads\/2025\/10\/gf-AdoB-4fwi-WKnx_super-express-google-news-664x442-nocrop.jpg\" alt=\"Super Express Google News\" data-link=\"https:\/\/www.europesays.com\/pl\/wp-content\/uploads\/2025\/10\/gf-AdoB-4fwi-WKnx_super-express-google-news-664x442-nocrop.jpg\" width=\"664\" height=\"442\"\/><\/p>\n<p>    <\/a><\/p>\n<p>Sonda<\/p>\n<p>Czy mia\u0142e\u015b kiedy\u015b wypadek drogowy?<\/p>\n<p>\u015amiertelny wypadek w Sieprawiu<\/p>\n<p class=\"playerBoard__text playerBoard__title\">Rozwijamy nasz serwis dzi\u0119ki wy\u015bwietlaniu reklam.<\/p>\n<p class=\"playerBoard__text playerBoard__text--icon\">Blokuj\u0105c reklamy, nie pozwalasz nam tworzy\u0107 warto\u015bciowych tre\u015bci. <\/p>\n<p class=\"playerBoard__text\">Wy\u0142\u0105cz AdBlock i od\u015bwie\u017c stron\u0119. <\/p>\n<p>            <video class=\"turbo-vjs video_player__aspect_ratio\" id=\"video-player-vv-JFGP-46Km-1PKh_fallback\" src=\"https:\/\/cache.stream.smcdn.pl\/tovid\/_definst_\/5\/321\/9E51178EA9884E54AABDFD2AF8889452\/034fb343-719f-42d3-8065-d60df3183214.mp4\/playlist.m3u8\" data-title=\"\u015amiertelny wypadek w Sieprawiu\" preload=\"none\" poster=\"https:\/\/cdn.media.smcloud.net\/t\/videos\/8A4F6A37A29845D18072E68CAD931936_1-664x442.jpg\"><br \/>\n            <\/video><\/p>\n","protected":false},"excerpt":{"rendered":"Wigilia, kt\u00f3ra mia\u0142a by\u0107 czasem rado\u015bci i spokoju, zamieni\u0142a si\u0119 w wielk\u0105 tragedi\u0119. \u015amiertelny wypadek w Ziel\u0119cicach pod&hellip;\n","protected":false},"author":2,"featured_media":171952,"comment_status":"","ping_status":"","sticky":false,"template":"","format":"standard","meta":{"footnotes":""},"categories":[12],"tags":[32,33,36,37,27,34,35,28,31,25,42,38,40,39,41,29,30,26],"class_list":{"0":"post-171951","1":"post","2":"type-post","3":"status-publish","4":"format-standard","5":"has-post-thumbnail","7":"category-polska","8":"tag-breaking-news","9":"tag-breakingnews","10":"tag-featured-news","11":"tag-featurednews","12":"tag-headlines","13":"tag-latest-news","14":"tag-latestnews","15":"tag-naglowki","16":"tag-najwazniejsze-artykuly","17":"tag-news","18":"tag-pl","19":"tag-poland","20":"tag-polish","21":"tag-polska","22":"tag-polski","23":"tag-top-stories","24":"tag-topstories","25":"tag-wiadomosci"},"share_on_mastodon":{"url":"https:\/\/pubeurope.com\/@pl\/115785778405596025","error":""},"_links":{"self":[{"href":"https:\/\/www.europesays.com\/pl\/wp-json\/wp\/v2\/posts\/171951","targetHints":{"allow":["GET"]}}],"collection":[{"href":"https:\/\/www.europesays.com\/pl\/wp-json\/wp\/v2\/posts"}],"about":[{"href":"https:\/\/www.europesays.com\/pl\/wp-json\/wp\/v2\/types\/post"}],"author":[{"embeddable":true,"href":"https:\/\/www.europesays.com\/pl\/wp-json\/wp\/v2\/users\/2"}],"replies":[{"embeddable":true,"href":"https:\/\/www.europesays.com\/pl\/wp-json\/wp\/v2\/comments?post=171951"}],"version-history":[{"count":0,"href":"https:\/\/www.europesays.com\/pl\/wp-json\/wp\/v2\/posts\/171951\/revisions"}],"wp:featuredmedia":[{"embeddable":true,"href":"https:\/\/www.europesays.com\/pl\/wp-json\/wp\/v2\/media\/171952"}],"wp:attachment":[{"href":"https:\/\/www.europesays.com\/pl\/wp-json\/wp\/v2\/media?parent=171951"}],"wp:term":[{"taxonomy":"category","embeddable":true,"href":"https:\/\/www.europesays.com\/pl\/wp-json\/wp\/v2\/categories?post=171951"},{"taxonomy":"post_tag","embeddable":true,"href":"https:\/\/www.europesays.com\/pl\/wp-json\/wp\/v2\/tags?post=171951"}],"curies":[{"name":"wp","href":"https:\/\/api.w.org\/{rel}","templated":true}]}}