{"id":171953,"date":"2025-12-26T12:05:09","date_gmt":"2025-12-26T12:05:09","guid":{"rendered":"https:\/\/www.europesays.com\/pl\/171953\/"},"modified":"2025-12-26T12:05:09","modified_gmt":"2025-12-26T12:05:09","slug":"iga-swiatek-zachwycila-co-za-stylizacja-przeglad-sportowy-onet","status":"publish","type":"post","link":"https:\/\/www.europesays.com\/pl\/171953\/","title":{"rendered":"Iga \u015awi\u0105tek zachwyci\u0142a. Co za stylizacja! &#8211; Przegl\u0105d Sportowy Onet"},"content":{"rendered":"<ol>\n<li><a href=\"https:\/\/news.google.com\/rss\/articles\/CBMikAFBVV95cUxQQXpMaDRVZW5GQmNmQ1E5VzUyYUYyNi1tU1R6WlQ3Mjk1ZllEdmNJeTI2UHBNOVZmd0EyRGlpSHVVSWplOEFnLVJ0eGVLUDR2RklFNzJuNVNNdGh2THJFNFE4YUo1NEFyeHV3dWZCMXMxQUxPMGJuc3lSbVVwcTZkRGpzZl93c1EzY1JScDctbU8?oc=5\" target=\"_blank\" rel=\"nofollow noopener\">Iga \u015awi\u0105tek zachwyci\u0142a. Co za stylizacja!<\/a>&nbsp;&nbsp;Przegl\u0105d Sportowy Onet<\/li>\n<li><a href=\"https:\/\/news.google.com\/rss\/articles\/CBMivAFBVV95cUxNSFVyajZHSF9NOXR1eWdsQVhmbkFkdUdyYjJIeWdZWDZZSGxtOXJPU1A5R0NkRjVTUFRMRGhoLXcwa2JQLWN2a1BTSmU5UDIzYW5sNVlvcnM0dHpVMlpVQUQ3OE5rUEpEWUEyWFg1Rk0zR3dsOWxvOV9kYkprb3hqdFBnRXd5bE5VT2JuRlRleUhjQnhlOGtjRkY2VUJ2UHpWQmlfX2wwdmFLNkhsd3NORi14RWl0RjE0M0phYQ?oc=5\" target=\"_blank\" rel=\"nofollow noopener\">Iga \u015awi\u0105tek &#8211; Jelena Rybakina [RELACJA NA \u017bYWO]<\/a>&nbsp;&nbsp;Przegl\u0105d Sportowy Onet<\/li>\n<li><a href=\"https:\/\/news.google.com\/rss\/articles\/CBMiXkFVX3lxTFBkSVNQdmdTZjRnNDFiSHBGeVVJMU5jSkJ0bHRIQ0I3cVVKLUxYbE00VzhBTXdqVmZlUzhCWUxrMzdUbjB4VndTYTdGUE0xTkd2ODMyQ1VpSnhDR0ZjcGc?oc=5\" target=\"_blank\" rel=\"nofollow noopener\">Hitowy mecz \u015awi\u0105tek w Shenzhen. Gra z Rybakin\u0105 [NA \u017bYWO] Tenis<\/a>&nbsp;&nbsp;Sport.pl<\/li>\n<li><a href=\"https:\/\/news.google.com\/rss\/articles\/CBMirgFBVV95cUxObVdYMlAyTXpFSGdidUV1T0dFOUhhUFFDaEFtSnVVQXFoMXVVNjVTRFJnaVRpQkRqa1cxdDI3ZUR1WW12YTNEWnF1UUlVSDcwQ0EwWEdkaTQyYjdZemwyYWRZUWZHYy1lSXRSZGZrOFlnREtxa3Y0MzlBbHZEWTlkeXNibFNub3pzaHBsYlhJbXF5WEtjYldGdGpOOV9vWWs5MkVTd3UzdDJYWW1PZmc?oc=5\" target=\"_blank\" rel=\"nofollow noopener\">Thriller ju\u017c u progu starcia \u015awi\u0105tek. Medalistka z Pary\u017ca pokonana<\/a>&nbsp;&nbsp;Sport w INTERIA.PL<\/li>\n<li><a href=\"https:\/\/news.google.com\/rss\/articles\/CBMixwFBVV95cUxObTJoampKa1ktVXJWRGQ0dUEwX05YQ2k0SF84RFYteVVrSmNsVF9SZXd1ZzJYSXBuclNPcXNEM1BYdnN6a3UtLUJmTGgtNFVNaWRtU0NlTGM5TTA1amk0NkViZ2NBTEJRckRkRFJMS2d6ZGtqMkRHaU5kWUJNTXhOT2xHb196am5XTlhaYWRFeGRhMm0wWGZ4aFNJOHlBeXZNNTRiT1JaX1I5YXpTWUd6bDN2VFdraHFoMVZ4Wmc3azl2QlpXZmZV?oc=5\" target=\"_blank\" rel=\"nofollow noopener\">\u015awi\u0105tek wraca do gry! \u015aled\u017a mecz z Rybakin\u0105 [NA \u017bYWO]<\/a>&nbsp;&nbsp;sport.tvp.pl<\/li>\n<\/ol>\n","protected":false},"excerpt":{"rendered":"Iga \u015awi\u0105tek zachwyci\u0142a. Co za stylizacja!&nbsp;&nbsp;Przegl\u0105d Sportowy Onet Iga \u015awi\u0105tek &#8211; Jelena Rybakina [RELACJA NA \u017bYWO]&nbsp;&nbsp;Przegl\u0105d Sportowy Onet&hellip;\n","protected":false},"author":2,"featured_media":171954,"comment_status":"","ping_status":"","sticky":false,"template":"","format":"standard","meta":{"footnotes":""},"categories":[5],"tags":[32,33,36,37,27,252,67,34,35,28,31,25,129,42,38,40,39,41,136,128,47,135,156,29,30,26,130],"class_list":{"0":"post-171953","1":"post","2":"type-post","3":"status-publish","4":"format-standard","5":"has-post-thumbnail","7":"category-naglowki","8":"tag-breaking-news","9":"tag-breakingnews","10":"tag-featured-news","11":"tag-featurednews","12":"tag-headlines","13":"tag-iga_swiatek","14":"tag-intextvideo_splayer","15":"tag-latest-news","16":"tag-latestnews","17":"tag-naglowki","18":"tag-najwazniejsze-artykuly","19":"tag-news","20":"tag-ofsajd","21":"tag-pl","22":"tag-poland","23":"tag-polish","24":"tag-polska","25":"tag-polski","26":"tag-ps_detal_new","27":"tag-psv2","28":"tag-screening_general","29":"tag-sport_sport","30":"tag-tenis","31":"tag-top-stories","32":"tag-topstories","33":"tag-wiadomosci","34":"tag-wiadomosci_sportowe"},"share_on_mastodon":{"url":"https:\/\/pubeurope.com\/@pl\/115785782049967877","error":""},"_links":{"self":[{"href":"https:\/\/www.europesays.com\/pl\/wp-json\/wp\/v2\/posts\/171953","targetHints":{"allow":["GET"]}}],"collection":[{"href":"https:\/\/www.europesays.com\/pl\/wp-json\/wp\/v2\/posts"}],"about":[{"href":"https:\/\/www.europesays.com\/pl\/wp-json\/wp\/v2\/types\/post"}],"author":[{"embeddable":true,"href":"https:\/\/www.europesays.com\/pl\/wp-json\/wp\/v2\/users\/2"}],"replies":[{"embeddable":true,"href":"https:\/\/www.europesays.com\/pl\/wp-json\/wp\/v2\/comments?post=171953"}],"version-history":[{"count":0,"href":"https:\/\/www.europesays.com\/pl\/wp-json\/wp\/v2\/posts\/171953\/revisions"}],"wp:featuredmedia":[{"embeddable":true,"href":"https:\/\/www.europesays.com\/pl\/wp-json\/wp\/v2\/media\/171954"}],"wp:attachment":[{"href":"https:\/\/www.europesays.com\/pl\/wp-json\/wp\/v2\/media?parent=171953"}],"wp:term":[{"taxonomy":"category","embeddable":true,"href":"https:\/\/www.europesays.com\/pl\/wp-json\/wp\/v2\/categories?post=171953"},{"taxonomy":"post_tag","embeddable":true,"href":"https:\/\/www.europesays.com\/pl\/wp-json\/wp\/v2\/tags?post=171953"}],"curies":[{"name":"wp","href":"https:\/\/api.w.org\/{rel}","templated":true}]}}