{"id":171955,"date":"2025-12-26T12:06:09","date_gmt":"2025-12-26T12:06:09","guid":{"rendered":"https:\/\/www.europesays.com\/pl\/171955\/"},"modified":"2025-12-26T12:06:09","modified_gmt":"2025-12-26T12:06:09","slug":"najwiekszy-niewypal-transferowy-widzewa-nieprzemyslany-ruch-sport-pl","status":"publish","type":"post","link":"https:\/\/www.europesays.com\/pl\/171955\/","title":{"rendered":"Najwi\u0119kszy niewypa\u0142 transferowy Widzewa. &quot;Nieprzemy\u015blany ruch&quot; &#8211; Sport.pl"},"content":{"rendered":"<ol>\n<li><a href=\"https:\/\/news.google.com\/rss\/articles\/CBMirAFBVV95cUxPay14c1ZlYS1mMnVrN18tS3Y0RlVjaEtjR2Q2YmUtVHdlQk4zcVZZQmZFU2hDUTRROFRJb1JZWjNHQTQ0eW1iRTJmZEh5bUVXTnRiTVdyeDdqY0lCLWhuYzZoT3Yya2JhYWxjZFZZTFczUzlGZ1JMdlhPc1BlbENMcGk3ZXRQMHBTS09wZ0FNdVpsN2RuM2xPZVpia2NxTlA1WUFZS081LVRuRUg1?oc=5\" target=\"_blank\" rel=\"nofollow noopener\">Najwi\u0119kszy niewypa\u0142 transferowy Widzewa. &#8222;Nieprzemy\u015blany ruch&#8221;<\/a>&nbsp;&nbsp;Sport.pl<\/li>\n<li><a href=\"https:\/\/news.google.com\/rss\/articles\/CBMipwFBVV95cUxOWTlGRDVjRHlnbmpHREl3aG1GRGVEN1lFdEJmSmxydl84QlA5T09UUi1OX3NUODFzVGZOaU1ZNjFEU2djb1BzQUw1UkhBV3haT3cwNE44dGpPc0lCaXRfeDg4NzJzdGgwNUVJVGxtNnZBZy1qS2pvZ0pVbjV0QlhRMGNYQWxPdHRPU2RnZ05zQkp1TEJKcGcwM0s2eTJ1dTFLYV9rT2VuZw?oc=5\" target=\"_blank\" rel=\"nofollow noopener\">B\u0119dzie wielki powr\u00f3t do Ekstraklasy? &#8222;Jest bliski odej\u015bcia&#8221;<\/a>&nbsp;&nbsp;SportoweFakty<\/li>\n<li><a href=\"https:\/\/news.google.com\/rss\/articles\/CBMihwFBVV95cUxNQk5lOU13LVgzYms1VTNFNjdmNWYwMURnT1VvaHozaDV3UVU3SEFzMmhUd295MDB2b1dTTnBQNklNejhPbUJsR25NY29IMWJhSF9reTRIZURScTZ4N2M0LWpwQmJxWXFCdDJzbTRRMkt0eGFPaHR2MTdPa3FwdlBoYVpLWVR1RE0?oc=5\" target=\"_blank\" rel=\"nofollow noopener\">Bart\u0142omiej Dr\u0105gowski blisko transferu. Dosta\u0142 zielone \u015bwiat\u0142o<\/a>&nbsp;&nbsp;weszlo.com<\/li>\n<li><a href=\"https:\/\/news.google.com\/rss\/articles\/CBMihgFBVV95cUxPWVN3TkRxeHpkTUxwMzBGdUJpZHltNDd4V2NWeVFmLTVFRGRrQmFWZU15TVc4XzNtS1ZOUGlXd21BVWdMWU54Y0pUU2xkcFJaM0VHYklPZ1EtUFdIb0Jta3hVWGNvNTd4U0JpWlVlOHR1a2R5RWU0OTlMZWFxdzFGbjRidTZpZw?oc=5\" target=\"_blank\" rel=\"nofollow noopener\">Z Grecji p\u0142yn\u0105 nowe wie\u015bci nt. Dr\u0105gowskiego. &#8222;Zielone \u015bwiat\u0142o&#8221;<\/a>&nbsp;&nbsp;kanalsportowy.pl<\/li>\n<li><a href=\"https:\/\/news.google.com\/rss\/articles\/CBMirwFBVV95cUxORWhvTW40ODVlYS05Y0FtNHpPeHllV0NlZ3BVRlFoSHRjbFQyNEtMblRsNUVFTXEyeVBFUVZVRlY4ZlJlV1dvcVU3eUNPTkh6dUVQRmR3TWRKdGM1WExQT0VDRTB6TTB2N2lGZlRkV01xdmxGUEVpQkNCTzJfemJXQUJZV3JMcWgzaHJWcjAxVVFWMU9mWHNLcHNvOHZ2UjhnaEJpaEpaQUp5YngzSklZ?oc=5\" target=\"_blank\" rel=\"nofollow noopener\">Widzew \u0141\u00f3d\u017a ju\u017c \u017ca\u0142uje tego transferu? \u201eKompletnie nieprzemy\u015blany ruch\u201d<\/a>&nbsp;&nbsp;Transfery.info<\/li>\n<\/ol>\n","protected":false},"excerpt":{"rendered":"Najwi\u0119kszy niewypa\u0142 transferowy Widzewa. &#8222;Nieprzemy\u015blany ruch&#8221;&nbsp;&nbsp;Sport.pl B\u0119dzie wielki powr\u00f3t do Ekstraklasy? &#8222;Jest bliski odej\u015bcia&#8221;&nbsp;&nbsp;SportoweFakty Bart\u0142omiej Dr\u0105gowski blisko transferu.&hellip;\n","protected":false},"author":2,"featured_media":171956,"comment_status":"","ping_status":"","sticky":false,"template":"","format":"standard","meta":{"footnotes":""},"categories":[24],"tags":[42,38,40,39,41,127,126],"class_list":{"0":"post-171955","1":"post","2":"type-post","3":"status-publish","4":"format-standard","5":"has-post-thumbnail","7":"category-sport","8":"tag-pl","9":"tag-poland","10":"tag-polish","11":"tag-polska","12":"tag-polski","13":"tag-sport","14":"tag-sports"},"share_on_mastodon":{"url":"https:\/\/pubeurope.com\/@pl\/115785786040827165","error":""},"_links":{"self":[{"href":"https:\/\/www.europesays.com\/pl\/wp-json\/wp\/v2\/posts\/171955","targetHints":{"allow":["GET"]}}],"collection":[{"href":"https:\/\/www.europesays.com\/pl\/wp-json\/wp\/v2\/posts"}],"about":[{"href":"https:\/\/www.europesays.com\/pl\/wp-json\/wp\/v2\/types\/post"}],"author":[{"embeddable":true,"href":"https:\/\/www.europesays.com\/pl\/wp-json\/wp\/v2\/users\/2"}],"replies":[{"embeddable":true,"href":"https:\/\/www.europesays.com\/pl\/wp-json\/wp\/v2\/comments?post=171955"}],"version-history":[{"count":0,"href":"https:\/\/www.europesays.com\/pl\/wp-json\/wp\/v2\/posts\/171955\/revisions"}],"wp:featuredmedia":[{"embeddable":true,"href":"https:\/\/www.europesays.com\/pl\/wp-json\/wp\/v2\/media\/171956"}],"wp:attachment":[{"href":"https:\/\/www.europesays.com\/pl\/wp-json\/wp\/v2\/media?parent=171955"}],"wp:term":[{"taxonomy":"category","embeddable":true,"href":"https:\/\/www.europesays.com\/pl\/wp-json\/wp\/v2\/categories?post=171955"},{"taxonomy":"post_tag","embeddable":true,"href":"https:\/\/www.europesays.com\/pl\/wp-json\/wp\/v2\/tags?post=171955"}],"curies":[{"name":"wp","href":"https:\/\/api.w.org\/{rel}","templated":true}]}}