{"id":171959,"date":"2025-12-26T12:08:10","date_gmt":"2025-12-26T12:08:10","guid":{"rendered":"https:\/\/www.europesays.com\/pl\/171959\/"},"modified":"2025-12-26T12:08:10","modified_gmt":"2025-12-26T12:08:10","slug":"uratuja-rynek-ram-wkrotce-moze-wkroczyc-nowy-gracz","status":"publish","type":"post","link":"https:\/\/www.europesays.com\/pl\/171959\/","title":{"rendered":"Uratuj\u0105 rynek RAM? Wkr\u00f3tce mo\u017ce wkroczy\u0107 nowy gracz"},"content":{"rendered":"<p>Sytuacja na rynku pami\u0119ci RAM rysowa\u0142a si\u0119 ostatnio w do\u015b\u0107 ponurych barwach. Jednak teraz nadchodzi nowa nadzieja na horyzoncie \u2013 jeden z najwi\u0119kszych producent\u00f3w komponent\u00f3w do PC i komputer\u00f3w mo\u017ce sta\u0107 si\u0119 jednym z producent\u00f3w DRAM-u.<\/p>\n<p>    Dalsza cz\u0119\u015b\u0107 tekstu pod wideo<\/p>\n<p>\n                                ASUS wkracza do gry?\n            <\/p>\n<p>Portal Wccftech, powo\u0142uj\u0105c si\u0119 na perski portal technologiczny Sakhtafzarmag, podaje, \u017ce ASUS planuje wkroczy\u0107 jako producent DRAM-u ju\u017c na pocz\u0105tku 2026 roku. Wcze\u015bniej portal ten wykaza\u0142 si\u0119 prawdziwymi informacjami na temat procesor\u00f3w AMD i Intela.<\/p>\n<p>        <img loading=\"lazy\" decoding=\"async\" src=\"https:\/\/www.europesays.com\/pl\/wp-content\/uploads\/2025\/12\/1766741538_82_B32963402.414688363;dc_trk_aid=607216972;dc_trk_cid=228291445;ord=[timestamp];dc_lat=;dc_rdid=;tag_f.gif\" attributionsrc=\"\" border=\"0\" height=\"1\" width=\"1\" alt=\"Advertisement\"\/><\/p>\n<p>Wed\u0142ug \u017ar\u00f3d\u0142a tych doniesie\u0144, je\u015bli ceny pami\u0119ci i \u0142a\u0144cuch zaopatrze\u0144 si\u0119 nie unormuj\u0105 \u2013 ASUS zamierza wystartowa\u0107 ze swoimi liniami produkcyjnymi DRAM-u z ko\u0144cem drugiego kwarta\u0142u 2026 r. Obecne prognozy zapowiadaj\u0105 braki ko\u015bci pami\u0119ci a\u017c do ko\u0144ca 2027 roku, a nawet by\u0107 mo\u017ce jeszcze w 2028 r.<\/p>\n<p>Portal Wccftech spekuluje, \u017ce prawdopodobnie ASUS skupi si\u0119 najpierw na zapewnieniu dostaw dla swoich w\u0142asnych produkt\u00f3w, w tym laptop\u00f3w oraz zestaw\u00f3w PC (desktop), w tym dla marek ROG i TUF.<\/p>\n<p>Firmy takie, jak Micron, Samsung i Hynix skupi\u0142y si\u0119 na zwi\u0119kszeniu mar\u017cy ze sprzeda\u017cy \u2013 dzi\u0119ki decyzji o zaopatrywaniu wielkich centr\u00f3w danych AI. Natomiast w przypadku ASUS-a by\u0142aby to decyzja w stylu &#8222;by\u0107 albo nie by\u0107&#8221; z w\u0142asnymi produktami. Oczywi\u015bcie, je\u015bli te pog\u0142oski si\u0119 potwierdz\u0105, to te\u017c zyskaj\u0105 na tym inni producenci sprz\u0119tu.<\/p>\n","protected":false},"excerpt":{"rendered":"Sytuacja na rynku pami\u0119ci RAM rysowa\u0142a si\u0119 ostatnio w do\u015b\u0107 ponurych barwach. Jednak teraz nadchodzi nowa nadzieja na&hellip;\n","protected":false},"author":2,"featured_media":171960,"comment_status":"","ping_status":"","sticky":false,"template":"","format":"standard","meta":{"footnotes":""},"categories":[20],"tags":[33815,27099,120,118,119,3863,42,38,40,39,41,19360,116,114,115,629,121,117],"class_list":{"0":"post-171959","1":"post","2":"type-post","3":"status-publish","4":"format-standard","5":"has-post-thumbnail","7":"category-nauka-i-technika","8":"tag-asus-pamiec-ram","9":"tag-dram","10":"tag-nauka","11":"tag-nauka-i-technika","12":"tag-naukatechnika","13":"tag-pamiec-ram","14":"tag-pl","15":"tag-poland","16":"tag-polish","17":"tag-polska","18":"tag-polski","19":"tag-ram","20":"tag-science","21":"tag-science-and-technology","22":"tag-sciencetechnology","23":"tag-sprzet","24":"tag-technika","25":"tag-technology"},"share_on_mastodon":{"url":"https:\/\/pubeurope.com\/@pl\/115785794058348718","error":""},"_links":{"self":[{"href":"https:\/\/www.europesays.com\/pl\/wp-json\/wp\/v2\/posts\/171959","targetHints":{"allow":["GET"]}}],"collection":[{"href":"https:\/\/www.europesays.com\/pl\/wp-json\/wp\/v2\/posts"}],"about":[{"href":"https:\/\/www.europesays.com\/pl\/wp-json\/wp\/v2\/types\/post"}],"author":[{"embeddable":true,"href":"https:\/\/www.europesays.com\/pl\/wp-json\/wp\/v2\/users\/2"}],"replies":[{"embeddable":true,"href":"https:\/\/www.europesays.com\/pl\/wp-json\/wp\/v2\/comments?post=171959"}],"version-history":[{"count":0,"href":"https:\/\/www.europesays.com\/pl\/wp-json\/wp\/v2\/posts\/171959\/revisions"}],"wp:featuredmedia":[{"embeddable":true,"href":"https:\/\/www.europesays.com\/pl\/wp-json\/wp\/v2\/media\/171960"}],"wp:attachment":[{"href":"https:\/\/www.europesays.com\/pl\/wp-json\/wp\/v2\/media?parent=171959"}],"wp:term":[{"taxonomy":"category","embeddable":true,"href":"https:\/\/www.europesays.com\/pl\/wp-json\/wp\/v2\/categories?post=171959"},{"taxonomy":"post_tag","embeddable":true,"href":"https:\/\/www.europesays.com\/pl\/wp-json\/wp\/v2\/tags?post=171959"}],"curies":[{"name":"wp","href":"https:\/\/api.w.org\/{rel}","templated":true}]}}