{"id":171967,"date":"2025-12-26T12:12:10","date_gmt":"2025-12-26T12:12:10","guid":{"rendered":"https:\/\/www.europesays.com\/pl\/171967\/"},"modified":"2025-12-26T12:12:10","modified_gmt":"2025-12-26T12:12:10","slug":"trump-atakuje-i-miesza-sie-w-nowa-wojne-wesolych-swiat-martwym-terrorystom-amerykanie-moga-sie-przeliczyc","status":"publish","type":"post","link":"https:\/\/www.europesays.com\/pl\/171967\/","title":{"rendered":"Trump atakuje i miesza si\u0119 w now\u0105 wojn\u0119. &#8222;Weso\u0142ych \u015bwi\u0105t martwym terrorystom&#8221;. Amerykanie mog\u0105 si\u0119 przeliczy\u0107"},"content":{"rendered":"<p>Dzia\u0142ania terroryst\u00f3w z Boko Haram doprowadzi\u0142y do kryzysu humanitarnego na wielk\u0105 skal\u0119. Liczba uchod\u017ac\u00f3w si\u0119ga ju\u017c milion\u00f3w, a liczba os\u00f3b zagro\u017conych g\u0142odem \u2014 dziesi\u0105tek milion\u00f3w. &#8222;Atakuj\u0105 i brutalnie morduj\u0105 przede wszystkim niewinnych chrze\u015bcijan, na skal\u0119 niewidzian\u0105 od wielu lat, a nawet wiek\u00f3w!&#8221; \u2014 grzmi Trump na Truth Social.<\/p>\n<p>26 grudnia Departament wojny USA opublikowa\u0142 w mediach spo\u0142eczno\u015bciowych nagranie ukazuj\u0105ce moment ataku ameryka\u0144skich si\u0142 w Nigerii.<\/p>\n<p>Trump w swoich wypowiedziach skupia si\u0119 tylko na jednej kwestii \u2014 zabijaniu chrze\u015bcijan przez d\u017cihadyst\u00f3w \u2014 i twierdzi, \u017ce jest gotowy zaj\u0105\u0107 si\u0119 tym problemem przy u\u017cyciu ameryka\u0144skich si\u0142 zbrojnych. Jednak praktycznie ca\u0142a wsp\u00f3\u0142czesna historia interwencji USA \u2014 od Wietnamu po Afganistan \u2014 pokazuje, \u017ce bezpo\u015brednie anga\u017cowanie si\u0119 w dzia\u0142ania zbrojne przez Waszyngton jest z\u0142ym pomys\u0142em.<\/p>\n<p>Wydaje si\u0119, \u017ce Trump musi zrozumie\u0107 wszystkie ryzyka zwi\u0105zane z rozpocz\u0119ciem kolejnej potencjalnej &#8222;wiecznej wojny&#8221;. Historia konfliktu w Nigerii pokazuje, \u017ce na Amerykan\u00f3w czyha kilka kluczowych zagro\u017ce\u0144.<\/p>\n<p class=\"ods-c-paragraph \">Gdyby Stany Zjednoczone mia\u0142y dokona\u0107 inwazji na Nigeri\u0119, musia\u0142yby zmierzy\u0107 si\u0119 z terrorystami, kt\u00f3rzy \u0142atwo wtapiaj\u0105 si\u0119 w lokaln\u0105 populacj\u0119 \u2014 a niekiedy ciesz\u0105 si\u0119 jej poparciem. <a href=\"https:\/\/wiadomosci.onet.pl\/swiat\/potezny-i-smiertelny-cios-usa-trump-informuje-o-ataku-na-isis\/m99jn6h\" id=\"2b63955b-bfb7-4b58-bb99-f8ebfafb5cd6\" rel=\"nofollow noopener\" target=\"_blank\">Zapoznanie si\u0119 z lokaln\u0105 specyfik\u0105 b\u0119dzie kluczowe dla Amerykan\u00f3w<\/a>, inaczej operacja Trumpa zako\u0144czy si\u0119 niepowodzeniem.<\/p>\n<p class=\"ods-c-paragraph \">Wydaje si\u0119 natomiast, \u017ce prezydent USA ma szans\u0119 pochwali\u0107 si\u0119 kolejnym zwyci\u0119stwem bez konieczno\u015bci faktycznej interwencji zbrojnej. W odpowiedzi na gro\u017aby ze strony Stan\u00f3w Zjednoczonych dow\u00f3dztwo wojskowe Nigerii obieca\u0142o zintensyfikowa\u0107 dzia\u0142ania przeciwko Boko Haram, a w niekt\u00f3rych obszarach nigeryjskie si\u0142y federalne rozpocz\u0119\u0142y nawet stosunkowo udane operacje bojowe przeciwko d\u017cihadystom.<\/p>\n<p>   <img decoding=\"async\" src=\"https:\/\/www.europesays.com\/pl\/wp-content\/uploads\/2025\/12\/3dEk9lBaHR0cHM6Ly9vY2RuLmV1L3B1bHNjbXMvTURBXy81OGZlM2E5ZDk4YTc0OGNkNDRjNmZiYTA2ZDMzYjViNi5qcGeSlQMAA.jpeg\" height=\"625\" width=\"940\" alt=\"Lokalni my\u015bliwi w stanie Adamawa w Nigerii. Przygotowuj\u0105 si\u0119 do wsparcia nigeryjskiej armii walcz\u0105cej z terrorystami Boko Haram, 6 grudnia 2014 r. (zdj. ilustracyjne)\" loading=\"lazy\" class=\"ods-c-image__img ods-c-image__img--viewport-width\"\/><\/p>\n<p>Lokalni my\u015bliwi w stanie Adamawa w Nigerii. Przygotowuj\u0105 si\u0119 do wsparcia nigeryjskiej armii walcz\u0105cej z terrorystami Boko Haram, 6 grudnia 2014 r. (zdj. ilustracyjne)Mohammed Elshamy\/Anadolu Agency\/Getty Images \/ Getty Images<\/p>\n<p class=\"ods-c-paragraph \">Aby pochwali\u0107 si\u0119 kolejnym w\u0105tpliwym sukcesem, Donald Trump b\u0119dzie musia\u0142 tylko poczeka\u0107 na oficjalne o\u015bwiadczenia nigeryjskich przyw\u00f3dc\u00f3w wojskowych i politycznych og\u0142aszaj\u0105ce pokonanie grup terrorystycznych i wyzwolenie obszar\u00f3w kraju spod ich kontroli \u2014 nawet je\u015bli w istocie problem pozostanie nierozwi\u0105zany.<\/p>\n<p>Amerykanie interweniuj\u0105 w Nigerii<\/p>\n<p class=\"ods-c-paragraph \">Zaledwie kilka dni po nieoficjalnej <a href=\"https:\/\/wiadomosci.onet.pl\/swiat\/donald-trump-zmienia-nazwe-departamentu-obrony-jest-podpis\/3s18nvf\" id=\"0b95ad81-0113-4ecb-8496-3fa9b95140d4\" rel=\"nofollow noopener\" target=\"_blank\">zmianie nazwy Departamentu Obrony Stan\u00f3w Zjednoczonych na Departament Wojny<\/a> Donald Trump wydawa\u0142 si\u0119 zdecydowany, kt\u00f3r\u0105 wojn\u0119 resort rozpocznie jako pierwsz\u0105.<\/p>\n<p class=\"ods-c-paragraph \">&#8222;Je\u015bli rz\u0105d Nigerii nadal b\u0119dzie pozwala\u0142 na zabijanie chrze\u015bcijan, Stany Zjednoczone natychmiast wstrzymaj\u0105 wszelk\u0105 pomoc i wsparcie dla Nigerii i mog\u0105 wkroczy\u0107 do tego obecnie skompromitowanego kraju z broni\u0105 w r\u0119ku, aby ca\u0142kowicie zniszczy\u0107 islamskich terroryst\u00f3w, kt\u00f3rzy dopuszczaj\u0105 si\u0119 tych potwornych okrucie\u0144stw&#8221; \u2014 &#8222;powiedzia\u0142&#8221; Trump w wygenerowanym przez sztuczn\u0105 inteligencj\u0119 przem\u00f3wieniu prezydenckim opublikowanym na platformie Truth Social.<\/p>\n<p class=\"ods-c-paragraph \">Powodem tych gr\u00f3\u017ab by\u0142y <a href=\"https:\/\/www.onet.pl\/informacje\/onetwiadomosci\/wstrzasajace-dane-o-skali-przemocy-w-nigerii-liczba-porwanych-osob-szokuje\/66emrpc,79cfc278\" id=\"03317360-6c78-4799-95f8-da29a246d6c9\" rel=\"nofollow noopener\" target=\"_blank\">masowe zab\u00f3jstwa i porwania dokonywane przez grupy d\u017cihadyst\u00f3w<\/a>. Lokalni ksi\u0119\u017ca i ich wierni apeluj\u0105 do w\u0142adz kraju o ochron\u0119. Jednak s\u0105dz\u0105c po wpisie Trumpa, jego zdaniem w\u0142adze Nigerii s\u0105 wsp\u00f3\u0142winne terrorystom, kt\u00f3rych ameryka\u0144ski prezydent grozi zniszczeniem.<\/p>\n<p class=\"ods-c-paragraph \">Nigeryjscy urz\u0119dnicy pr\u00f3bowali si\u0119 usprawiedliwi\u0107, twierdz\u0105c, \u017ce wolno\u015b\u0107 sumienia i wyznania w kraju jest chroniona przez prawo, a przemoc nie ma charakteru ludob\u00f3jstwa. Ich zdaniem nie tylko chrze\u015bcijanie, ale tak\u017ce muzu\u0142manie cierpi\u0105 z powodu dzia\u0142a\u0144 terroryst\u00f3w i wreszcie, a w\u0142adze robi\u0105 wszystko, co w ich mocy, aby powstrzyma\u0107 przemoc. Prezydent Nigerii Bola Tinubu zintensyfikowa\u0142 wszystkie oficjalne i nieoficjalne kana\u0142y komunikacji ze Stanami Zjednoczonymi, aby zapobiec naruszeniu suwerenno\u015bci kraju i ameryka\u0144skiej inwazji. Trump mimo wszystko <a href=\"https:\/\/www.onet.pl\/informacje\/onetwiadomosci\/usa-uderzyly-w-nigerii-celem-isis-podsumowanie-nocy\/bjt5l4n,79cfc278\" id=\"2f562ec9-1e9f-4a24-a41b-4ec0c453a3ea\" rel=\"nofollow noopener\" target=\"_blank\">zaatakowa\u0142 terroryst\u00f3w z Boko Haram<\/a>.<\/p>\n<p class=\"ods-c-paragraph \">Na li\u015bcie kraj\u00f3w, w kt\u00f3rych chrze\u015bcijanie spotykaj\u0105 si\u0119 z najwi\u0119kszymi prze\u015bladowaniami instytucjonalnymi na \u015bwiecie, Nigeria zajmuje si\u00f3dme miejsce, wyprzedzaj\u0105c Iran i Pakistan.<\/p>\n<p class=\"ods-c-paragraph \">Sze\u015b\u0107 pierwszych pa\u0144stw na li\u015bcie \u2014 Korea P\u00f3\u0142nocna, Somalia, Jemen, Libia, Sudan i Erytrea \u2014 ma stosunkowo niewielk\u0105 populacj\u0119 chrze\u015bcijan. Natomiast w Nigerii chrze\u015bcijanie stanowi\u0105 ok. po\u0142owy ludno\u015bci.<\/p>\n<p class=\"ods-c-paragraph \">Rz\u0105d w du\u017cej mierze sk\u0142ada si\u0119 z chrze\u015bcijan i nie anga\u017cuje si\u0119 w prze\u015bladowania na tle religijnym. Problem polega na tym, \u017ce dwie dekady temu pa\u0144stwo samo ograniczy\u0142o swoje mo\u017cliwo\u015bci, pr\u00f3buj\u0105c unikn\u0105\u0107 konfliktu wewn\u0119trznego.<\/p>\n<p>Dalszy ci\u0105g artyku\u0142u pod materia\u0142em wideo<br \/>\nHistoria konfliktu w Nigerii<\/p>\n<p class=\"ods-c-paragraph \">W 1999 r. upad\u0142 re\u017cim dyktatury wojskowej, kt\u00f3ry zosta\u0142 ustanowiony w Nigerii w po\u0142owie lat 60. XX w. W latach dyktatury do w\u0142adzy dosz\u0142o kilkunastu r\u00f3\u017cnych genera\u0142\u00f3w w wyniku zamach\u00f3w stanu i bunt\u00f3w. Tylko dw\u00f3ch z nich by\u0142o chrze\u015bcijanami, wszyscy pozostali byli muzu\u0142manami z p\u00f3\u0142nocnych stan\u00f3w Nigerii.<\/p>\n<p class=\"ods-c-paragraph \">Muzu\u0142manie rz\u0105dzili jako dyktatorzy nieprzerwanie od 1983 do 1999 r. W spos\u00f3b typowy dla dyktatur obsadzali wysokie stanowiska w rz\u0105dzie i s\u0142u\u017cbach bezpiecze\u0144stwa g\u0142\u00f3wnie swoimi wsp\u00f3\u0142wyznawcami i osobami pochodz\u0105cymi z ich rodzinnych region\u00f3w. Ostatni z tych genera\u0142\u00f3w \u2014 Abdulsalami Abubakar \u2014 przywr\u00f3ci\u0142 demokracji\u0119 w kraju, organizuj\u0105c pierwsze od dziesi\u0119cioleci uczciwe wybory prezydenckie i bez wahania przekazuj\u0105c w\u0142adz\u0119 zwyci\u0119zcy, chrze\u015bcijaninowi Olusegunowi Obasanjo.<\/p>\n<p><img decoding=\"async\" src=\"https:\/\/www.europesays.com\/pl\/wp-content\/uploads\/2025\/12\/UMBk9lBaHR0cHM6Ly9vY2RuLmV1L3B1bHNjbXMvTURBXy8yZTdkODFmZDI4NDVmMWUyZDY1MjE5NmNjMTg5ZDI2Ni5qcGeRlQLNB.jpeg\" height=\"627\" width=\"940\" alt=\"Abdulsalami Abubakar\" loading=\"lazy\" class=\"ods-c-image__img ods-c-image__img--viewport-width\"\/><\/p>\n<p>Abdulsalami AbubakarAdam Abu-bashal\/Anadolu Agency via Getty Images \/ Contributor \/ Getty Images<\/p>\n<p class=\"ods-c-paragraph \">Nawiasem m\u00f3wi\u0105c, Obasanjo ju\u017c wcze\u015bniej rz\u0105dzi\u0142 krajem jako jeden z &#8222;chrze\u015bcija\u0144skich&#8221; dyktator\u00f3w, ale w wyborach w 1999 r. startowa\u0142 jako kandydat demokratyczny, obiecuj\u0105c pozbycie si\u0119 nepotyzmu i korupcji. Zapowiedzia\u0142 tak\u017ce koniec \u0142amania praw cz\u0142owieka.<\/p>\n<p class=\"ods-c-paragraph \">Nag\u0142a i radykalna zmiana systemu rz\u0105d\u00f3w wywo\u0142a\u0142a niepok\u00f3j w\u015br\u00f3d elit politycznych z przewa\u017cnie muzu\u0142ma\u0144skiej p\u00f3\u0142nocy kraju. Lokalni urz\u0119dnicy i gubernatorzy, z kt\u00f3rych wielu by\u0142o uwik\u0142anych w korupcyjne schematy kolejnych junt, obawiali si\u0119 utraty wp\u0142yw\u00f3w, dymisji, a nawet postawienia przed s\u0105dem.<\/p>\n<p class=\"ods-c-paragraph \">Aby chroni\u0107 siebie i dotychczasowy porz\u0105dek, zacz\u0119li domaga\u0107 si\u0119 od w\u0142adz centralnych zachowania to\u017csamo\u015bci muzu\u0142ma\u0144skiej i obrony jej przed wp\u0142ywami zachodnimi, kt\u00f3re kojarzyli z wyborami, \u015bwieckimi s\u0105dami oraz chrze\u015bcija\u0144sk\u0105 administracj\u0105. Dzi\u0119ki tym dzia\u0142aniom umiej\u0119tnie skonsolidowali religijn\u0105 cz\u0119\u015b\u0107 spo\u0142ecze\u0144stwa, kt\u00f3ra postrzega\u0142a muzu\u0142ma\u0144skich polityk\u00f3w jako swoich obro\u0144c\u00f3w przed sekularyzacj\u0105 oraz chrze\u015bcija\u0144stwem.<\/p>\n<p class=\"ods-c-paragraph \">Obasanjo nie m\u00f3g\u0142 zwolni\u0107 ani uwi\u0119zi\u0107 tych islamskich populist\u00f3w bez ryzyka wywo\u0142ania wielkiej muzu\u0142ma\u0144skiej rebelii, a sami politycy nie mieli innego wyboru, jak tylko dotrzyma\u0107 swoich obietnic i naciska\u0107 na w\u0142adze centralne, aby maksymalnie zislamizowa\u0142y p\u00f3\u0142noc kraju. Tak w\u0142a\u015bnie post\u0105pili, zmuszaj\u0105c w\u0142adze federalne do wyra\u017cenia zgody na wprowadzenie prawa szariatu w niekt\u00f3rych cz\u0119\u015bciach Nigerii.<\/p>\n<p>   Szariat w Nigerii<\/p>\n<p class=\"ods-c-paragraph \">Zak\u0142adano, \u017ce dwa systemy prawne \u2014 liberalny system konstytucyjny i system oparty na szariacie \u2014 b\u0119d\u0105 funkcjonowa\u0107 r\u00f3wnolegle, a kary takie jak amputacja r\u0119ki za kradzie\u017c lub ukamienowanie za cudzo\u0142\u00f3stwo b\u0119d\u0105 mia\u0142y zastosowanie wy\u0142\u0105cznie do muzu\u0142man\u00f3w.<\/p>\n<p class=\"ods-c-paragraph \">Jednak chrze\u015bcijanie i wyznawcy tradycyjnych wierze\u0144 afryka\u0144skich obawiali si\u0119, \u017ce islamskie prawa zostan\u0105 rozszerzone r\u00f3wnie\u017c na nich. Odpowiedzieli protestami, kt\u00f3re spotka\u0142y si\u0119 z wrogo\u015bci\u0105 ze strony muzu\u0142ma\u0144skich s\u0105siad\u00f3w. Dosz\u0142o do star\u0107 mi\u0119dzy wyznawcami r\u00f3\u017cnych religii, a nawet do otwartych walk, w kt\u00f3rych zgin\u0119\u0142y tysi\u0105ce ludzi.<\/p>\n<p class=\"ods-c-paragraph \">Ograniczenie stosowania szariatu wy\u0142\u0105cznie do spo\u0142eczno\u015bci muzu\u0142ma\u0144skich okaza\u0142o si\u0119 niemo\u017cliwe. Zosta\u0142 on wprowadzony w dziewi\u0119ciu stanach w ca\u0142o\u015bci oraz w niekt\u00f3rych okr\u0119gach trzech kolejnych stan\u00f3w, kt\u00f3re \u0142\u0105cznie stanowi\u0105 nieco mniej ni\u017c po\u0142ow\u0119 ca\u0142kowitej powierzchni kraju. W regionach tych niemuzu\u0142manom zakazano sprzeda\u017cy i kupowania alkoholu, publicznego wykonywania lub s\u0142uchania muzyki, otwartego organizowania zgromadze\u0144 religijnych, a cz\u0119sto nawet wysy\u0142ania dzieci do szk\u00f3\u0142 koedukacyjnych.<\/p>\n<p class=\"ods-c-paragraph \">System odwo\u0142awczy mia\u0142 zapewni\u0107 osobom niezadowolonym z orzecze\u0144 s\u0105d\u00f3w szariackich mo\u017cliwo\u015b\u0107 zaskar\u017cenia ich do s\u0105d\u00f3w \u015bwieckich, ale urz\u0119dnicy odpowiedzialni za wykonywanie tej funkcji okazali si\u0119 skorumpowani i nieskuteczni. W rezultacie nie mo\u017cna m\u00f3wi\u0107 o pe\u0142noprawnym wsp\u00f3\u0142istnieniu dw\u00f3ch r\u00f3\u017cnych system\u00f3w prawnych. W wielu regionach szariat dos\u0142ownie zast\u0105pi\u0142 konstytucj\u0119.<\/p>\n<p class=\"ods-c-paragraph \">Politycy, kt\u00f3rzy stali za islamizacj\u0105 systemu prawnego na p\u00f3\u0142nocy kraju, obiecali, \u017ce szariat znacznie szybciej i skuteczniej ni\u017c prawo \u015bwieckie rozwi\u0105\u017ce g\u0142\u00f3wne problemy Nigerii \u2014 <a href=\"https:\/\/www.onet.pl\/turystyka\/dalekowswiatpl\/obalamy-stereotypy-dotyczace-afryki-to-nie-tylko-bieda-i-wojny\/fjfvefk,30bc1058\" id=\"42683cfb-7f77-4b0b-9997-735612571ec8\" rel=\"nofollow noopener\" target=\"_blank\">korupcj\u0119, ub\u00f3stwo i niesprawiedliwy podzia\u0142 bogactwa<\/a>. Nigeria jest liderem kontynentu pod wzgl\u0119dem produkcji i sprzeda\u017cy ropy naftowej, a jednocze\u015bnie regularnie zajmuje czo\u0142owe miejsca w rankingach najgorszych kraj\u00f3w \u015bwiata do \u017cycia.<\/p>\n<p class=\"ods-c-paragraph \">Jednak szariat nie sta\u0142 si\u0119 panaceum. Korupcja nie znikn\u0119\u0142a, podobnie jak ub\u00f3stwo. Co wi\u0119cej, politycy cz\u0119sto po prostu podporz\u0105dkowali sobie s\u0105dy szariackie, zamieniaj\u0105c je w narz\u0119dzia w\u0142asnego wzbogacania si\u0119. Wielu s\u0119dzi\u00f3w szariackich, utrzymywanych przez lokalne elity lub pozostaj\u0105cych pod ich wp\u0142ywem, wydawa\u0142o (i nadal wydaje) wyroki kieruj\u0105c si\u0119 nie sprawiedliwo\u015bci\u0105, ale interesami swoich patron\u00f3w.<\/p>\n<p class=\"ods-c-paragraph \">&#8222;Szariat jest fikcj\u0105, zas\u0142on\u0105 dymn\u0105 dla skorumpowanych polityk\u00f3w. My w pe\u0142ni wprowadzimy prawo islamskie&#8221; \u2014 stwierdzi\u0142 kaznodzieja Muhammad Yusuf, t\u0142umacz\u0105c pora\u017ck\u0119 polityki regionalnej islamizacji.<\/p>\n<p>Boko Haram w Nigerii<\/p>\n<p class=\"ods-c-paragraph \">Muhammad Yusuf by\u0142 do\u015b\u0107 znan\u0105 i popularn\u0105 postaci\u0105. Udzieli\u0142 nawet wywiadu BBC, w kt\u00f3rym stwierdzi\u0142, \u017ce Ziemia jest w rzeczywisto\u015bci p\u0142aska, a deszcz nie jest wynikiem naturalnego cyklu wodnego, lecz darem Wszechmog\u0105cego. Sprzeciwia\u0142 si\u0119 r\u00f3wnie\u017c szko\u0142om dla dziewcz\u0105t i og\u00f3lnie by\u0142 niezadowolony z nigeryjskiego systemu edukacji. Z tego powodu terrory\u015bci Yusufa byli nawet nazywani przez osoby postronne &#8222;talibami&#8221;.<\/p>\n<p class=\"ods-c-paragraph \">Sami Nigeryjczycy nadali tej grupie inn\u0105 nazw\u0119 \u2014 Boko Haram. Nazwa ta jest cz\u0119sto t\u0142umaczona jako &#8222;zachodnia edukacja jest grzechem&#8221;. Boko najprawdopodobniej pochodzi od s\u0142owa book w j\u0119zyku pidgin, a &#8222;haram&#8221; oznacza grzech, czyn zabroniony przez islam, co oznacza, \u017ce dok\u0142adniejsze t\u0142umaczenie nazwy grupy brzmia\u0142oby &#8222;zakaz ksi\u0105\u017cek&#8221;.<\/p>\n<p>   <img decoding=\"async\" src=\"https:\/\/www.europesays.com\/pl\/wp-content\/uploads\/2025\/12\/cMWk9lBaHR0cHM6Ly9vY2RuLmV1L3B1bHNjbXMvTURBXy8zZTUwNDdiMzgwN2Y3N2I3ZDU4NWU4ZDI0MGRjYjQ5My5qcGeRlQLNB.jpeg\" height=\"627\" width=\"940\" alt=\"Lokalni my\u015bliwi w stanie Adamawa w Nigerii. Przygotowuj\u0105 si\u0119 do wsparcia nigeryjskiej armii walcz\u0105cej z terrorystami Boko Haram, 6 grudnia 2014 r. (zdj. ilustracyjne)\" loading=\"lazy\" class=\"ods-c-image__img ods-c-image__img--viewport-width\"\/><\/p>\n<p>Lokalni my\u015bliwi w stanie Adamawa w Nigerii. Przygotowuj\u0105 si\u0119 do wsparcia nigeryjskiej armii walcz\u0105cej z terrorystami Boko Haram, 6 grudnia 2014 r. (zdj. ilustracyjne)Mohammed Elshamy\/Anadolu Agency\/Getty Images \/ Contributor \/ Getty Images<\/p>\n<p class=\"ods-c-paragraph \">Boko Haram powsta\u0142o w 2002 r. Od samego pocz\u0105tku organizacja postawi\u0142a sobie za zadanie wprowadzenie &#8222;w\u0142a\u015bciwego&#8221; prawa szariatu w Nigerii \u2014 nieograniczonego granicami pa\u0144stwowymi lub okr\u0119gowymi, a tak\u017ce nieograniczonego r\u00f3wnoleg\u0142ym \u015bwieckim systemem s\u0105dowym, si\u0142ami policyjnymi lub konstytucj\u0105.<\/p>\n<p class=\"ods-c-paragraph \">Grupa, wroga zar\u00f3wno wobec w\u0142adz federalnych, jak i p\u00f3\u0142nocnych elit muzu\u0142ma\u0144skich, od pocz\u0105tku dzia\u0142a\u0142a w podziemiu, przeprowadzaj\u0105c okresowe naloty na posterunki policji lub ataki na urz\u0119dnik\u00f3w. W 2009 r. terrory\u015bci Boko Haram podj\u0119li pr\u00f3b\u0119 przej\u0119cia kontroli nad miastem Bauchi \u2014 stolic\u0105 p\u00f3\u0142nocnego stanu o tej samej nazwie \u2014 wywo\u0142uj\u0105c powstanie przeciwko lokalnym w\u0142adzom. Powstanie zako\u0144czy\u0142o si\u0119 jednak niepowodzeniem, Muhammad Yusuf zosta\u0142 uwi\u0119ziony i wkr\u00f3tce zmar\u0142 w areszcie w niewyja\u015bnionych okoliczno\u015bciach. Boko Haram zdo\u0142a\u0142o jednak przetrwa\u0107 utrat\u0119 swojego za\u0142o\u017cyciela, a nawet znacznie si\u0119 wzmocni\u0107.<\/p>\n<p class=\"ods-c-paragraph \">U\u0142atwi\u0142o to zbli\u017cenie grupy z ideologicznie bardzo bliskimi od\u0142amami Al-Kaidy w Mali i Algierii. Nigeryjczycy przeszli szkolenie w obozach Al-Kaidy, gdzie nabyli umiej\u0119tno\u015bci niezb\u0119dne do prowadzenia wojny partyzanckiej na du\u017c\u0105 skal\u0119. W 2011 r., po upadku re\u017cimu Muammara Kaddafiego w Trypolisie, Afryka zosta\u0142a zalana broni\u0105 z libijskich zapas\u00f3w, kt\u00f3re nagle pozosta\u0142y bez nadzoru. Znaczna cz\u0119\u015b\u0107 tej broni trafi\u0142a w r\u0119ce terroryst\u00f3w Boko Haram.<\/p>\n<p class=\"ods-c-paragraph \">Nowe umiej\u0119tno\u015bci i arsena\u0142y, w po\u0142\u0105czeniu z sympati\u0105 cz\u0119\u015bci lokalnej ludno\u015bci, pomog\u0142y grupie przej\u0105\u0107 kontrol\u0119 nad znacznymi terytoriami w p\u00f3\u0142nocno-wschodniej Nigerii. Z\u0142e drogi i brak komunikacji w tych obszarach r\u00f3wnie\u017c dzia\u0142a\u0142y na korzy\u015b\u0107 terroryst\u00f3w, utrudniaj\u0105c rz\u0105dowi w Abud\u017cy rozmieszczenie wojsk federalnych. Ponadto wojsko cz\u0119sto nie rozumia\u0142o, z kim walczy: pomi\u0119dzy najazdami d\u017cihady\u015bci ukrywali bro\u0144 w skrytkach i wtapiali si\u0119 w ludno\u015b\u0107 cywiln\u0105.<\/p>\n<p class=\"ods-c-paragraph \">Boko Haram nauczy\u0142o si\u0119 dzia\u0142a\u0107 potajemnie, ale skutecznie. Mimo kilku desperackich operacji wojskowych <a href=\"https:\/\/wiadomosci.onet.pl\/swiat\/ataki-bombowe-w-nigerii-sa-ofiary-smiertelne\/gwh63vw\" id=\"1303b1ed-a415-4a96-bd63-ef842b3304e0\" rel=\"nofollow noopener\" target=\"_blank\">w\u0142adze Nigerii nigdy nie by\u0142y w stanie przywr\u00f3ci\u0107 kontroli nad terytoriami p\u00f3\u0142nocno-wschodnimi<\/a>. Zosta\u0142y zmuszone do przyznania, \u017ce nie s\u0105 w stanie pokona\u0107 tej grupy si\u0142\u0105 i podj\u0119\u0142y pr\u00f3by rozpocz\u0119cia negocjacji, kt\u00f3re jednak nie przynios\u0142y oczekiwanych rezultat\u00f3w. Co wi\u0119cej, sympatycy Boko Haram byli prawdopodobnie obecni nawet w rz\u0105dzie kraju.<\/p>\n<p class=\"ods-c-paragraph \">Walka z radyka\u0142ami by\u0142a dodatkowo utrudniona przez fakt, \u017ce &#8222;pierwotna&#8221; Boko Haram nie by\u0142a jedyn\u0105 grup\u0105 d\u017cihadyst\u00f3w dzia\u0142aj\u0105c\u0105 w Nigerii. Zasadniczo Boko Haram to ca\u0142a terrorystyczna &#8222;marka parasolowa&#8221;, u\u017cywana do opisania dziesi\u0105tek du\u017cych i ma\u0142ych grup o podobnej ideologii, ale kierowanych przez r\u00f3\u017cnych przyw\u00f3dc\u00f3w. Grupy te mog\u0105 zawiera\u0107 mi\u0119dzy sob\u0105 sojusze sytuacyjne, ale cz\u0119\u015bciej konkuruj\u0105 ze sob\u0105 o kontrol\u0119 nad r\u00f3\u017cnymi obszarami p\u00f3\u0142nocnej Nigerii. W rezultacie os\u0142abienie jednej z nich poprzez operacje wojskowe zazwyczaj prowadzi jedynie do wzmocnienia rywala.<\/p>\n<p class=\"ods-c-paragraph \">Jednak najwi\u0119ksz\u0105 i zawsze gotow\u0105 do walki grup\u0105 by\u0142a ta za\u0142o\u017cona przez Yusufa. To w\u0142a\u015bnie ta grupa przenios\u0142a konflikt w p\u00f3\u0142nocnej Nigerii na nowy poziom, do\u0142\u0105czaj\u0105c do ISIS w 2015 r. <\/p>\n<blockquote class=\"ods-o-quota\">\n<p class=\"ods-o-quota__paragraph\">Od momentu powstania jako grupa lokalna, cho\u0107 wsp\u00f3\u0142pracuj\u0105ca z d\u017cihadystami z s\u0105siednich pa\u0144stw, Boko Haram sta\u0142a si\u0119 cz\u0119\u015bci\u0105 globalnego kalifatu d\u017cihadyst\u00f3w.<\/p>\n<\/blockquote>\n<p class=\"ods-c-paragraph \">Nowy status przyni\u00f3s\u0142 ze sob\u0105 nowe mo\u017cliwo\u015bci. Do Boko Haram zacz\u0119li do\u0142\u0105cza\u0107 terrory\u015bci z innych kraj\u00f3w. Grupa, kt\u00f3ra zmieni\u0142a nazw\u0119 na &#8222;Wilajet Zachodniej Afryki&#8221;, rozszerzy\u0142a zakres swoich dzia\u0142a\u0144 na po\u0142udniowe stany, a nawet na s\u0105siednie kraje, zyskuj\u0105c dost\u0119p do wiedzy taktycznej i strategicznej innych &#8222;oddzia\u0142\u00f3w&#8221; ISIS.<\/p>\n<p class=\"ods-c-paragraph \">Jednak nie wszystko sz\u0142o g\u0142adko dla Boko Haram. Niekt\u00f3rzy dow\u00f3dcy odm\u00f3wili podporz\u0105dkowania si\u0119 decyzjom kalifa z Bliskiego Wschodu, kt\u00f3rego nigdy nie widzieli osobi\u015bcie. Od\u0142\u0105czyli si\u0119 od g\u0142\u00f3wnej organizacji i przez pewien czas nawet walczyli przeciwko swoim by\u0142ym towarzyszom.<\/p>\n<p class=\"ods-c-paragraph \">Og\u00f3lnie rzecz bior\u0105c, nigeryjska grupa wykaza\u0142a si\u0119 odporno\u015bci\u0105, kt\u00f3rej nie mog\u0142y dor\u00f3wna\u0107 inne regionalne oddzia\u0142y ISIS. W ten spos\u00f3b, po kl\u0119sce samozwa\u0144czego kalifatu w Syrii i Iraku, Boko Haram sta\u0142o si\u0119 g\u0142\u00f3wnym i najbardziej \u017cywotnym &#8222;oddzia\u0142em&#8221; ISIS. Mi\u0119dzynarodowa koalicja przeciwko ISIS, kt\u00f3ra dzia\u0142a do dzi\u015b, jest zaj\u0119ta likwidacj\u0105 pozosta\u0142o\u015bci jednostek d\u017cihadyst\u00f3w w Syrii i Iraku i nie zapuszcza si\u0119 w g\u0142\u0105b Afryki.<\/p>\n<p class=\"ods-c-paragraph \">Pod &#8222;parasolem marki&#8221; Boko Haram w Nigerii i krajach s\u0105siednich dzia\u0142a obecnie co najmniej 10 tys. aktywnych terroryst\u00f3w. Kilka tysi\u0119cy kolejnych nale\u017cy do innych grup d\u017cihadyst\u00f3w, kt\u00f3re nie maj\u0105 historycznych ani ideologicznych powi\u0105za\u0144 z Boko Haram. Ich dzia\u0142alno\u015b\u0107 jest finansowana z r\u00f3\u017cnych \u017ar\u00f3de\u0142 \u2014 podatk\u00f3w pobieranych przez d\u017cihadyst\u00f3w na terytoriach pod ich kontrol\u0105, ce\u0142 nak\u0142adanych na handlarzy przywo\u017c\u0105cych towary z innych region\u00f3w Nigerii oraz darowizn.<\/p>\n<p class=\"ods-c-paragraph \">Pieni\u0105dze s\u0105 wydawane nie tylko na bro\u0144 i wynagrodzenia terroryst\u00f3w, ale tak\u017ce na wsparcie ubogich spo\u0142eczno\u015bci, co zapewnia lokalne poparcie dla d\u017cihadyst\u00f3w. G\u0142\u00f3wnym zaj\u0119ciem ISIS i powi\u0105zanych z nim grup nie jest jednak oczywi\u015bcie dzia\u0142alno\u015b\u0107 charytatywna, ale wojna. Ich przeciwnikami w tej wojnie s\u0105 wojsko, policja, urz\u0119dnicy oraz chrze\u015bcijanie.<\/p>\n<p class=\"ods-c-paragraph \">Ci ostatni zostali uznani za agent\u00f3w wrogich wp\u0142yw\u00f3w zachodnich, wrog\u00f3w wiary, kt\u00f3rzy utrudniaj\u0105 ustanowienie &#8222;prawdziwego szariatu&#8221; i dlatego musz\u0105 zosta\u0107 wygnani lub zniszczeni.<\/p>\n<p class=\"ods-c-paragraph \">Szacuje si\u0119, \u017ce Boko Haram i jego r\u00f3\u017cne odga\u0142\u0119zienia zabi\u0142y \u0142\u0105cznie od 30 tys. do 60 tys. os\u00f3b \u2014 co najmniej po\u0142owa z nich to cywile, a wi\u0119kszo\u015b\u0107 z nich to chrze\u015bcijanie. Miliony ludzi sta\u0142y si\u0119 uchod\u017acami.<\/p>\n<p class=\"ods-c-paragraph \">Terrory\u015bci z Boko Haram wywo\u0142ali <a href=\"https:\/\/www.onet.pl\/informacje\/onetwiadomosci\/tragedia-w-meczecie-w-nigerii-sa-zabici-i-ranni\/cslcv80,79cfc278\" id=\"df8a08da-7f02-4e5b-b23c-f45e9ad13792\" rel=\"nofollow noopener\" target=\"_blank\">jeden z najpowa\u017cniejszych i najd\u0142u\u017cszych kryzys\u00f3w humanitarnych w historii \u015bwiata<\/a>: uchod\u017acy zostali pozbawieni \u015brodk\u00f3w do \u017cycia, wi\u0119zi gospodarcze zosta\u0142y zerwane przez partyzanck\u0105 wojn\u0119, zak\u0142ady produkcyjne zosta\u0142y zniszczone w wyniku walk, a pola uprawne pozostawiono od\u0142ogiem z obawy przed ostrza\u0142em. Wed\u0142ug danych ONZ ok. 27 mln Nigeryjczyk\u00f3w jest ju\u017c niedo\u017cywionych. Wed\u0142ug prognoz w przysz\u0142ym roku liczba ta mo\u017ce wzrosn\u0105\u0107 do 36 mln.<\/p>\n","protected":false},"excerpt":{"rendered":"Dzia\u0142ania terroryst\u00f3w z Boko Haram doprowadzi\u0142y do kryzysu humanitarnego na wielk\u0105 skal\u0119. Liczba uchod\u017ac\u00f3w si\u0119ga ju\u017c milion\u00f3w, a&hellip;\n","protected":false},"author":2,"featured_media":171968,"comment_status":"","ping_status":"","sticky":false,"template":"","format":"standard","meta":{"footnotes":""},"categories":[5],"tags":[6306,56,19804,32,33,44,36,37,27,32145,34,35,28,31,48,25,9359,46,42,38,40,39,41,47,80,952,29,30,71,26],"class_list":{"0":"post-171967","1":"post","2":"type-post","3":"status-publish","4":"format-standard","5":"has-post-thumbnail","7":"category-naglowki","8":"tag-afryka","9":"tag-article_premium","10":"tag-boko_haram","11":"tag-breaking-news","12":"tag-breakingnews","13":"tag-donald_trump","14":"tag-featured-news","15":"tag-featurednews","16":"tag-headlines","17":"tag-isis","18":"tag-latest-news","19":"tag-latestnews","20":"tag-naglowki","21":"tag-najwazniejsze-artykuly","22":"tag-nat_styl","23":"tag-news","24":"tag-nigeria","25":"tag-omp","26":"tag-pl","27":"tag-poland","28":"tag-polish","29":"tag-polska","30":"tag-polski","31":"tag-screening_general","32":"tag-swiat","33":"tag-terroryzm","34":"tag-top-stories","35":"tag-topstories","36":"tag-usa","37":"tag-wiadomosci"},"share_on_mastodon":{"url":"https:\/\/pubeurope.com\/@pl\/115785809800650692","error":""},"_links":{"self":[{"href":"https:\/\/www.europesays.com\/pl\/wp-json\/wp\/v2\/posts\/171967","targetHints":{"allow":["GET"]}}],"collection":[{"href":"https:\/\/www.europesays.com\/pl\/wp-json\/wp\/v2\/posts"}],"about":[{"href":"https:\/\/www.europesays.com\/pl\/wp-json\/wp\/v2\/types\/post"}],"author":[{"embeddable":true,"href":"https:\/\/www.europesays.com\/pl\/wp-json\/wp\/v2\/users\/2"}],"replies":[{"embeddable":true,"href":"https:\/\/www.europesays.com\/pl\/wp-json\/wp\/v2\/comments?post=171967"}],"version-history":[{"count":0,"href":"https:\/\/www.europesays.com\/pl\/wp-json\/wp\/v2\/posts\/171967\/revisions"}],"wp:featuredmedia":[{"embeddable":true,"href":"https:\/\/www.europesays.com\/pl\/wp-json\/wp\/v2\/media\/171968"}],"wp:attachment":[{"href":"https:\/\/www.europesays.com\/pl\/wp-json\/wp\/v2\/media?parent=171967"}],"wp:term":[{"taxonomy":"category","embeddable":true,"href":"https:\/\/www.europesays.com\/pl\/wp-json\/wp\/v2\/categories?post=171967"},{"taxonomy":"post_tag","embeddable":true,"href":"https:\/\/www.europesays.com\/pl\/wp-json\/wp\/v2\/tags?post=171967"}],"curies":[{"name":"wp","href":"https:\/\/api.w.org\/{rel}","templated":true}]}}