{"id":172050,"date":"2025-12-26T13:00:07","date_gmt":"2025-12-26T13:00:07","guid":{"rendered":"https:\/\/www.europesays.com\/pl\/172050\/"},"modified":"2025-12-26T13:00:07","modified_gmt":"2025-12-26T13:00:07","slug":"koalicja-pis-z-braunem-tadeusz-cymanski-powiedzial-co-o-tym-mysli","status":"publish","type":"post","link":"https:\/\/www.europesays.com\/pl\/172050\/","title":{"rendered":"Koalicja PiS z Braunem? Tadeusz Cyma\u0144ski powiedzia\u0142, co o tym my\u015bli"},"content":{"rendered":"<p class=\"article-p\" data-section=\"detail-body\">Tadeusz Cyma\u0144ski nawi\u0105zuje do s\u0142\u00f3w Grzegorza Brauna, kt\u00f3re wypowiedzia\u0142 on 10 lipca tego roku w radiu Wnet. \u2014 Mord rytualny to fakt, a dajmy na to Auschwitz z komorami gazowymi to niestety fake \u2014 powiedzia\u0142 Braun. Chwil\u0119 p\u00f3\u017aniej po tych s\u0142owach, prowadz\u0105cy audycj\u0119, przerwa\u0142 program.<\/p>\n<p>        Tadeusz Cyma\u0144ski o potencjalnej koalicji PiS z Braunem: ci\u0119\u017cko mi sobie to wyobrazi\u0107<\/p>\n<p class=\"article-p\" data-section=\"detail-body\">W \u015brod\u0119 17 grudnia opublikowano wyniki sonda\u017cu pracowni OGB, kt\u00f3re wskazuj\u0105, \u017ce w wyborach do Sejmu KO popar\u0142oby 35,29 proc. badanych, na PiS zag\u0142osowa\u0142oby 31,21 proc. wyborc\u00f3w, a 11,18 proc. os\u00f3b odda\u0142oby g\u0142os na Konfederacj\u0119 Korony Polskiej, kt\u00f3ra w kolejnym badaniu wyprzedzi\u0142a Konfederacj\u0119 S\u0142awomira Mentzena i Krzysztofa Bosaka.<\/p>\n<p class=\"article-p\" data-section=\"detail-body\"><a href=\"https:\/\/www.fakt.pl\/polityka\/negocjacje-w-sprawie-ukrainie-stoja-w-miejscu-usa-siegaja-po-metody-z-zimnej-wojny\/42vs351\" id=\"401a6e72-2005-4344-b06e-f6c1b7ee32a3\" rel=\"nofollow noopener\" target=\"_blank\">T\u0142oczno przy stole negocjacyjnym w sprawie Ukrainy. Ekspert wskaza\u0142, dlaczego wci\u0105\u017c jest impas<\/a><\/p>\n<p class=\"article-p\" data-section=\"detail-body\">Czy Tadeusz Cyma\u0144ski wyobra\u017ca sobie potencjalne wej\u015bcie PiS w koalicj\u0119 z Konfederacj\u0105 Korony Polskiej po wyborach w 2027 r.? Czy postulaty PiS i partii Brauna s\u0105 do pogodzenia? \u2014 S\u0105 sprawy, kt\u00f3re s\u0105 absolutnie nie do pogodzenia \u2014 m\u00f3wi bez wahania &#8222;Faktowi&#8221; Tadeusz Cyma\u0144ski.<\/p>\n<p class=\"article-p\" data-section=\"detail-body\">\u2014 To, co Grzegorz Braun m\u00f3wi\u0142 o komorach gazowych, to s\u0105 rzeczy nieprawdopodobne, niepoj\u0119te i skandaliczne \u2014 zaznacza wieloletni parlamentarzysta. \u2014 Dla wielu ludzi to jest szokuj\u0105ce, \u017ce ugrupowanie, kt\u00f3rego lider wypowiada nieraz opinie absolutnie skandaliczne, cieszy si\u0119 takim poparciem. Pytanie, co z tym zrobi\u0107? \u2014 dodaje.<\/p>\n<p class=\"article-p\" data-section=\"detail-body\"><a href=\"https:\/\/www.fakt.pl\/polityka\/bwp-borsuk-w-polskim-wojsku-wiemy-co-o-wozach-bojowych-nieoficjalnie-mowia-zolnierze\/qtw790x\" id=\"8060de07-cdba-4567-a74a-90b5528105c7\" rel=\"nofollow noopener\" target=\"_blank\">Pierwsze &#8222;Borsuki&#8221; trafi\u0142y do wojska. Sprawdzi\u0142em, co nieoficjalnie m\u00f3wi\u0105 o nich \u017co\u0142nierze, kt\u00f3rzy ju\u017c je testowali<\/a><\/p>\n<p class=\"article-p\" data-section=\"detail-body\">Pytamy wprost \u2014 czy Tadeusz Cyma\u0144ski wyobra\u017ca\u0142by sobie koalicj\u0119 PiS z Konfederacj\u0105 Korony Polskiej? \u2014 Ci\u0119\u017cko mi sobie to wyobrazi\u0107 \u2014 podkre\u015bla. \u2014 Skandaliczne wypowiedzi Grzegorza Brauna, to jest wielka i niepokoj\u0105ca sprawa, ale faktem jest, \u017ce ma swoich zwolennik\u00f3w i to nie jest partia marginalna \u2014 zaznacza.<\/p>\n<p class=\"article-p\" data-section=\"detail-body\">\u2014 Nie mo\u017cna kwestionowa\u0107 takiej tragedii, tych okrucie\u0144stw, a tak mo\u017cna odczyta\u0107 jego wypowied\u017a w sprawie kom\u00f3r gazowych \u2014 podsumowuje by\u0142y pose\u0142.<\/p>\n<p class=\"article-p\" data-section=\"detail-body\"><a href=\"https:\/\/www.fakt.pl\/polityka\/koreanskie-czolgi-w-polsce-bylem-na-ich-testach-zolnierze-mowia-o-przepasci\/seykyj2\" id=\"8c0637ec-b418-4772-9c59-7c942791d394\" rel=\"nofollow noopener\" target=\"_blank\">By\u0142em na poligonie, gdzie testowano Czarne Pantery. Oto co us\u0142ysza\u0142em od \u017co\u0142nierzy. &#8222;Przepa\u015b\u0107&#8221;<\/a><\/p>\n","protected":false},"excerpt":{"rendered":"Tadeusz Cyma\u0144ski nawi\u0105zuje do s\u0142\u00f3w Grzegorza Brauna, kt\u00f3re wypowiedzia\u0142 on 10 lipca tego roku w radiu Wnet. \u2014&hellip;\n","protected":false},"author":2,"featured_media":172051,"comment_status":"","ping_status":"","sticky":false,"template":"","format":"standard","meta":{"footnotes":""},"categories":[12],"tags":[32,33,36,37,27,34,35,28,31,25,42,38,40,39,41,29,30,26],"class_list":{"0":"post-172050","1":"post","2":"type-post","3":"status-publish","4":"format-standard","5":"has-post-thumbnail","7":"category-polska","8":"tag-breaking-news","9":"tag-breakingnews","10":"tag-featured-news","11":"tag-featurednews","12":"tag-headlines","13":"tag-latest-news","14":"tag-latestnews","15":"tag-naglowki","16":"tag-najwazniejsze-artykuly","17":"tag-news","18":"tag-pl","19":"tag-poland","20":"tag-polish","21":"tag-polska","22":"tag-polski","23":"tag-top-stories","24":"tag-topstories","25":"tag-wiadomosci"},"share_on_mastodon":{"url":"https:\/\/pubeurope.com\/@pl\/115785998309026993","error":""},"_links":{"self":[{"href":"https:\/\/www.europesays.com\/pl\/wp-json\/wp\/v2\/posts\/172050","targetHints":{"allow":["GET"]}}],"collection":[{"href":"https:\/\/www.europesays.com\/pl\/wp-json\/wp\/v2\/posts"}],"about":[{"href":"https:\/\/www.europesays.com\/pl\/wp-json\/wp\/v2\/types\/post"}],"author":[{"embeddable":true,"href":"https:\/\/www.europesays.com\/pl\/wp-json\/wp\/v2\/users\/2"}],"replies":[{"embeddable":true,"href":"https:\/\/www.europesays.com\/pl\/wp-json\/wp\/v2\/comments?post=172050"}],"version-history":[{"count":0,"href":"https:\/\/www.europesays.com\/pl\/wp-json\/wp\/v2\/posts\/172050\/revisions"}],"wp:featuredmedia":[{"embeddable":true,"href":"https:\/\/www.europesays.com\/pl\/wp-json\/wp\/v2\/media\/172051"}],"wp:attachment":[{"href":"https:\/\/www.europesays.com\/pl\/wp-json\/wp\/v2\/media?parent=172050"}],"wp:term":[{"taxonomy":"category","embeddable":true,"href":"https:\/\/www.europesays.com\/pl\/wp-json\/wp\/v2\/categories?post=172050"},{"taxonomy":"post_tag","embeddable":true,"href":"https:\/\/www.europesays.com\/pl\/wp-json\/wp\/v2\/tags?post=172050"}],"curies":[{"name":"wp","href":"https:\/\/api.w.org\/{rel}","templated":true}]}}