{"id":172082,"date":"2025-12-26T13:21:11","date_gmt":"2025-12-26T13:21:11","guid":{"rendered":"https:\/\/www.europesays.com\/pl\/172082\/"},"modified":"2025-12-26T13:21:11","modified_gmt":"2025-12-26T13:21:11","slug":"morskie-oko-turysta-urzadzil-sobie-lodowisko-przesuwamy-granice","status":"publish","type":"post","link":"https:\/\/www.europesays.com\/pl\/172082\/","title":{"rendered":"Morskie Oko. Turysta urz\u0105dzi\u0142 sobie lodowisko. &#8222;Przesuwamy granice&#8221;"},"content":{"rendered":"<p>W skr\u00f3cie<\/p>\n<ul class=\"typography ids-typeset-body ids-typeset-body--preset-large list ids-list ids-list--unordered ids-list--size-large \" datatype=\"disc\">\n<li class=\"ids-list-item\">\n<p>Turysta je\u017adzi\u0142 na \u0142y\u017cwach po zamarzni\u0119tym Morskim Oku.<\/p>\n<\/li>\n<li class=\"ids-list-item\">\n<p>Ratownicy i przyrodnicy przestrzegaj\u0105, \u017ce takie zachowanie jest skrajnie nieodpowiedzialne i mo\u017ce by\u0107 bardzo niebezpieczne.<\/p>\n<\/li>\n<li class=\"ids-list-item\">\n<p>Warunki w Tatrach s\u0105 obecnie trudne &#8211; w wielu miejscach jest bardzo \u015blisko.<\/p>\n<\/li>\n<li class=\"ids-list-item\"><\/li>\n<\/ul>\n<p class=\"typography ids-typeset-body ids-typeset-body--preset-large link paragraph ids-paragraph ids-paragraph--default\">Mimo licznych apeli o niewchodzenie na zamarzni\u0119t\u0105 tafl\u0119 Morskiego Oka wci\u0105\u017c zdarzaj\u0105 si\u0119 przypadki, \u017ce tury\u015bci, nie zwa\u017caj\u0105c na niebezpiecze\u0144stwo, przechadzaj\u0105 si\u0119 po cienkim lodzie. Jednak &#8211; jak informuje w mediach spo\u0142eczno\u015bciowych profil po\u015bwi\u0119cony Tatrom &#8211; granica zosta\u0142a jeszcze bardziej przesuni\u0119ta.<\/p>\n<p>Morskie Oko. Turysta urz\u0105dzi\u0142 sobie lodowisko. &#8222;Przesuwamy granice&#8221;<\/p>\n<p class=\"typography ids-typeset-body ids-typeset-body--preset-large link paragraph ids-paragraph ids-paragraph--default\">W pierwszy dzie\u0144 \u015bwi\u0105t Bo\u017cego Narodzenia na profilu Tatry na Facebooku i Instagramie pojawi\u0142o si\u0119 bulwersuj\u0105ce nagranie. Wida\u0107 na nim turyst\u0119, kt\u00f3ry ryzykuj\u0105c w\u0142asne \u017cycie, przeje\u017cd\u017ca na \u0142y\u017cwach po Morskim Oku.<\/p>\n<p class=\"typography ids-typeset-body ids-typeset-body--preset-large link paragraph ids-paragraph ids-paragraph--default\">&#8222;Przesuwamy granice nieodpowiedzialno\u015bci: kiedy\u015b chodzenie, dzi\u015b ju\u017c jazda na \u0142y\u017cwach&#8221; &#8211; czytamy w opisie filmu.<\/p>\n<p class=\"typography ids-typeset-body ids-typeset-body--preset-large link paragraph ids-paragraph ids-paragraph--default\">Tatrza\u0144ski Park Narodowy wielokrotnie przestrzega\u0142 przed wchodzeniem na tafl\u0119 Morskiego Oka. Ratownicy t\u0142umacz\u0105 z kolei, \u017ce tego typu zachowanie jest niezwykle ryzykowane na pocz\u0105tku zimy, gdy z\u0142apa\u0142 dopiero pierwszy mr\u00f3z i l\u00f3d jest jeszcze bardzo cienki. Nawet p\u00f3\u017aniejsze wchodzenie na zamarzni\u0119te jezioro mo\u017ce sko\u0144czy\u0107 si\u0119 tragicznie. Ze stromych zboczy Morskiego Oka schodz\u0105 bowiem lawiny\u00a0i &#8211; uderzaj\u0105c z ogromn\u0105 si\u0142\u0105 &#8211; krusz\u0105 pokrywaj\u0105cy zbiornik l\u00f3d.<\/p>\n<p>\u0141y\u017cwiarz na Morskim Oku. Lawina komentarzy w sieci<\/p>\n<p class=\"typography ids-typeset-body ids-typeset-body--preset-large link paragraph ids-paragraph ids-paragraph--default\">Sytuacja z Morskiego Oka oburzy\u0142a cz\u0119\u015b\u0107 internaut\u00f3w, a zachowanie turysty wywo\u0142a\u0142o lawin\u0119 komentarzy.<\/p>\n<p class=\"typography ids-typeset-body ids-typeset-body--preset-large link paragraph ids-paragraph ids-paragraph--default\">&#8222;Czekam a\u017c kto\u015b wjedzie tam autem&#8221; &#8211; napisa\u0142a jedna z komentuj\u0105cych os\u00f3b.<\/p>\n<p class=\"typography ids-typeset-body ids-typeset-body--preset-large link paragraph ids-paragraph ids-paragraph--default\">Kolejna podkre\u015bla\u0142a, \u017ce jest to teren parku narodowego i &#8222;obowi\u0105zuj\u0105 pewne zasady&#8221;. &#8222;Nie rozumiem os\u00f3b, kt\u00f3re broni\u0105 i pisz\u0105 'co w tym z\u0142ego?!&#8217;&#8230; Ludzie w\u0142\u0105czcie my\u015blenie!!!&#8221; &#8211; wzywa\u0142a.<\/p>\n<p class=\"typography ids-typeset-body ids-typeset-body--preset-large link paragraph ids-paragraph ids-paragraph--default\">W ocenie innego internauty Tatrza\u0144ski Park Narodowy powinien mie\u0107 &#8222;odwag\u0119 kara\u0107, a nie upomina\u0107&#8221; i &#8222;po 1000 mandatu wlepia\u0107 ka\u017cdemu kto tam wejdzie&#8221;.<\/p>\n<p class=\"typography ids-typeset-body ids-typeset-body--preset-large link paragraph ids-paragraph ids-paragraph--default\">&#8222;G\u0142upota ludzka jednak nie ma granic&#8221; &#8211; napisa\u0142a inna osoba.<\/p>\n<p class=\"typography ids-typeset-body ids-typeset-body--preset-large link paragraph ids-paragraph ids-paragraph--default\">Zdarza\u0142y si\u0119 jednak g\u0142osy, kt\u00f3re broni\u0142y nieodpowiedzialnego zachowania \u0142y\u017cwiarza. &#8222;Sam bym tak po\u015bmiga\u0142. Zazdroszcz\u0119&#8221; &#8211; napisa\u0142 jeden z komentuj\u0105cych.\u00a0&#8222;Jak mi\u0142o, \u017ce jeszcze s\u0105 normalni ludzie&#8221; &#8211; doda\u0142 inny.<\/p>\n<p class=\"typography ids-typeset-body ids-typeset-body--preset-large link paragraph ids-paragraph ids-paragraph--default\">Warunki do uprawiania turystyki w Tatrach s\u0105 niekorzystne\u00a0&#8211; spad\u0142 \u015bwie\u017cy \u015bnieg, kt\u00f3ry przykry\u0142 star\u0105, tward\u0105 i ubit\u0105 warstw\u0119 &#8211; jest bardzo \u015blisko. W wielu rejonach szlaki s\u0105 nieprzetarte, a ich przebieg bywa niewidoczny, co zwi\u0119ksza ryzyko pob\u0142\u0105dze\u0144, zw\u0142aszcza w wy\u017cszych partiach. Dodatkowym utrudnieniem jest niski pu\u0142ap chmur i lokalne zamglenia, ograniczaj\u0105ce widoczno\u015b\u0107.<\/p>\n<p>&#8222;Wydarzenia&#8221;: Dobro wraca. \u015awi\u0105teczny cud w \u0141odziPolsat News<\/p>\n<p><a class=\"ids-undecorated-link source ids-page-info--source__link\" href=\"https:\/\/www.interia.pl\" rel=\"nofollow noopener\" target=\"_blank\"><img decoding=\"async\" class=\"ids-image-holder__img\" loading=\"lazy\" alt=\"\" title=\"\" height=\"24px\" src=\"https:\/\/www.europesays.com\/pl\/wp-content\/uploads\/2025\/12\/1766553731_41_0009A60QQ5I2TYF7-C202-F4.webp.webp\"\/><\/a><\/p>\n<p>Masz sugestie, uwagi albo widzisz b\u0142\u0105d? Napisz do nas<\/p>\n","protected":false},"excerpt":{"rendered":"W skr\u00f3cie Turysta je\u017adzi\u0142 na \u0142y\u017cwach po zamarzni\u0119tym Morskim Oku. Ratownicy i przyrodnicy przestrzegaj\u0105, \u017ce takie zachowanie jest&hellip;\n","protected":false},"author":2,"featured_media":172083,"comment_status":"","ping_status":"","sticky":false,"template":"","format":"standard","meta":{"footnotes":""},"categories":[12],"tags":[32,33,36,37,27,34,35,28,31,25,42,38,40,39,41,29,30,26],"class_list":{"0":"post-172082","1":"post","2":"type-post","3":"status-publish","4":"format-standard","5":"has-post-thumbnail","7":"category-polska","8":"tag-breaking-news","9":"tag-breakingnews","10":"tag-featured-news","11":"tag-featurednews","12":"tag-headlines","13":"tag-latest-news","14":"tag-latestnews","15":"tag-naglowki","16":"tag-najwazniejsze-artykuly","17":"tag-news","18":"tag-pl","19":"tag-poland","20":"tag-polish","21":"tag-polska","22":"tag-polski","23":"tag-top-stories","24":"tag-topstories","25":"tag-wiadomosci"},"share_on_mastodon":{"url":"https:\/\/pubeurope.com\/@pl\/115786081200765638","error":""},"_links":{"self":[{"href":"https:\/\/www.europesays.com\/pl\/wp-json\/wp\/v2\/posts\/172082","targetHints":{"allow":["GET"]}}],"collection":[{"href":"https:\/\/www.europesays.com\/pl\/wp-json\/wp\/v2\/posts"}],"about":[{"href":"https:\/\/www.europesays.com\/pl\/wp-json\/wp\/v2\/types\/post"}],"author":[{"embeddable":true,"href":"https:\/\/www.europesays.com\/pl\/wp-json\/wp\/v2\/users\/2"}],"replies":[{"embeddable":true,"href":"https:\/\/www.europesays.com\/pl\/wp-json\/wp\/v2\/comments?post=172082"}],"version-history":[{"count":0,"href":"https:\/\/www.europesays.com\/pl\/wp-json\/wp\/v2\/posts\/172082\/revisions"}],"wp:featuredmedia":[{"embeddable":true,"href":"https:\/\/www.europesays.com\/pl\/wp-json\/wp\/v2\/media\/172083"}],"wp:attachment":[{"href":"https:\/\/www.europesays.com\/pl\/wp-json\/wp\/v2\/media?parent=172082"}],"wp:term":[{"taxonomy":"category","embeddable":true,"href":"https:\/\/www.europesays.com\/pl\/wp-json\/wp\/v2\/categories?post=172082"},{"taxonomy":"post_tag","embeddable":true,"href":"https:\/\/www.europesays.com\/pl\/wp-json\/wp\/v2\/tags?post=172082"}],"curies":[{"name":"wp","href":"https:\/\/api.w.org\/{rel}","templated":true}]}}