{"id":172084,"date":"2025-12-26T13:22:10","date_gmt":"2025-12-26T13:22:10","guid":{"rendered":"https:\/\/www.europesays.com\/pl\/172084\/"},"modified":"2025-12-26T13:22:10","modified_gmt":"2025-12-26T13:22:10","slug":"przelom-w-pogodzie-coraz-blizej-w-prognozach-widac-coraz-wiecej-sniegu","status":"publish","type":"post","link":"https:\/\/www.europesays.com\/pl\/172084\/","title":{"rendered":"Prze\u0142om w pogodzie coraz bli\u017cej. W prognozach wida\u0107 coraz wi\u0119cej \u015bniegu"},"content":{"rendered":"<p class=\"ods-c-paragraph \">Grudzie\u0144 w tym roku jest wyj\u0105tkowo ciep\u0142y. Co prawda w sam raz na \u015bwi\u0119ta nadesz\u0142y mrozy, ale nie utrzymaj\u0105 si\u0119 one d\u0142ugo. Dzi\u015b (26 grudnia) ocieplenie odczuwalne jest na p\u00f3\u0142nocy i w g\u00f3rach, a w kolejnych dniach dodatnie temperatury w ci\u0105gu dnia obejm\u0105 znaczn\u0105 cz\u0119\u015b\u0107 kraju. Jeszcze przed ko\u0144cem roku zacznie jednak ponownie robi\u0107 si\u0119 ch\u0142odniej. Tym razem spadkowi temperatury towarzyszy\u0107 b\u0119dzie coraz wi\u0119cej opad\u00f3w \u015bniegu.<\/p>\n<p> Kiedy spadnie pierwszy \u015bnieg w Polsce? <\/p>\n<p> Jakie temperatury b\u0119d\u0105 w Polsce w najbli\u017cszych dniach? <\/p>\n<p> Gdzie b\u0119dzie najwi\u0119cej \u015bniegu w Polsce? <\/p>\n<p> Kiedy mo\u017cemy spodziewa\u0107 si\u0119 intensywnych opad\u00f3w \u015bniegu? <\/p>\n<p>  Polska niebawem znajdzie si\u0119 pod \u015bniegiem. Mamy pogod\u0119 na prze\u0142om roku<\/p>\n<p class=\"ods-c-paragraph \">Pojawi\u0105 si\u0119 one ju\u017c w nocy z soboty na niedziel\u0119 oraz w niedziel\u0119 na wschodzie, po\u0142udniowym wschodzie i w centrum kraju. Nie b\u0119dzie ich co prawda du\u017co, ale krajobrazy w wielu miejscach stan\u0105 si\u0119 bia\u0142e. Po weekendzie (27-28 grudnia) \u015bniegu ma by\u0107 coraz wi\u0119cej i zacznie obejmowa\u0107 kolejne obszary. Prawdopodobnie w okolicach Sylwestra przez Polsk\u0119 przetoczy si\u0119 strefa intensywnych opad\u00f3w \u015bniegu.<\/p>\n<p>   <img decoding=\"async\" src=\"https:\/\/www.europesays.com\/pl\/wp-content\/uploads\/2025\/12\/_d2k9lBaHR0cHM6Ly9vY2RuLmV1L3B1bHNjbXMvTURBXy9lZmFkMGUyZTcwOTM2MjMxZjBmOGQ4ZTM2OTViZjkwYS5qcGeRlQLNB.jpeg\" height=\"658\" width=\"940\" alt=\"W Sylwestra mo\u017ce mocniej sypn\u0105\u0107 \u015bniegiem\" loading=\"lazy\" class=\"ods-c-image__img ods-c-image__img--viewport-width\"\/><\/p>\n<p>W Sylwestra mo\u017ce mocniej sypn\u0105\u0107 \u015bniegiemwxcharts.com<\/p>\n<p class=\"ods-c-paragraph \">Na tym si\u0119 jednak nie sko\u0144czy, gdy\u017c na pocz\u0105tku stycznia przez kraj w\u0119drowa\u0107 b\u0119d\u0105 nowe fronty atmosferyczne, sprowadzaj\u0105c kolejn\u0105 porcj\u0119 \u015bniegu. Wiele wi\u0119c wskazuje na to, \u017ce 2026 r. przywitamy w prawdziwie zimowej scenerii. Jest bowiem spora szansa, \u017ce \u015bniegiem pokryje si\u0119 ca\u0142a Polska. Wed\u0142ug obecnych prognoz najwi\u0119cej ma by\u0107 go w g\u00f3rach i na p\u00f3\u0142nocy.<\/p>\n<p><img decoding=\"async\" src=\"https:\/\/www.europesays.com\/pl\/wp-content\/uploads\/2025\/12\/T2Nk9lBaHR0cHM6Ly9vY2RuLmV1L3B1bHNjbXMvTURBXy81Y2UyNGIzNDg3NGJhZjdiYjdkMTdjNDJhMWU4Yjk1MS5qcGeRlQLNB.jpeg\" height=\"658\" width=\"940\" alt=\"Niebawem bia\u0142o zrobi si\u0119 w ca\u0142ej Polsce\" loading=\"lazy\" class=\"ods-c-image__img ods-c-image__img--viewport-width\"\/><\/p>\n<p>Niebawem bia\u0142o zrobi si\u0119 w ca\u0142ej Polscewxcharts.com<\/p>\n","protected":false},"excerpt":{"rendered":"Grudzie\u0144 w tym roku jest wyj\u0105tkowo ciep\u0142y. Co prawda w sam raz na \u015bwi\u0119ta nadesz\u0142y mrozy, ale nie&hellip;\n","protected":false},"author":2,"featured_media":172085,"comment_status":"","ping_status":"","sticky":false,"template":"","format":"standard","meta":{"footnotes":""},"categories":[5],"tags":[32,33,36,37,27,34,35,28,31,48,25,46,42,78,38,40,39,41,47,7312,29,30,26,7441],"class_list":{"0":"post-172084","1":"post","2":"type-post","3":"status-publish","4":"format-standard","5":"has-post-thumbnail","7":"category-naglowki","8":"tag-breaking-news","9":"tag-breakingnews","10":"tag-featured-news","11":"tag-featurednews","12":"tag-headlines","13":"tag-latest-news","14":"tag-latestnews","15":"tag-naglowki","16":"tag-najwazniejsze-artykuly","17":"tag-nat_styl","18":"tag-news","19":"tag-omp","20":"tag-pl","21":"tag-pogoda","22":"tag-poland","23":"tag-polish","24":"tag-polska","25":"tag-polski","26":"tag-screening_general","27":"tag-snieg","28":"tag-top-stories","29":"tag-topstories","30":"tag-wiadomosci","31":"tag-zima"},"share_on_mastodon":{"url":"https:\/\/pubeurope.com\/@pl\/115786085304605840","error":""},"_links":{"self":[{"href":"https:\/\/www.europesays.com\/pl\/wp-json\/wp\/v2\/posts\/172084","targetHints":{"allow":["GET"]}}],"collection":[{"href":"https:\/\/www.europesays.com\/pl\/wp-json\/wp\/v2\/posts"}],"about":[{"href":"https:\/\/www.europesays.com\/pl\/wp-json\/wp\/v2\/types\/post"}],"author":[{"embeddable":true,"href":"https:\/\/www.europesays.com\/pl\/wp-json\/wp\/v2\/users\/2"}],"replies":[{"embeddable":true,"href":"https:\/\/www.europesays.com\/pl\/wp-json\/wp\/v2\/comments?post=172084"}],"version-history":[{"count":0,"href":"https:\/\/www.europesays.com\/pl\/wp-json\/wp\/v2\/posts\/172084\/revisions"}],"wp:featuredmedia":[{"embeddable":true,"href":"https:\/\/www.europesays.com\/pl\/wp-json\/wp\/v2\/media\/172085"}],"wp:attachment":[{"href":"https:\/\/www.europesays.com\/pl\/wp-json\/wp\/v2\/media?parent=172084"}],"wp:term":[{"taxonomy":"category","embeddable":true,"href":"https:\/\/www.europesays.com\/pl\/wp-json\/wp\/v2\/categories?post=172084"},{"taxonomy":"post_tag","embeddable":true,"href":"https:\/\/www.europesays.com\/pl\/wp-json\/wp\/v2\/tags?post=172084"}],"curies":[{"name":"wp","href":"https:\/\/api.w.org\/{rel}","templated":true}]}}