{"id":172100,"date":"2025-12-26T13:31:10","date_gmt":"2025-12-26T13:31:10","guid":{"rendered":"https:\/\/www.europesays.com\/pl\/172100\/"},"modified":"2025-12-26T13:31:10","modified_gmt":"2025-12-26T13:31:10","slug":"wstrzasajace-wyznanie-macieja-malenczuka-o-nalogach-chcac-wyjsc-z-picia-musialem-wyjechac","status":"publish","type":"post","link":"https:\/\/www.europesays.com\/pl\/172100\/","title":{"rendered":"Wstrz\u0105saj\u0105ce wyznanie Macieja Male\u0144czuka o na\u0142ogach. &#8222;Chc\u0105c wyj\u015b\u0107 z picia, musia\u0142em wyjecha\u0107&#8221;"},"content":{"rendered":"<p class=\"ods-c-paragraph \">Maciej Male\u0144czuk otwarcie opowiada o swoich dawnych zmaganiach z uzale\u017cnieniem od alkoholu i narkotyk\u00f3w. Ju\u017c w 2023 r., <a href=\"https:\/\/plejada.pl\/wywiady\/maciej-malenczuk-o-nalogach-wiezieniu-i-kobietach-nie-gryzie-sie-w-jezyk\/rxerkqp\" id=\"babd99b1-8d04-449b-ba19-bbaeb9951c50\" rel=\"nofollow noopener\" target=\"_blank\">w rozmowie z Plejad\u0105<\/a>, bez ogr\u00f3dek m\u00f3wi\u0142 o swoich do\u015bwiadczeniach. \u2014 Nawet jak du\u017co pi\u0142em, mia\u0142em nad tym kontrol\u0119. Nigdy nie by\u0142o tak, \u017ce wstawa\u0142em w \u015brodku nocy i szuka\u0142em po szafkach w\u00f3dki. Takim alkoholikiem nie by\u0142em \u2014 przyzna\u0142.<\/p>\n<p>Dalszy ci\u0105g artyku\u0142u pod materia\u0142em wideo<\/p>\n<p> Co Maciej Male\u0144czuk powiedzia\u0142 o swoich uzale\u017cnieniach? <\/p>\n<p> Dlaczego Male\u0144czuk musia\u0142 wyjecha\u0107, aby wyj\u015b\u0107 z picia? <\/p>\n<p> Jakie na\u0142ogi wymieni\u0142 Male\u0144czuk? <\/p>\n<p> Co wed\u0142ug Male\u0144czuka sprawia, \u017ce alkoholizm jest trudniejszy do przezwyci\u0119\u017cenia? <\/p>\n<p>  Wstrz\u0105saj\u0105ce wyznanie Macieja Male\u0144czuka o na\u0142ogach. &#8222;Chc\u0105c wyj\u015b\u0107 z picia, musia\u0142em wyjecha\u0107&#8221;<\/p>\n<p class=\"ods-c-paragraph \">Artysta 26 grudnia pojawi\u0142 si\u0119 w programie &#8222;Autentyczni&#8221;, gdzie kilkukrotnie pytano go o zmagania z uzale\u017cnieniami. Stwierdzi\u0142, \u017ce zdecydowanie \u0142atwiej by\u0142o mu zerwa\u0107 z substancjami psychoaktywnymi ni\u017c z alkoholem.<\/p>\n<blockquote class=\"ods-o-quota\">\n<p class=\"ods-o-quota__paragraph\">Unikam alkoholu jak to tylko jest mo\u017cliwe, chocia\u017c oczywi\u015bcie nie jest to mo\u017cliwe ca\u0142kowicie. Wychodzi\u0142em z r\u00f3\u017cnych drag\u00f3w. (&#8230;) Moim zdaniem, z perspektywy moich obserwacji, trudniej jest wyj\u015b\u0107 z alkoholu <\/p>\n<\/blockquote>\n<p class=\"ods-c-paragraph \">\u2014 m\u00f3wi\u0142.<\/p>\n<p><img decoding=\"async\" src=\"https:\/\/www.europesays.com\/pl\/wp-content\/uploads\/2025\/12\/Cmjk9lBaHR0cHM6Ly9vY2RuLmV1L3B1bHNjbXMvTURBXy9lYjU3NzNlMGE0Y2Y0YjliN2NkYmQ5OTIyZmMzYTJhNy5wbmeRlQLNB.jpeg\" height=\"497\" width=\"940\" alt=\"Maciej Male\u0144czuk, program &quot;Autentyczni&quot;\" loading=\"lazy\" class=\"ods-c-image__img ods-c-image__img--viewport-width\"\/><\/p>\n<p>Maciej Male\u0144czuk, program &#8222;Autentyczni&#8221;TVN<\/p>\n<p class=\"ods-c-paragraph \">\u2014 Alkohol jest wsz\u0119dzie. Co z tego, \u017ce przestaniesz pi\u0107 i nie b\u0119dziesz pi\u0142 tydzie\u0144 czy dwa? Za chwil\u0119 przyjdzie jaki\u015b wujek i postawi flaszk\u0119 na stole. Za chwil\u0119 przyjdzie jaka\u015b wigilia, albo inne \u015bwi\u0119to, albo chrzciny, albo pogrzeb. Albo po prostu wyjdziesz na ulic\u0119 i zobaczysz wystaw\u0119 pe\u0142n\u0105 flaszek \u2014 powiedzia\u0142.<\/p>\n<blockquote class=\"ods-o-quota\">\n<p class=\"ods-o-quota__paragraph\">Wyobra\u017a sobie narkomana, kt\u00f3ry chodzi wsz\u0119dzie i widzi strzykawki, to nie jest mu \u0142atwo, tak? Niestety, z alkoholem, to jest ten problem, \u017ce po prostu on jest w naszej kulturze. Musia\u0142em si\u0119 np. ze swojej wsi wyprowadzi\u0107. Chc\u0105c wyj\u015b\u0107 z picia, musia\u0142em wyjecha\u0107 ze wsi<\/p>\n<\/blockquote>\n<p class=\"ods-c-paragraph \">\u2014 doda\u0142.<\/p>\n<p><img decoding=\"async\" src=\"https:\/\/www.europesays.com\/pl\/wp-content\/uploads\/2025\/12\/K8ck9lBaHR0cHM6Ly9vY2RuLmV1L3B1bHNjbXMvTURBXy8wYWE3NGQ3ZTYxNWUyYzk4N2EyM2MzZGVmZTEwOTVmMy5qcGeRlQLNA.jpeg\" height=\"529\" width=\"940\" alt=\"Maciej Male\u0144czuk\" loading=\"lazy\" class=\"ods-c-image__img ods-c-image__img--vertical\"\/><\/p>\n<p>Maciej Male\u0144czukPiotr Andrzejczak \/ MW Media<\/p>\n<p class=\"ods-c-paragraph \">Dzi\u0119kujemy, \u017ce przeczyta\u0142a\u015b\/e\u015b nasz artyku\u0142 do ko\u0144ca. W serwisie Plejada.pl ka\u017cdego dnia piszemy o najwa\u017cniejszych wydarzeniach show-biznesowych. B\u0105d\u017a na bie\u017c\u0105co! <a rel=\"nofollow noopener\" href=\"https:\/\/profile.google.com\/cp\/Cg0vZy8xMWJ6X19wdHBx\" id=\"3fc5cb78-4dff-4149-8abb-4a2ac3b0d11b\" target=\"_blank\">Obserwuj<\/a> Plejad\u0119 w Google. Odwied\u017a nas tak\u017ce na <a rel=\"nofollow noopener\" href=\"https:\/\/www.facebook.com\/plejadapl\" id=\"a410e50d-cd2d-49f4-adea-ff540f850c2c\" target=\"_blank\">Facebooku<\/a>, <a rel=\"nofollow noopener\" href=\"https:\/\/www.instagram.com\/plejadapl\/\" id=\"bd06bd1f-2f41-44eb-b295-3e0afa35776b\" target=\"_blank\">Instagramie<\/a>, <a rel=\"nofollow noopener\" href=\"https:\/\/www.youtube.com\/c\/plejada\" id=\"982e7ec5-14f4-49f8-8050-ed811ac67b18\" target=\"_blank\">YouTubie<\/a> oraz <a rel=\"nofollow noopener\" href=\"https:\/\/www.tiktok.com\/@plejada_pl\" id=\"9af1d78e-bccf-491e-946b-4af2c2540459\" target=\"_blank\">TikToku<\/a>.<\/p>\n<p class=\"ods-c-paragraph \">Chcesz podzieli\u0107 si\u0119 ciekawym newsem lub zaproponowa\u0107 temat? Skontaktuj si\u0119 z nami, pisz\u0105c maila na adres: <a rel=\"nofollow noopener\" href=\"https:\/\/plejada.pl\/newsy\/wstrzasajace-wyznanie-macieja-malenczuka-o-nalogach-chcac-wyjsc-z-picia-musialem\/mailto:plejada@redakcjaonet.pl\" id=\"5c60c474-4274-4a8a-aeaa-b0b3386f520a\" target=\"_blank\">plejada@redakcjaon<\/a><a rel=\"nofollow noopener\" href=\"https:\/\/et.pl\/\" id=\"64ee84c3-9e40-499a-8b5b-3e3669c5e2a8\" target=\"_blank\">et.pl<\/a>.<\/p>\n<p><script async src=\"\/\/www.instagram.com\/embed.js\"><\/script><script async src=\"\/\/www.tiktok.com\/embed.js\"><\/script><\/p>\n","protected":false},"excerpt":{"rendered":"Maciej Male\u0144czuk otwarcie opowiada o swoich dawnych zmaganiach z uzale\u017cnieniem od alkoholu i narkotyk\u00f3w. Ju\u017c w 2023 r.,&hellip;\n","protected":false},"author":2,"featured_media":172101,"comment_status":"","ping_status":"","sticky":false,"template":"","format":"standard","meta":{"footnotes":""},"categories":[22],"tags":[122,30966,48,125,46,42,38,40,39,41,123,47],"class_list":{"0":"post-172100","1":"post","2":"type-post","3":"status-publish","4":"format-standard","5":"has-post-thumbnail","7":"category-rozrywka","8":"tag-entertainment","9":"tag-maciej_malenczuk","10":"tag-nat_styl","11":"tag-newsy","12":"tag-omp","13":"tag-pl","14":"tag-poland","15":"tag-polish","16":"tag-polska","17":"tag-polski","18":"tag-rozrywka","19":"tag-screening_general"},"share_on_mastodon":{"url":"https:\/\/pubeurope.com\/@pl\/115786120627676553","error":""},"_links":{"self":[{"href":"https:\/\/www.europesays.com\/pl\/wp-json\/wp\/v2\/posts\/172100","targetHints":{"allow":["GET"]}}],"collection":[{"href":"https:\/\/www.europesays.com\/pl\/wp-json\/wp\/v2\/posts"}],"about":[{"href":"https:\/\/www.europesays.com\/pl\/wp-json\/wp\/v2\/types\/post"}],"author":[{"embeddable":true,"href":"https:\/\/www.europesays.com\/pl\/wp-json\/wp\/v2\/users\/2"}],"replies":[{"embeddable":true,"href":"https:\/\/www.europesays.com\/pl\/wp-json\/wp\/v2\/comments?post=172100"}],"version-history":[{"count":0,"href":"https:\/\/www.europesays.com\/pl\/wp-json\/wp\/v2\/posts\/172100\/revisions"}],"wp:featuredmedia":[{"embeddable":true,"href":"https:\/\/www.europesays.com\/pl\/wp-json\/wp\/v2\/media\/172101"}],"wp:attachment":[{"href":"https:\/\/www.europesays.com\/pl\/wp-json\/wp\/v2\/media?parent=172100"}],"wp:term":[{"taxonomy":"category","embeddable":true,"href":"https:\/\/www.europesays.com\/pl\/wp-json\/wp\/v2\/categories?post=172100"},{"taxonomy":"post_tag","embeddable":true,"href":"https:\/\/www.europesays.com\/pl\/wp-json\/wp\/v2\/tags?post=172100"}],"curies":[{"name":"wp","href":"https:\/\/api.w.org\/{rel}","templated":true}]}}