{"id":172150,"date":"2025-12-26T13:59:21","date_gmt":"2025-12-26T13:59:21","guid":{"rendered":"https:\/\/www.europesays.com\/pl\/172150\/"},"modified":"2025-12-26T13:59:21","modified_gmt":"2025-12-26T13:59:21","slug":"te-polskie-gwiazdy-wziely-slub-w-2025-r-niektorzy-trzymali-wszystko-w-tajemnicy","status":"publish","type":"post","link":"https:\/\/www.europesays.com\/pl\/172150\/","title":{"rendered":"Te polskie gwiazdy wzi\u0119\u0142y \u015blub w 2025 r. Niekt\u00f3rzy trzymali wszystko w tajemnicy"},"content":{"rendered":"<p>W polskim show-biznesie w mijaj\u0105cym 2025 r. nie brakowa\u0142o \u015blubnych wiadomo\u015bci. Znane twarze z muzyki, filmu, telewizji i internetu decydowa\u0142y si\u0119 na ten krok zar\u00f3wno w kameralnym gronie, jak i podczas wi\u0119kszych uroczysto\u015bci. Cz\u0119\u015b\u0107 ceremonii odby\u0142a si\u0119 w tajemnicy, inne od razu wzbudzi\u0142y du\u017ce zainteresowanie fan\u00f3w i medi\u00f3w.<\/p>\n<p>Przypominamy, kt\u00f3re polskie gwiazdy wzi\u0119\u0142y \u015blub w 2025 r.<\/p>\n<p> Galeria zdj\u0119\u0107    Zuzanna Bijoch i Greg Albert    <img src=\"https:\/\/www.europesays.com\/pl\/wp-content\/uploads\/2025\/12\/y1Ek9lBaHR0cHM6Ly9vY2RuLmV1L3B1bHNjbXMvTURBXy81MTEwMjQ2MTlmOTY4YWQ3MGVkNTcwMWJmMDVlMjNmMi5qcGeRlQLNA.jpeg\" height=\"529\" width=\"940\" alt=\"Zuzanna Bijoch i Greg Albert\" loading=\"lazy\" decoding=\"async\" class=\"ods-c-image__img ods-c-image__img--placeholder\"\/>     1\/23   <\/p>\n<p>instagram.com\/bijochzuzanna\/<\/p>\n<p class=\"ods-c-gallery__item__description\">Zuzanna Bijoch wzi\u0119\u0142a \u015blub 10 stycznia z ukochanym Gregiem Albertem. Para pobra\u0142a si\u0119 si\u0119 na malowniczej wyspie Saint-Barthelemy na Oceanie Atlantycki. O wszystkim modelka poinformowa\u0142a w mediach spo\u0142eczno\u015bciowych kilka dni po za\u015blubinach.<\/p>\n<p>    \u0141ukasz &#8222;Lotek&#8221; Lodkowski i Katarzyna Lodkowska    <img src=\"https:\/\/www.europesays.com\/pl\/wp-content\/uploads\/2025\/12\/RQzk9lBaHR0cHM6Ly9vY2RuLmV1L3B1bHNjbXMvTURBXy82NzkwNjY1MWFjYTQzNGVlNTFkZWI0OTQ2MmZmMTQ2Yi5qcGeRlQLNA.jpeg\" height=\"529\" width=\"940\" alt=\"\u0141ukasz &quot;Lotek&quot; Lodkowski i Katarzyna Lodkowska\" loading=\"lazy\" decoding=\"async\" class=\"ods-c-image__img ods-c-image__img--placeholder\"\/>     2\/23   <\/p>\n<p>instagram.com\/lukasz.lotek.lodkowski\/<\/p>\n<p class=\"ods-c-gallery__item__description\">\u0141ukasz &#8222;Lotek&#8221; Lodkowski zaskoczy\u0142 wszystkich publikuj\u0105c 6 maja zdj\u0119cie ze \u015blubu z ukochan\u0105 Katarzyna Lodkowsk\u0105. Wszystkim pochwali\u0142 si\u0119 na Instagramie.<\/p>\n<p>&#8222;Ja to jednak mam szcz\u0119\u015bcie&#8221; \u2014 napisa\u0142.<\/p>\n<p>       Jacek Rozenek i Maria Samuel    <img src=\"https:\/\/www.europesays.com\/pl\/wp-content\/uploads\/2025\/12\/Z-mk9lBaHR0cHM6Ly9vY2RuLmV1L3B1bHNjbXMvTURBXy9kMjVlNTNjNWI4NjkxZmQ2ZjM2OTAzNTUyYTdhZjkwNi5qcGeRlQLNA.jpeg\" height=\"529\" width=\"940\" alt=\"Jacek Rozenek i Maria Samuel\" loading=\"lazy\" decoding=\"async\" class=\"ods-c-image__img ods-c-image__img--placeholder\"\/>     3\/23   <\/p>\n<p>Piotr Andrzejczak \/ MW Media<\/p>\n<p class=\"ods-c-gallery__item__description\">Jacek Rozenek i jego partnerka Maria Samuel powiedzieli sobie &#8222;tak&#8221; 15 maja podczas kameralnej uroczysto\u015bci, kt\u00f3ra odby\u0142a si\u0119 w jednym z ko\u015bcio\u0142\u00f3w w Kaliszu. Ceremonia mia\u0142a skromny charakter, a w\u015br\u00f3d zaproszonych go\u015bci znale\u017ali si\u0119 tylko najbli\u017csi \u2013 rodzina i przyjaciele. Informacj\u0119 o \u015blubie potwierdzi\u0142 sam Jacek Rozenek, kt\u00f3ry przyzna\u0142 w rozmowie z &#8222;Super Expressem&#8221;, \u017ce jest bardzo szcz\u0119\u015bliwy i cieszy si\u0119 z nowego etapu w swoim \u017cyciu:<\/p>\n<p>&#8222;Czuj\u0119 si\u0119 bardzo dobrze jako m\u0105\u017c. Jestem szcz\u0119\u015bliwy, ale nie chc\u0119 z tego wa\u017cnego dnia w moim \u017cyciu robi\u0107 medialnego wydarzenia, wi\u0119c nie b\u0119d\u0119 si\u0119 dzieli\u0142 szczeg\u00f3\u0142ami. Ale za \u017cyczenia dzi\u0119kuj\u0119, niech szcz\u0119\u015bcie trwa&#8221; \u2013 powiedzia\u0142.<\/p>\n<p>    Marta Wierzbicka i Jan    <img src=\"https:\/\/www.europesays.com\/pl\/wp-content\/uploads\/2025\/12\/-Hxk9lBaHR0cHM6Ly9vY2RuLmV1L3B1bHNjbXMvTURBXy9jMTYwOGE0NDdlMGViYTFkNTFmNTI2OWU3ZTdjMTJhYS5qcGeRlQLNA.jpeg\" height=\"529\" width=\"940\" alt=\"Marta Wierzbicka i Jan\" loading=\"lazy\" decoding=\"async\" class=\"ods-c-image__img ods-c-image__img--placeholder\"\/>     4\/23   <\/p>\n<p>mwmedia \/ MW Media<\/p>\n<p class=\"ods-c-gallery__item__description\">Marta Wierzbicka powiedzia\u0142a sakramentalne &#8222;tak&#8221; 24 maja. Jej wybrankiem zosta\u0142 tajemniczy Jan. \u015alub oraz wesele pary mia\u0142y miejsce na warszawskim Mokotowie.<\/p>\n<p>&#8222;Status zwi\u0105zku: niezmiennie szcz\u0119\u015bliwa&#8221; \u2014 napisa\u0142a aktorka na Instagramie kilka dni po ceremonii.<\/p>\n<p>       Barbara Garstka-Puciaty i Karol Puciaty    <img src=\"https:\/\/www.europesays.com\/pl\/wp-content\/uploads\/2025\/12\/dp_k9lBaHR0cHM6Ly9vY2RuLmV1L3B1bHNjbXMvTURBXy83YWJjNTVhMWIxNDJmMDM2YzllNThhNGY4MDEyYWZjNC5qcGeRlQLNA.jpeg\" height=\"529\" width=\"940\" alt=\"Barbara Garstka-Puciaty i Karol Puciaty\" loading=\"lazy\" decoding=\"async\" class=\"ods-c-image__img ods-c-image__img--placeholder\"\/>     5\/23   <\/p>\n<p>instagram.com\/barbaragarstka<\/p>\n<p class=\"ods-c-gallery__item__description\">Barbara Garstka-Puciaty 14 czerwca wysz\u0142a za m\u0105\u017c za Karola Puciatego. Ceremonia aktorki znanej z takich produkcji jak &#8222;Papiery na szcz\u0119\u015bcie&#8221; czy &#8222;Listy do M. 3&#8221; odby\u0142a si\u0119 w malowniczym plenerze, w\u015br\u00f3d zieleni i bliskich os\u00f3b.<\/p>\n<p>    Katarzyna Bosacka i Tomasz Makulski    <img src=\"https:\/\/www.europesays.com\/pl\/wp-content\/uploads\/2025\/12\/DwAk9lBaHR0cHM6Ly9vY2RuLmV1L3B1bHNjbXMvTURBXy8xODc4NGQwNmM0YjA0NjYxM2ZhYzY0MzM3YjQ5ODUyOS5qcGeRlQLNA.jpeg\" height=\"529\" width=\"940\" alt=\"Katarzyna Bosacka i Tomasz Makulski\" loading=\"lazy\" decoding=\"async\" class=\"ods-c-image__img ods-c-image__img--placeholder\"\/>     6\/23   <\/p>\n<p>instagram.com\/katarzynabosacka\/<\/p>\n<p class=\"ods-c-gallery__item__description\">Katarzyna Bosacka 28 czerwca wzi\u0119\u0142a \u015blub z Tomaszem Makulskim. Podczas uroczysto\u015bci za\u015blubin towarzyszy\u0142o im ok. 100 os\u00f3b, a na przyj\u0119cie weselne zaprosili 80 go\u015bci. <\/p>\n<p>Podczas uroczysto\u015bci para unika\u0142a utartych schemat\u00f3w weselnych. Go\u015bcie mogli ubra\u0107 si\u0119 w taki spos\u00f3b, jaki tylko chcieli. Jeden z jej syn\u00f3w pojawi\u0142 si\u0119 np. w stroju pi\u0142karskim FC Barcelony. Nie by\u0142o te\u017c pierwszego ta\u0144ca, z racji, \u017ce by\u0142 to drugi \u015blub Bosackiej.<\/p>\n<p>       Maria Tyszkiewicz i Dominik     <\/p>\n<p class=\"ods-c-gallery__item__description\">Maria Tyszkiewicz, kt\u00f3ra popularno\u015b\u0107 zdoby\u0142a dzi\u0119ki programowi &#8222;Twoja twarz brzmi znajomo&#8221;, wzi\u0119\u0142a \u015blub z Dominikiem na pocz\u0105tku lipca. Para zorganizowa\u0142a uroczysto\u015b\u0107 w plenerze.<\/p>\n<p>    Maciej Cempura i Natalia Sakowicz    <img src=\"https:\/\/www.europesays.com\/pl\/wp-content\/uploads\/2025\/12\/wGJk9lBaHR0cHM6Ly9vY2RuLmV1L3B1bHNjbXMvTURBXy8xNTNlMWZmNzlmMmQ3ZjUxMWZlM2ZmYWJlM2NjMzExMi5wbmeSlQNtz.jpeg\" height=\"408\" width=\"289\" alt=\"Maciej Cempura i Natalia Sakowicz\" loading=\"lazy\" decoding=\"async\" class=\"ods-c-image__img ods-c-image__img--placeholder\"\/>     8\/23   <\/p>\n<p>instagram.com\/mcempura<\/p>\n<p class=\"ods-c-gallery__item__description\">Maciej Cempura, znany z roli Szymona Solejuka w kultowym serialu &#8222;Ranczo&#8221;, pod koniec lipca wzi\u0105\u0142 \u015blub ze swoj\u0105 ukochan\u0105, Natali\u0105 Sakowicz. \u015alub pary odby\u0142 si\u0119 w plenerze.<\/p>\n<p>       Klaudia i Valentyn    <img src=\"https:\/\/www.europesays.com\/pl\/wp-content\/uploads\/2025\/12\/n9Uk9lBaHR0cHM6Ly9vY2RuLmV1L3B1bHNjbXMvTURBXy84MGY1YzhmZjBjZmU2OGYwYjNhYjZkMDIwYTkxYWZlYS5qcGeRlQLNA.jpeg\" height=\"529\" width=\"940\" alt=\"Klaudia i Valentyn\" loading=\"lazy\" decoding=\"async\" class=\"ods-c-image__img ods-c-image__img--placeholder\"\/>     9\/23   <\/p>\n<p>instagram.com\/rolnikszukazonytvp\/<\/p>\n<p class=\"ods-c-gallery__item__description\">Klaudia i Valentyn z programu &#8222;Rolnik szuka \u017cony&#8221; pobrali si\u0119 10 sierpnia na Podlasiu. Ceremonia odby\u0142a si\u0119 w cerkwi, a sama zabawa mia\u0142a miejsce w Bia\u0142ymstoku.<\/p>\n<p>    Pawe\u0142 Rurak-Sokal i Ewa Rurak-Sokal    <img src=\"https:\/\/www.europesays.com\/pl\/wp-content\/uploads\/2025\/12\/3ikk9lBaHR0cHM6Ly9vY2RuLmV1L3B1bHNjbXMvTURBXy8xNTMzNjI2MWI2M2FlMjYyYWMzN2Q0YjFiNzFkZjMxOS5qcGeSlQNTA.jpeg\" height=\"529\" width=\"940\" alt=\"Pawe\u0142 Rurak-Sokal i Ewa Rurak-Sokal\" loading=\"lazy\" decoding=\"async\" class=\"ods-c-image__img ods-c-image__img--placeholder\"\/>     10\/23   <\/p>\n<p>mwmedia \/ MW Media<\/p>\n<p class=\"ods-c-gallery__item__description\">Pawe\u0142 Rurak-Sokal 15 sierpnia wzi\u0105\u0142  \u015blub ze swoj\u0105 ukochan\u0105 Ew\u0105 Rurak-Sokal (wcze\u015bniej Adamczyk). Ceremonia, jak i wesele odby\u0142y si\u0119 w \u0141odzi.<\/p>\n<p>       Wersow i Friz    <img src=\"https:\/\/www.europesays.com\/pl\/wp-content\/uploads\/2025\/12\/nzok9lBaHR0cHM6Ly9vY2RuLmV1L3B1bHNjbXMvTURBXy9hYmY3M2JmMGFlNjY2YjI4Y2QxMDhhMWFhNzJkMWRkNC5qcGeRlQLNA.jpeg\" height=\"529\" width=\"940\" alt=\"Wersow i Friz\" loading=\"lazy\" decoding=\"async\" class=\"ods-c-image__img ods-c-image__img--placeholder\"\/>     11\/23   <\/p>\n<p>FOTON\/PAP \/ PAP<\/p>\n<p class=\"ods-c-gallery__item__description\">Weronika Sowa, znana jako Wersow, i Karol Wi\u015bniewski, kt\u00f3rego internauci znaj\u0105 jako Friz w po\u0142owie sierpnia poinformowali, \u017ce wzi\u0119li \u015blub. Para ukrywa\u0142a wszystko w tajemnicy, bo jak sama przyzna\u0142a &#8222;chcieli to prze\u017cy\u0107 z najbli\u017cszymi  w najpi\u0119kniejszym miejscu na Ziemi&#8221;. <\/p>\n<p>&#8222;Ju\u017c teraz mog\u0119 wam oficjalnie potwierdzi\u0107: zosta\u0142am \u017con\u0105. Dalej w to nie dowierzam i dalej jest to dla mnie bardzo ekscytuj\u0105ce, poniewa\u017c w\u0142a\u015bnie w to lato wzi\u0119li\u015bmy z Karolem \u015blub. Razem z najbli\u017cszymi mogli\u015bmy prze\u017cywa\u0107 te najwa\u017cniejsze chwile wsp\u00f3lnie&#8221; \u2014 przyzna\u0142a na Instagramie.<\/p>\n<p>    W\u0142odzimierz Matuszak i Karolina Nolbrzak    <img src=\"https:\/\/www.europesays.com\/pl\/wp-content\/uploads\/2025\/12\/kIpk9lBaHR0cHM6Ly9vY2RuLmV1L3B1bHNjbXMvTURBXy8xMWZkMTgxMTc0OGFkNThkYTBkZTUyZWMyNTA0NWQ0YS5qcGeRlQLNB.jpeg\" height=\"670\" width=\"940\" alt=\"W\u0142odzimierz Matuszak i Karolina Nolbrzak\" loading=\"lazy\" decoding=\"async\" class=\"ods-c-image__img ods-c-image__img--placeholder\"\/>     12\/23   <\/p>\n<p>Jaros\u0142aw Antoniak \/ MW Media<\/p>\n<p class=\"ods-c-gallery__item__description\">Karolina Nolbrzak i W\u0142odzimierz Matuszak, znani widzom z serialu &#8222;Plebania&#8221;, oficjalnie powiedzieli sobie &#8222;tak&#8221; 28 sierpnia. Ceremonia odby\u0142a si\u0119 w tajemnicy z dala od medi\u00f3w.<\/p>\n<p>Ju\u017c po. 28.08.2025&#8243; \u2013 napisa\u0142a aktorka na Instagramie.<\/p>\n<p>       \u0141ukasz Schreiber i Weronika Schreiber    <img src=\"https:\/\/www.europesays.com\/pl\/wp-content\/uploads\/2025\/12\/L2ok9lBaHR0cHM6Ly9vY2RuLmV1L3B1bHNjbXMvTURBXy8zMmYwZjM3M2U5YjNjYzZhMjA1MDgwYTNkOTk5ZWI0MC5qcGeRlQLNA.jpeg\" height=\"529\" width=\"940\" alt=\"\u0141ukasz Schreiber i Weronika Schreiber\" loading=\"lazy\" decoding=\"async\" class=\"ods-c-image__img ods-c-image__img--placeholder\"\/>     13\/23   <\/p>\n<p>instagram.com\/weronika_schreiber<\/p>\n<p class=\"ods-c-gallery__item__description\">\u0141ukasz Schreiber wzi\u0105\u0142 \u015blub z Weronik\u0105 Schreiber 29 sierpnia. Kameralna ceremonia odby\u0142a si\u0119 nad wod\u0105 w otoczeniu bliskich pary.<\/p>\n<p>    Maciej Or\u0142o\u015b i Paulina Koziejowska    <img src=\"https:\/\/www.europesays.com\/pl\/wp-content\/uploads\/2025\/12\/kmjk9lBaHR0cHM6Ly9vY2RuLmV1L3B1bHNjbXMvTURBXy8yODZjYjc5MGMyYjI2ZjNiMmY5MmZjYjE4NGVjMmY2Zi5qcGeRlQLNA.jpeg\" height=\"529\" width=\"940\" alt=\"Maciej Or\u0142o\u015b i Paulina Koziejowska\" loading=\"lazy\" decoding=\"async\" class=\"ods-c-image__img ods-c-image__img--placeholder\"\/>     14\/23   <\/p>\n<p>Andras Szilagyi \/ MW Media<\/p>\n<p class=\"ods-c-gallery__item__description\">Maciej Or\u0142o\u015b pod koniec sierpnia po\u015blubi\u0142 swoj\u0105 d\u0142ugoletni\u0105 partnerk\u0119 Paulin\u0119 Or\u0142o\u015b (wcze\u015bniej Koziejowska). \u015alub by\u0142 kameralny i odby\u0142 si\u0119 w gronie ok. 45 os\u00f3b. Ceremonia by\u0142a zaskoczeniem dla wielu, jednak para uwa\u017ca\u0142a, \u017ce nie by\u0142 to &#8222;cichy&#8221; \u015blub.<\/p>\n<p>Nasz \u015blub wcale nie by\u0142 cichy. (&#8230;) Cichy \u015blub nie oznacza, \u017ce jest cichy, bo nie chcesz o nim m\u00f3wi\u0107. (&#8230;) Wiele os\u00f3b tutaj z redakcji [TVP] wiedzia\u0142o, \u017ce bior\u0119 \u015blub&#8221; \u2014 m\u00f3wili w &#8222;Pytaniu na \u015bniadanie&#8221;.<\/p>\n<p>       Tomasz Trela i Dominika Bul\u017cacka    <img src=\"https:\/\/www.europesays.com\/pl\/wp-content\/uploads\/2025\/12\/dU9k9lBaHR0cHM6Ly9vY2RuLmV1L3B1bHNjbXMvTURBXy80NDE2ZTk3NDY4NzZmZDAyZDUzMTRiMjM5NTg5ZTk3Ni5qcGeRlQLNA.jpeg\" height=\"529\" width=\"940\" alt=\"Tomasz Trela i Dominika Bul\u017cacka\" loading=\"lazy\" decoding=\"async\" class=\"ods-c-image__img ods-c-image__img--placeholder\"\/>     15\/23   <\/p>\n<p>x.com\/poselTTrela<\/p>\n<p class=\"ods-c-gallery__item__description\">Tomasz Trela, pose\u0142 Nowej Lewicy po\u015blubi\u0142 swoj\u0105 ukochan\u0105, Dominik\u0119 Bul\u017cack\u0105 w Muzeum Pa\u0142acu Herbsta w \u0141odzi. Ceremonia odby\u0142a si\u0119 6 wrze\u015bnia i poprowadzi\u0142a j\u0105 prezydent wspomnianego miasta, Hanna Zdanowska.<\/p>\n<p>    Anna Soporek-Kozubek i Kamil Kozubek    <img src=\"https:\/\/www.europesays.com\/pl\/wp-content\/uploads\/2025\/09\/bM7k9lBaHR0cHM6Ly9vY2RuLmV1L3B1bHNjbXMvTURBXy85YWY2M2I0NjRjOTc5NWZiYjE2ZDRjYTc4YzU4YWRjMS5wbmeRlQLNA.jpeg\" height=\"529\" width=\"940\" alt=\"Anna Soporek-Kozubek i Kamil Kozubek\" loading=\"lazy\" decoding=\"async\" class=\"ods-c-image__img ods-c-image__img--placeholder\"\/>     16\/23   <\/p>\n<p>instagram.com\/aniasoporek\/<\/p>\n<p class=\"ods-c-gallery__item__description\">Anna Soporek-Kozubek, zwi\u0105zana z TVP od ponad dekady, 20 wrze\u015bnia wzi\u0119\u0142a \u015blub ze swoim partnerem, Kamilem Kozubkiem. Zakochani pobrali si\u0119 w Ko\u015bciele \u015bw. Aleksandra w Warszawie. Na hucznym weselu pojawili si\u0119 liczni go\u015bcie, ale uwag\u0119 wszystkich przyku\u0142 taniec Anny Soporek. Dziennikarka wraz z m\u0119\u017cem wykonali specjalny uk\u0142ad taneczny do piosenki &#8222;Cake By The Ocean&#8221; zespo\u0142u DNCE.<\/p>\n<p>       Katarzyna Cichopek i Maciej Kurzajewski    <img src=\"https:\/\/www.europesays.com\/pl\/wp-content\/uploads\/2025\/10\/2f2k9lBaHR0cHM6Ly9vY2RuLmV1L3B1bHNjbXMvTURBXy82YmMxNWFlNTY0NzY5ZjVhM2Y4MTZhMjIwNmFmYjc2OC5qcGeRlQLNA.jpeg\" height=\"529\" width=\"940\" alt=\"Katarzyna Cichopek i Maciej Kurzajewski\" loading=\"lazy\" decoding=\"async\" class=\"ods-c-image__img ods-c-image__img--placeholder\"\/>     17\/23   <\/p>\n<p>Andras Szilagyi \/ MW Media<\/p>\n<p class=\"ods-c-gallery__item__description\">\u015alub Katarzyny Cichopek i Macieja Kurzajewskiego by\u0142 jednym z najbardziej wyczekiwanych wydarze\u0144 w polskim show-biznesie. Para pobra\u0142a si\u0119 25 pa\u017adziernika, a uroczysto\u015b\u0107 odby\u0142a si\u0119 w Hotelu Drob w Urszulinie, po\u0142o\u017conym w otoczeniu Poleskiego Parku Narodowego. W\u015br\u00f3d go\u015bci znale\u017ali si\u0119 nie tylko przedstawiciele \u015bwiata medi\u00f3w, ale te\u017c politycy. Z par\u0105 \u015bwi\u0119towali m.in. Edward Miszczak, Joanna i Jacek Kurscy oraz Beata Mazurek. Byli te\u017c Jan Kliment z \u017con\u0105 Lenk\u0105, Agnieszka i Grzegorz Hy\u017cy, Monika Pyrek oraz Aleksander Sikora.<\/p>\n<p>    Katarzyna Cichopek i Maciej Kurzajewski            Agata &#8222;Dziarma&#8221; Dziarmagowska    <img src=\"https:\/\/www.europesays.com\/pl\/wp-content\/uploads\/2025\/12\/hryk9lBaHR0cHM6Ly9vY2RuLmV1L3B1bHNjbXMvTURBXy8xNzYxZGUyNTRkMTRhMzFlNTI2NWM2NGMyODA2NmUyYS5qcGeRlQLNA.jpeg\" height=\"529\" width=\"940\" alt=\"Agata &quot;Dziarma&quot; Dziarmagowska\" loading=\"lazy\" decoding=\"async\" class=\"ods-c-image__img ods-c-image__img--placeholder\"\/>     19\/23   <\/p>\n<p>Pi\u0119tka Mieszko \/ AKPA<\/p>\n<p class=\"ods-c-gallery__item__description\">Agata &#8222;Dziarma&#8221; Dziarmagowska pod koniec listopada poinformowa\u0142a za po\u015brednictwem medi\u00f3w spo\u0142eczno\u015bciowych, \u017ce wysz\u0142a za m\u0105\u017c. Ceremonia odby\u0142a si\u0119 w Warszawie w Urz\u0119dzie Stanu Cywilnego. <\/p>\n<p>&#8222;W sukience te\u015bciowej, z najlepszym cz\u0142owiekiem pod s\u0142o\u0144cem. Najszcz\u0119\u015bliwszy dzie\u0144 mojego \u017cycia sp\u0119dzony z rodzin\u0105 i przyjaci\u00f3\u0142mi. Wdzi\u0119czna&#8221; \u2014 napisa\u0142a na Instagramie.<\/p>\n<p>    Krzysztof Logan Tomaszewski i Anna    <img src=\"https:\/\/www.europesays.com\/pl\/wp-content\/uploads\/2025\/12\/ONTk9lBaHR0cHM6Ly9vY2RuLmV1L3B1bHNjbXMvTURBXy8zNGUyMDMwMTIwOWNiYjJjNzBkZTM0YzMxNTM5M2Y1ZS5wbmeSlQMAA.jpeg\" height=\"529\" width=\"940\" alt=\"Krzysztof Logan Tomaszewski i Anna\" loading=\"lazy\" decoding=\"async\" class=\"ods-c-image__img ods-c-image__img--placeholder\"\/>     20\/23   <\/p>\n<p>facebook.com\/krzysztof.logantomaszewski<\/p>\n<p class=\"ods-c-gallery__item__description\">Krzysztof Logan Tomaszewski, syn legendarnego komentatora sportowego, Bohdana Tomaszewskiego, w wieku 80 lat postanowi\u0142 powiedzie\u0107 sakramentalne &#8222;tak&#8221; w pierwszej po\u0142owie grudnia. To ju\u017c trzecie ma\u0142\u017ce\u0144stwo w jego \u017cyciu, a wybrank\u0105 jego serca zosta\u0142a kobieta o imieniu Anna.\n<\/p>\n<p>       Jacek Kopczy\u0144ski i Agnieszka Kustosz     <img src=\"https:\/\/www.europesays.com\/pl\/wp-content\/uploads\/2025\/12\/qUNk9lBaHR0cHM6Ly9vY2RuLmV1L3B1bHNjbXMvTURBXy9kNGY3NjNmMDI2ZGU1ZmZmN2YwOTI4YjAxMjdiMzlkMS5qcGeRlQLNA.jpeg\" height=\"529\" width=\"940\" alt=\"Jacek Kopczy\u0144ski i Agnieszka Kustosz \" loading=\"lazy\" decoding=\"async\" class=\"ods-c-image__img ods-c-image__img--placeholder\"\/>     21\/23   <\/p>\n<p>Andras Szilagyi \/ MW Media<\/p>\n<p class=\"ods-c-gallery__item__description\">Jacek Kopczy\u0144ski w grudniu o\u017ceni\u0142 si\u0119 ze swoj\u0105 ukochan\u0105 Agnieszk\u0105 Kustosz. Para nie poinformowa\u0142a w mediach o wydarzeniu, jednak Joanna Kurowska uchyli\u0142a r\u0105bka tajemnicy w mediach spo\u0142eczno\u015bciowych.<\/p>\n<p>&#8222;\u015awiadkow\u0105 by\u0142am u Jacka Kopczy\u0144skiego i Agnieszki \u2014 teraz ju\u017c Kopczy\u0144skiej. Lubi\u0119, jak si\u0119 ludzie kochaj\u0105, a jak do tego si\u0119 \u017ceni\u0105, to serce moje si\u0119 raduje&#8221; \u2014 napisa\u0142a.<\/p>\n<p>    Anita Szyd\u0142owska i Adrian Szymaniak    <img src=\"https:\/\/www.europesays.com\/pl\/wp-content\/uploads\/2025\/12\/B8Qk9lBaHR0cHM6Ly9vY2RuLmV1L3B1bHNjbXMvTURBXy82MzVmYzYwNjAzYTFjZDIzNzEyM2E1NmMzM2Q4NDMzMi5qcGeSlQPNA.jpeg\" height=\"529\" width=\"940\" alt=\"Anita Szyd\u0142owska i Adrian Szymaniak\" loading=\"lazy\" decoding=\"async\" class=\"ods-c-image__img ods-c-image__img--placeholder\"\/>     22\/23   <\/p>\n<p>instagram.com\/anitaczylija<\/p>\n<p class=\"ods-c-gallery__item__description\">Anita Szyd\u0142owska i Adrian Szymaniak, znani wszystkim ze &#8222;\u015alubu od pierwszego wejrzenia&#8221;, ponownie powiedzieli sobie sakramentalne &#8222;tak&#8221; 12 grudnia. Relacj\u0119 z ich \u015blubu mo\u017cna by\u0142o obejrze\u0107 w &#8222;Dzie\u0144 dobry TVN&#8221;. <\/p>\n<p>&#8222;Oto przed pa\u0144stwem Anita Szyd\u0142owska-Szymaniak. Oficjalnie!&#8221; \u2014 powiedzia\u0142 Adrian Szymaniak przed kamerami<\/p>\n<p>       Marek Jakubiak i Irmina Ochenkowska    <img src=\"https:\/\/www.europesays.com\/pl\/wp-content\/uploads\/2025\/12\/6IWk9lBaHR0cHM6Ly9vY2RuLmV1L3B1bHNjbXMvTURBXy83NWQyMjgwMWVjNzI1OTlkYTkxZmZmNDk0NjgwNjIzNy5qcGeRlQLNB.jpeg\" height=\"625\" width=\"940\" alt=\"Marek Jakubiak i Irmina Ochenkowska\" loading=\"lazy\" decoding=\"async\" class=\"ods-c-image__img ods-c-image__img--placeholder\"\/>     23\/23   <\/p>\n<p>Piotr Andrzejczak \/ MW Media<\/p>\n<p class=\"ods-c-gallery__item__description\">Marek Jakubiak i Irmina Ochenkowska pobrali si\u0119 14 grudnia. O \u015blubie poinformowa\u0142 polityk za po\u015brednictwem medi\u00f3w spo\u0142eczno\u015bciowych.<\/p>\n<p>Sta\u0142o si\u0119, Irminka zmieni\u0142a nazwisko na Jakubiak. W Miko\u0142ajkach w hotelu Go\u0142\u0119biewski w gronie rodziny zawarli\u015bmy zwi\u0105zek ma\u0142\u017ce\u0144ski. Bardzo dzi\u0119kujemy wszystkim pracownikom hotelu za zorganizowanie pierwszego w historii tego hotelu \u015blubu. Wysz\u0142o super&#8221; \u2014 napisa\u0142.<\/p>\n<p>Dzi\u0119kujemy, \u017ce przeczyta\u0142a\u015b\/e\u015b nasz artyku\u0142 do ko\u0144ca. W serwisie Plejada.pl ka\u017cdego dnia piszemy o najwa\u017cniejszych wydarzeniach show-biznesowych. B\u0105d\u017a na bie\u017c\u0105co i obserwuj Plejad\u0119 w <a href=\"http:\/\/news.google.com\/publications\/CAAiEF0PeAlb7W1llpV_mwV2rL4qFAgKIhBdD3gJW-1tZZaVf5sFdqy-?hl=pl&amp;gl=PL&amp;ceid=PL%3Apl\" rel=\"nofollow noopener\" target=\"_blank\">Wiadomo\u015bciach Google<\/a>. Odwied\u017a nas tak\u017ce na <a href=\"http:\/\/facebook.com\/plejadapl\" rel=\"nofollow noopener\" target=\"_blank\">Facebooku<\/a> , <a href=\"http:\/\/instagram.com\/plejadapl\/\" rel=\"nofollow noopener\" target=\"_blank\">Instagramie<\/a>, <a href=\"http:\/\/youtube.com\/c\/plejada\" rel=\"nofollow noopener\" target=\"_blank\">YouTubie<\/a> i <a href=\"http:\/\/tiktok.com\/@plejada_pl\" rel=\"nofollow noopener\" target=\"_blank\">TikToku<\/a>. <\/p>\n<p>Chcesz podzieli\u0107 si\u0119 ciekawym newsem lub zaproponowa\u0107 temat? Skontaktuj si\u0119 z nami, pisz\u0105c maila na adres: plejada@redakcjaonet.pl. <\/p>\n<p>  <script async src=\"\/\/www.instagram.com\/embed.js\"><\/script><script async src=\"\/\/www.tiktok.com\/embed.js\"><\/script><\/p>\n","protected":false},"excerpt":{"rendered":"W polskim show-biznesie w mijaj\u0105cym 2025 r. nie brakowa\u0142o \u015blubnych wiadomo\u015bci. Znane twarze z muzyki, filmu, telewizji i&hellip;\n","protected":false},"author":2,"featured_media":172151,"comment_status":"","ping_status":"","sticky":false,"template":"","format":"standard","meta":{"footnotes":""},"categories":[22],"tags":[5623,122,8645,5649,5650,48,125,46,42,38,40,39,41,123,47,556,6530,8644],"class_list":{"0":"post-172150","1":"post","2":"type-post","3":"status-publish","4":"format-standard","5":"has-post-thumbnail","7":"category-rozrywka","8":"tag-anita_szydlowska","9":"tag-entertainment","10":"tag-friz","11":"tag-katarzyna_cichopek","12":"tag-maciej_kurzajewski","13":"tag-nat_styl","14":"tag-newsy","15":"tag-omp","16":"tag-pl","17":"tag-poland","18":"tag-polish","19":"tag-polska","20":"tag-polski","21":"tag-rozrywka","22":"tag-screening_general","23":"tag-slub","24":"tag-sluby_gwiazd","25":"tag-wersow"},"share_on_mastodon":{"url":"https:\/\/pubeurope.com\/@pl\/115786231156071429","error":""},"_links":{"self":[{"href":"https:\/\/www.europesays.com\/pl\/wp-json\/wp\/v2\/posts\/172150","targetHints":{"allow":["GET"]}}],"collection":[{"href":"https:\/\/www.europesays.com\/pl\/wp-json\/wp\/v2\/posts"}],"about":[{"href":"https:\/\/www.europesays.com\/pl\/wp-json\/wp\/v2\/types\/post"}],"author":[{"embeddable":true,"href":"https:\/\/www.europesays.com\/pl\/wp-json\/wp\/v2\/users\/2"}],"replies":[{"embeddable":true,"href":"https:\/\/www.europesays.com\/pl\/wp-json\/wp\/v2\/comments?post=172150"}],"version-history":[{"count":0,"href":"https:\/\/www.europesays.com\/pl\/wp-json\/wp\/v2\/posts\/172150\/revisions"}],"wp:featuredmedia":[{"embeddable":true,"href":"https:\/\/www.europesays.com\/pl\/wp-json\/wp\/v2\/media\/172151"}],"wp:attachment":[{"href":"https:\/\/www.europesays.com\/pl\/wp-json\/wp\/v2\/media?parent=172150"}],"wp:term":[{"taxonomy":"category","embeddable":true,"href":"https:\/\/www.europesays.com\/pl\/wp-json\/wp\/v2\/categories?post=172150"},{"taxonomy":"post_tag","embeddable":true,"href":"https:\/\/www.europesays.com\/pl\/wp-json\/wp\/v2\/tags?post=172150"}],"curies":[{"name":"wp","href":"https:\/\/api.w.org\/{rel}","templated":true}]}}