{"id":172243,"date":"2025-12-26T15:06:09","date_gmt":"2025-12-26T15:06:09","guid":{"rendered":"https:\/\/www.europesays.com\/pl\/172243\/"},"modified":"2025-12-26T15:06:09","modified_gmt":"2025-12-26T15:06:09","slug":"wazne-ostrzezenie-dla-czesci-polski-silna-wichura-to-nie-wszystko-co-przyniesie-pogoda-onet","status":"publish","type":"post","link":"https:\/\/www.europesays.com\/pl\/172243\/","title":{"rendered":"Wa\u017cne ostrze\u017cenie dla cz\u0119\u015bci Polski. Silna wichura to nie wszystko co przyniesie pogoda &#8211; Onet"},"content":{"rendered":"<ol>\n<li><a href=\"https:\/\/news.google.com\/rss\/articles\/CBMi2AFBVV95cUxNczNQTEFHVjBQTngyMklJYk5hNWJ6QXBhZG93cHN1eWR6Q041RDFPbGlpTGkydnVEa3hVZW1jektuZzhnNFk4UlJxV1ZlRmUyM0JTQ1AyTldZM3h5aTd6QWtGYV9BOERqU0tyRlpVcHpSWWdtTDhnemtaTzA4U0hYMU5IZ3RINzNzX0VkTHBSbGo2bGRPSFJscnJURzBPRFB0T3c5ZnlXVzFCUmYtWWRTNjFjRklsWFZZNWxkQmYtMUZiWktsTS10WWowcnZPZFNlVGdaLUtSeWI?oc=5\" target=\"_blank\" rel=\"nofollow noopener\">Wa\u017cne ostrze\u017cenie dla cz\u0119\u015bci Polski. Silna wichura to nie wszystko co przyniesie pogoda<\/a>&nbsp;&nbsp;Onet<\/li>\n<li><a href=\"https:\/\/news.google.com\/rss\/articles\/CBMirgFBVV95cUxQMV9wVktJamNmaEx6Z2d5aUVBaUFFVWFOemYtdmZPdktKQS1xME1kYWg0ZF82aDBrTzR3dkxocFhwN2FMTm9LenZ3LXY3YUE0aFpnbWwyWGJQTUpwS1ZBcnlHREVtZlNyZV9mNEx0dmVWZnNzUnZYbzVGWHBrdDZBb1A0OU45Z1p1VlJjZmpMVEpDaUM1cF82V2NHeE5LNmpZS3NiU1lBcjVaejN6eHc?oc=5\" target=\"_blank\" rel=\"nofollow noopener\">Sztorm na Ba\u0142tyku. IMGW wyda\u0142 pomara\u0144czowy alert dla ca\u0142ego Wybrze\u017ca<\/a>&nbsp;&nbsp;Polskie Radio 24<\/li>\n<li><a href=\"https:\/\/news.google.com\/rss\/articles\/CBMi0gFBVV95cUxNOGdFdHVhUVotY1ptQmx2R0tHeFpUdGEwZHRmY1ByZUtJMDR2amtzMFR6dGhveDZzYVZvem41LXVnZ1VXQzdSbHFXRlVTS3lzVThGZmhkQkx1NWRYMEkwY3dvZTFnTk15Y2dHeHptMnBza1NNT3FVWXh3WWRHUmw2bTJNS0VNVEExdTBUMWVGaS1QcXNhYkxhbnBmdy11WDVVenY1OHcyb3hWYm5BLVBVLWFQNHViSGI2clJxNmdLdW1zTl9PVEVob3ltQTVDNFY2aFE?oc=5\" target=\"_blank\" rel=\"nofollow noopener\">Marzn\u0105ce opady, silny wiatr. Powr\u00f3t niebezpiecznej aury. Mo\u017cliwe alarmy nawet drugiego stopnia | TVN Meteo<\/a>&nbsp;&nbsp;TVN24<\/li>\n<li><a href=\"https:\/\/news.google.com\/rss\/articles\/CBMingFBVV95cUxPM29ZRDFyNTZLNHZEVUdTZlpFWWFvb3ZrNGdtVkxiVnpLTXNhT2Fma3ZzUG1pV2tPNjRmeFVhaEJMc2dWTWhraFFQWENodVJvdFdCc0RCVXdtUjRORTV6V2RUQ3NlVmh3WHh5b21Cams4b2JiZWpaU2hPNUM5dkVUMmFXVjBPNUZRaTJ4TmxVTGZzeEtOajZYTllUT0NSdw?oc=5\" target=\"_blank\" rel=\"nofollow noopener\">Silny sztorm na Ba\u0142tyku. Wiatr do 90 km\/h i mo\u017cliwa cofka<\/a>&nbsp;&nbsp;Nadmorski24<\/li>\n<li><a href=\"https:\/\/news.google.com\/rss\/articles\/CBMiqAFBVV95cUxPSTRwc2lYTlVoTHpHSjFaSmo2dlRweFlMaHFkb2VxRW5nRFZ6bVYxTVhqMy1YYVlvT0RIelVhb2FDT19ncUdicWpfbWFkSEpsUlhJSW9uN2ZZNlZvTDVDMVJWRlJnZlE0b29SR2FSOWtuQkdULXMwQWtkQk54djBYdHlNTTNHVVlJSi05VVdFRXlRbmhtSzZZc1pzaW9yVHZDRF9IRUFObEU?oc=5\" target=\"_blank\" rel=\"nofollow noopener\">Ostrze\u017cenie dla Pomorskiego 26.12.2025 13:30. Silny wiatr\/1<\/a>&nbsp;&nbsp;Gda\u0144sk Nasze Miasto<\/li>\n<\/ol>\n","protected":false},"excerpt":{"rendered":"Wa\u017cne ostrze\u017cenie dla cz\u0119\u015bci Polski. Silna wichura to nie wszystko co przyniesie pogoda&nbsp;&nbsp;Onet Sztorm na Ba\u0142tyku. IMGW wyda\u0142&hellip;\n","protected":false},"author":2,"featured_media":172244,"comment_status":"","ping_status":"","sticky":false,"template":"","format":"standard","meta":{"footnotes":"","_share_on_mastodon":"0"},"categories":[12],"tags":[32,33,33850,36,37,27,34,35,28,31,53,25,52,68,51,55,42,78,38,40,39,41,47,591,6786,29,30,65,50,26,8848],"class_list":["post-172243","post","type-post","status-publish","format-standard","has-post-thumbnail","category-polska","tag-breaking-news","tag-breakingnews","tag-cofka","tag-featured-news","tag-featurednews","tag-headlines","tag-latest-news","tag-latestnews","tag-naglowki","tag-najwazniejsze-artykuly","tag-new_header","tag-news","tag-onet3","tag-onet3d","tag-onet3d_2i","tag-phx","tag-pl","tag-pogoda","tag-poland","tag-polish","tag-polska","tag-polski","tag-screening_general","tag-srodowisko","tag-sztorm","tag-top-stories","tag-topstories","tag-update_me","tag-v2021","tag-wiadomosci","tag-wichura"],"share_on_mastodon":{"url":"https:\/\/pubeurope.com\/@pl\/115786493781663113","error":""},"_links":{"self":[{"href":"https:\/\/www.europesays.com\/pl\/wp-json\/wp\/v2\/posts\/172243","targetHints":{"allow":["GET"]}}],"collection":[{"href":"https:\/\/www.europesays.com\/pl\/wp-json\/wp\/v2\/posts"}],"about":[{"href":"https:\/\/www.europesays.com\/pl\/wp-json\/wp\/v2\/types\/post"}],"author":[{"embeddable":true,"href":"https:\/\/www.europesays.com\/pl\/wp-json\/wp\/v2\/users\/2"}],"replies":[{"embeddable":true,"href":"https:\/\/www.europesays.com\/pl\/wp-json\/wp\/v2\/comments?post=172243"}],"version-history":[{"count":0,"href":"https:\/\/www.europesays.com\/pl\/wp-json\/wp\/v2\/posts\/172243\/revisions"}],"wp:featuredmedia":[{"embeddable":true,"href":"https:\/\/www.europesays.com\/pl\/wp-json\/wp\/v2\/media\/172244"}],"wp:attachment":[{"href":"https:\/\/www.europesays.com\/pl\/wp-json\/wp\/v2\/media?parent=172243"}],"wp:term":[{"taxonomy":"category","embeddable":true,"href":"https:\/\/www.europesays.com\/pl\/wp-json\/wp\/v2\/categories?post=172243"},{"taxonomy":"post_tag","embeddable":true,"href":"https:\/\/www.europesays.com\/pl\/wp-json\/wp\/v2\/tags?post=172243"}],"curies":[{"name":"wp","href":"https:\/\/api.w.org\/{rel}","templated":true}]}}