{"id":172313,"date":"2025-12-26T16:04:07","date_gmt":"2025-12-26T16:04:07","guid":{"rendered":"https:\/\/www.europesays.com\/pl\/172313\/"},"modified":"2025-12-26T16:04:07","modified_gmt":"2025-12-26T16:04:07","slug":"agent-lewandowskiego-leci-na-rozmowy-media-podaja-kierunek","status":"publish","type":"post","link":"https:\/\/www.europesays.com\/pl\/172313\/","title":{"rendered":"Agent Lewandowskiego leci na rozmowy. Media podaj\u0105 kierunek"},"content":{"rendered":"\n<p class=\"contentpart contentpart--default contentpart--text\" data-position=\"0\">Przysz\u0142o\u015b\u0107 <a href=\"https:\/\/sportowefakty.wp.pl\/pilka-nozna\/robert-lewandowski\" rel=\"nofollow noopener\" target=\"_blank\">Roberta Lewandowskiego<\/a>\u00a0wci\u0105\u017c pozostaje otwarta. Napastnik ma wa\u017cny kontrakt z Barcelon\u0105 do 2026 roku, ale wewn\u0105trz klubu coraz cz\u0119\u015bciej m\u00f3wi si\u0119 o zmianach w ataku. Decyzja nale\u017cy do pi\u0142karza, ale dzia\u0142ania trwaj\u0105 tak\u017ce poza boiskiem.<\/p>\n<p class=\"contentpart contentpart--default contentpart--text\" data-position=\"1\">Wed\u0142ug hiszpa\u0144skiego dziennika &#8222;AS&#8221;, jego menad\u017cer <a href=\"https:\/\/sportowefakty.wp.pl\/pilka-nozna\/pini-zahavi\" rel=\"nofollow noopener\" target=\"_blank\">Pini Zahavi<\/a>\u00a0ma uda\u0107 si\u0119 na rozmowy z przedstawicielami ligi saudyjskiej. Oferta z Bliskiego Wschodu dotyczy co najmniej dw\u00f3ch sezon\u00f3w i jest jedn\u0105 z najpowa\u017cniejszych opcji branych obecnie pod uwag\u0119.<\/p>\n<p> <img role=\"presentation\" src=\"https:\/\/std.wpcdn.pl\/images\/adv\/placeholder_wp.svg\" loading=\"lazy\" alt=\"\" decoding=\"async\"\/>  <\/p>\n<p class=\"contentpart contentpart--default contentpart--text\" data-position=\"2\">ZOBACZ WIDEO: Boruc wkr\u0119ci\u0142 Fabia\u0144skiego w szatni Legii. &#8222;We\u017a wsta\u0144&#8230;&#8221;<\/p>\n<p class=\"contentpart contentpart--default contentpart--text\" data-position=\"4\">To niejedyny trop. Jak poda\u0142o &#8222;Mundo Deportivo&#8221;, dwa tygodnie temu Zahavi spotka\u0142 si\u0119 z Greggiem Berhalterem z Chicago Fire. Klub z MLS sonduje mo\u017cliwo\u015b\u0107 transferu, ale finansowo nie jest w stanie konkurowa\u0107 z Arabi\u0105 Saudyjsk\u0105.<\/p>\n<p class=\"contentpart contentpart--default contentpart--text\" data-position=\"5\">&#8211; Nie mam po\u015bpiechu z decyzj\u0105 &#8211; powiedzia\u0142 Lewandowski podczas konferencji prasowej przed meczem z Club Brugge. Zawodnik chce w pe\u0142ni wykorzysta\u0107 czas, kt\u00f3ry mu pozosta\u0142 na najwy\u017cszym poziomie, nawet je\u015bli oznacza to zmian\u0119 kontynentu.<\/p>\n<p class=\"contentpart contentpart--default contentpart--text\" data-position=\"6\">Problemy zdrowotne ograniczy\u0142y jego wyst\u0119py w tym sezonie. Urazy z presezonu, pa\u017adziernikowego zgrupowania kadry i ostatnich tygodni sprawi\u0142y, \u017ce opu\u015bci\u0142 kilka mecz\u00f3w. Jednocze\u015bnie Ferran Torres przej\u0105\u0142 coraz wi\u0119ksz\u0105 rol\u0119 w ataku Barcelony.<\/p>\n<p> <img role=\"presentation\" src=\"https:\/\/std.wpcdn.pl\/images\/adv\/placeholder_wp.svg\" loading=\"lazy\" alt=\"\" decoding=\"async\"\/>  <\/p>\n<p class=\"contentpart contentpart--default contentpart--text\" data-position=\"7\">W\u0142adze klubu pozostaj\u0105 w kontakcie z zawodnikiem i jego agentem, ale nie ukrywaj\u0105, \u017ce przygotowuj\u0105 si\u0119 na r\u00f3\u017cne scenariusze. Spotkanie w sprawie mo\u017cliwego transferu do jednego z saudyjskich zespo\u0142\u00f3w mo\u017ce okaza\u0107 si\u0119 punktem zwrotnym w ca\u0142ej sytuacji.<\/p>\n","protected":false},"excerpt":{"rendered":"Przysz\u0142o\u015b\u0107 Roberta Lewandowskiego\u00a0wci\u0105\u017c pozostaje otwarta. Napastnik ma wa\u017cny kontrakt z Barcelon\u0105 do 2026 roku, ale wewn\u0105trz klubu coraz&hellip;\n","protected":false},"author":2,"featured_media":172314,"comment_status":"","ping_status":"","sticky":false,"template":"","format":"standard","meta":{"footnotes":""},"categories":[24],"tags":[4494,1157,272,267,538,989,269,540,278,13330,42,38,40,39,41,273,127,126],"class_list":{"0":"post-172313","1":"post","2":"type-post","3":"status-publish","4":"format-standard","5":"has-post-thumbnail","7":"category-sport","8":"tag-arabia-saudyjska","9":"tag-barcelona","10":"tag-fc-barcelona","11":"tag-hiszpania","12":"tag-la-liga","13":"tag-pilka-na-swiecie","14":"tag-pilka-nozna","15":"tag-pilka-nozna-w-hiszpanii","16":"tag-pilka-w-europie","17":"tag-pini-zahavi","18":"tag-pl","19":"tag-poland","20":"tag-polish","21":"tag-polska","22":"tag-polski","23":"tag-robert-lewandowski","24":"tag-sport","25":"tag-sports"},"share_on_mastodon":{"url":"https:\/\/pubeurope.com\/@pl\/115786722191085970","error":""},"_links":{"self":[{"href":"https:\/\/www.europesays.com\/pl\/wp-json\/wp\/v2\/posts\/172313","targetHints":{"allow":["GET"]}}],"collection":[{"href":"https:\/\/www.europesays.com\/pl\/wp-json\/wp\/v2\/posts"}],"about":[{"href":"https:\/\/www.europesays.com\/pl\/wp-json\/wp\/v2\/types\/post"}],"author":[{"embeddable":true,"href":"https:\/\/www.europesays.com\/pl\/wp-json\/wp\/v2\/users\/2"}],"replies":[{"embeddable":true,"href":"https:\/\/www.europesays.com\/pl\/wp-json\/wp\/v2\/comments?post=172313"}],"version-history":[{"count":0,"href":"https:\/\/www.europesays.com\/pl\/wp-json\/wp\/v2\/posts\/172313\/revisions"}],"wp:featuredmedia":[{"embeddable":true,"href":"https:\/\/www.europesays.com\/pl\/wp-json\/wp\/v2\/media\/172314"}],"wp:attachment":[{"href":"https:\/\/www.europesays.com\/pl\/wp-json\/wp\/v2\/media?parent=172313"}],"wp:term":[{"taxonomy":"category","embeddable":true,"href":"https:\/\/www.europesays.com\/pl\/wp-json\/wp\/v2\/categories?post=172313"},{"taxonomy":"post_tag","embeddable":true,"href":"https:\/\/www.europesays.com\/pl\/wp-json\/wp\/v2\/tags?post=172313"}],"curies":[{"name":"wp","href":"https:\/\/api.w.org\/{rel}","templated":true}]}}