{"id":172321,"date":"2025-12-26T16:11:09","date_gmt":"2025-12-26T16:11:09","guid":{"rendered":"https:\/\/www.europesays.com\/pl\/172321\/"},"modified":"2025-12-26T16:11:09","modified_gmt":"2025-12-26T16:11:09","slug":"bylo-o-niej-bardzo-glosno-rzucila-zuzel-wiadomo-czym-dzis-sie-zajmuje","status":"publish","type":"post","link":"https:\/\/www.europesays.com\/pl\/172321\/","title":{"rendered":"By\u0142o o niej bardzo g\u0142o\u015bno. Rzuci\u0142a \u017cu\u017cel. Wiadomo, czym dzi\u015b si\u0119 zajmuje"},"content":{"rendered":"\n<p class=\"contentpart contentpart--default contentpart--text\" data-position=\"0\">Za <a href=\"https:\/\/sportowefakty.wp.pl\/zuzel\/weronika-burlaga\" rel=\"nofollow noopener\" target=\"_blank\">Weronik\u0105 Wi\u015bniewsk\u0105\u00a0<\/a>bardzo pracowity okres. W przed\u015bwi\u0105tecznym czasie zn\u00f3w bardzo cz\u0119sto chwyta\u0142a za aparat, by wykonywa\u0107 specjalne sesje okoliczno\u015bciowe. W\u0142a\u015bnie fotografi\u0105 zaj\u0119\u0142a si\u0119 po zako\u0144czeniu jazdy na \u017cu\u017clu. Tej pasji po\u015bwi\u0119ci\u0142a si\u0119 bardzo mocno i ewidentnie wida\u0107, \u017ce sprawia jej to bardzo du\u017co rado\u015bci.<\/p>\n<p class=\"contentpart contentpart--default contentpart--text\" data-position=\"1\">Dzi\u015b Wi\u015bniewska ma 26 lat, a etap jazdy na \u017cu\u017clu ju\u017c dawno jest za ni\u0105. Gdy zda\u0142a licencj\u0119 w dniu 19 pa\u017adziernika 2017 roku, zrobi\u0142o si\u0119 o niej bardzo g\u0142o\u015bno. Wiele os\u00f3b momentalnie zacz\u0119\u0142o si\u0119 zastanawia\u0107, jak odnajdzie si\u0119 w zmaganiach z m\u0119\u017cczyznami.<\/p>\n<p> <img role=\"presentation\" src=\"https:\/\/std.wpcdn.pl\/images\/adv\/placeholder_wp.svg\" loading=\"lazy\" alt=\"\" decoding=\"async\"\/>  <\/p>\n<p class=\"contentpart contentpart--default contentpart--text\" data-position=\"2\">ZOBACZ WIDEO: To na niego wszyscy czekaj\u0105 w Gorzowie? Stal jest zainteresowana od wielu lat<\/p>\n<p class=\"contentpart contentpart--default contentpart--text\" data-position=\"4\">&#8211; Zdanie licencji to ju\u017c jest osi\u0105gni\u0119cie jednego z moich cel\u00f3w. Na tym jednak nie chc\u0119 poprzesta\u0107. Kolejny m\u00f3j plan to jazda w zawodach m\u0142odzie\u017cowych. Nie ukrywajmy, \u017ce musz\u0119 du\u017co trenowa\u0107, by dor\u00f3wna\u0107 ch\u0142opakom. Na razie jestem w tyle. Mam nadziej\u0119, \u017ce je\u017celi nadal b\u0119d\u0119 w to wk\u0142ada\u0107 tyle serca, ile wk\u0142ada\u0142am do tej pory, to mo\u017ce uda si\u0119 osi\u0105ga\u0107 kolejne cele &#8211; m\u00f3wi\u0142a w\u00f3wczas.<\/p>\n<p class=\"contentpart contentpart--default contentpart--text\" data-position=\"5\">Zapa\u0142u i determinacji Weronice nie brakowa\u0142o. Zawodniczka zwi\u0105za\u0142a si\u0119 ze Startem Gniezno i pr\u00f3bowa\u0142a prze\u0142amywa\u0107 stereotypy, pokazuj\u0105c, \u017ce kobiety te\u017c mog\u0105 \u015bciga\u0107 si\u0119 na \u017cu\u017clu.<\/p>\n<p class=\"contentpart contentpart--default contentpart--text\" data-position=\"6\">Debiutowa\u0142a w kwietniu 2018 roku. W\u00f3wczas wyst\u0105pi\u0142a w Nice Cup na torze w Gnie\u017anie. Pierwszy wy\u015bcig mog\u0142a zako\u0144czy\u0107 z punktami, bo jecha\u0142a na drugim miejscu. Wystarczy\u0142a jednak niewielka presja jad\u0105cego za ni\u0105 Dawida Jony, a zawodniczka straci\u0142a kontrol\u0119 nad sprz\u0119tem i wjecha\u0142a w band\u0119. Po tym zdarzeniu ju\u017c wi\u0119cej nie wyjecha\u0142a na tor.<\/p>\n<p> <img role=\"presentation\" src=\"https:\/\/std.wpcdn.pl\/images\/adv\/placeholder_wp.svg\" loading=\"lazy\" alt=\"\" decoding=\"async\"\/>  <\/p>\n<p class=\"contentpart contentpart--default contentpart--text\" data-position=\"7\">P\u00f3\u017aniej nie mia\u0142a ju\u017c wiele okazji do jazdy. Postawi\u0142a na nauk\u0119 i przygotowania do egzaminu maturalnego. Ostatecznie na tor nie wr\u00f3ci\u0142a, uznaj\u0105c, \u017ce lepszym wyborem b\u0119dzie rozwijanie si\u0119 na innych p\u0142aszczyznach ni\u017c ta zwi\u0105zana z &#8222;czarnym sportem&#8221;.<\/p>\n","protected":false},"excerpt":{"rendered":"Za Weronik\u0105 Wi\u015bniewsk\u0105\u00a0bardzo pracowity okres. W przed\u015bwi\u0105tecznym czasie zn\u00f3w bardzo cz\u0119sto chwyta\u0142a za aparat, by wykonywa\u0107 specjalne sesje&hellip;\n","protected":false},"author":2,"featured_media":172322,"comment_status":"","ping_status":"","sticky":false,"template":"","format":"standard","meta":{"footnotes":""},"categories":[24],"tags":[42,38,40,39,41,127,268,126,33863,174],"class_list":{"0":"post-172321","1":"post","2":"type-post","3":"status-publish","4":"format-standard","5":"has-post-thumbnail","7":"category-sport","8":"tag-pl","9":"tag-poland","10":"tag-polish","11":"tag-polska","12":"tag-polski","13":"tag-sport","14":"tag-sportowybar","15":"tag-sports","16":"tag-weronika-burlaga","17":"tag-zuzel"},"share_on_mastodon":{"url":"https:\/\/pubeurope.com\/@pl\/115786749625112255","error":""},"_links":{"self":[{"href":"https:\/\/www.europesays.com\/pl\/wp-json\/wp\/v2\/posts\/172321","targetHints":{"allow":["GET"]}}],"collection":[{"href":"https:\/\/www.europesays.com\/pl\/wp-json\/wp\/v2\/posts"}],"about":[{"href":"https:\/\/www.europesays.com\/pl\/wp-json\/wp\/v2\/types\/post"}],"author":[{"embeddable":true,"href":"https:\/\/www.europesays.com\/pl\/wp-json\/wp\/v2\/users\/2"}],"replies":[{"embeddable":true,"href":"https:\/\/www.europesays.com\/pl\/wp-json\/wp\/v2\/comments?post=172321"}],"version-history":[{"count":0,"href":"https:\/\/www.europesays.com\/pl\/wp-json\/wp\/v2\/posts\/172321\/revisions"}],"wp:featuredmedia":[{"embeddable":true,"href":"https:\/\/www.europesays.com\/pl\/wp-json\/wp\/v2\/media\/172322"}],"wp:attachment":[{"href":"https:\/\/www.europesays.com\/pl\/wp-json\/wp\/v2\/media?parent=172321"}],"wp:term":[{"taxonomy":"category","embeddable":true,"href":"https:\/\/www.europesays.com\/pl\/wp-json\/wp\/v2\/categories?post=172321"},{"taxonomy":"post_tag","embeddable":true,"href":"https:\/\/www.europesays.com\/pl\/wp-json\/wp\/v2\/tags?post=172321"}],"curies":[{"name":"wp","href":"https:\/\/api.w.org\/{rel}","templated":true}]}}