{"id":172339,"date":"2025-12-26T16:26:15","date_gmt":"2025-12-26T16:26:15","guid":{"rendered":"https:\/\/www.europesays.com\/pl\/172339\/"},"modified":"2025-12-26T16:26:15","modified_gmt":"2025-12-26T16:26:15","slug":"gwiazdy-zagraly-w-familiadzie-to-pytanie-pograzylo-wszystkich","status":"publish","type":"post","link":"https:\/\/www.europesays.com\/pl\/172339\/","title":{"rendered":"Gwiazdy zagra\u0142y w &#8222;Familiadzie&#8221;. To pytanie pogr\u0105\u017cy\u0142o wszystkich!"},"content":{"rendered":"<p class=\"article-p\" data-section=\"detail-body\">Karol Strasburger ponownie zago\u015bci\u0142 w domach Polak\u00f3w w \u015bwi\u0105tecznym odcinku &#8222;Familiady&#8221;. Tym razem dru\u017cyny skompletowane by\u0142y z os\u00f3b zwi\u0105zanych z Fundacj\u0105 TVP oraz &#8222;Pytaniem na \u015bniadanie&#8221;, tj. Krystyna Soko\u0142owska, Filip Antonowicz czy Robert Stockinger. Niespodziewanym go\u015bciem odcinka by\u0142 tak\u017ce Micha\u0142 Wi\u015bniewski, kt\u00f3ry od lat anga\u017cuje si\u0119 w r\u00f3\u017cne akcje charytatywne i prowadzi w\u0142asn\u0105 fundacj\u0119. Jak poradzili sobie znani uczestnicy? Jedno pytanie pogr\u0105\u017cy\u0142o niemal wszystkich.<\/p>\n<p>        Imi\u0119 m\u0119ski zako\u0144czone na &#8222;u\u015b&#8221;? Pytanie pogr\u0105\u017cy\u0142o uczestnik\u00f3w &#8222;Familiady&#8221;<\/p>\n<p class=\"article-p\" data-section=\"detail-body\">Jak mo\u017cna by\u0142o si\u0119 spodziewa\u0107, gwiazdy gra\u0142y o pieni\u0105dze, kt\u00f3rych doch\u00f3d trafi na cele charytatywne. W specjalnym odcinku do fina\u0142owej rundy stan\u0119li wi\u0119c przedstawiciele obu dru\u017cyn. Jednym z nich by\u0142 Micha\u0142 Wi\u015bniewski, kt\u00f3ry nie kry\u0142 szcz\u0119\u015bcia, gdy pod koniec programu og\u0142oszono, \u017ce nagroda zostanie przekazana na rzecz jego fundacji &#8222;Wi\u015bnia dzieciom&#8221;. Zanim jednak widzowie obejrzeli emocjonuj\u0105cy fina\u0142, mieli okazj\u0119 obserwowa\u0107 rywalizacj\u0119 obu dru\u017cyn.<\/p>\n<p class=\"article-p\" data-section=\"detail-body\">\u2014 Podaj zdrobnienie imienia m\u0119skiego, zako\u0144czonego na &#8222;u\u015b&#8221; \u2014 pad\u0142o z ust Karola Strasburgera w pierwszej po\u0142owie programu.<\/p>\n<p class=\"article-p\" data-section=\"detail-body\">Pytanie sprawi\u0142o ogromny problem obu dru\u017cynom, poniewa\u017c uczestnicy odgadli tylko dwa imiona z pi\u0119ciu wytypowanych przez ankietowanych. I tak: Jacu\u015b zdoby\u0142 26 punkt\u00f3w, Kubu\u015b \u2014 22, Maciu\u015b \u2014 19, Bogu\u015b \u2014 16, a na ostatnim miejscu uplasowa\u0142 si\u0119 Wojtu\u015b z 9 punktami.<\/p>\n<p class=\"article-p\" data-section=\"detail-body\"><a href=\"https:\/\/ludzie.fakt.pl\/agnieszka-wozniak-starak-wrocila-do-pytania-na-sniadanie-fani-komentuja\/wdnfbsp\" id=\"d9cc459d-2a3d-4fdd-9da2-61553937f2ed\" rel=\"nofollow noopener\" target=\"_blank\">Agnieszka Wo\u017aniak-Starak wr\u00f3ci\u0142a do &#8222;Pn\u015b&#8221;. Widzowie wydali werdykt<\/a><\/p>\n<p class=\"article-p\" data-section=\"detail-body\"><a href=\"https:\/\/ludzie.fakt.pl\/katarzyna-dowbor-komentuje-kryzys-sandry-kubickiej-i-barona-w-pns\/mjz3y3t\" id=\"7ef90e5b-d789-406e-be93-f07f4e75aec5\" rel=\"nofollow noopener\" target=\"_blank\">Sandra Kubicka z\u0142o\u017cy\u0142a drugi pozew rozwodowy. Katarzyna Dowbor komentuje w TV<\/a><\/p>\n<p class=\"article-p\" data-section=\"detail-body\"><a href=\"https:\/\/ludzie.fakt.pl\/leszek-lichota-potwierdzil-to-o-czym-plotkowano-zycie-bywa-zaskakujace\/ep58591\" id=\"7964334c-2ed9-4bcf-88c5-2a31bc6a0e65\" rel=\"nofollow noopener\" target=\"_blank\">Nowa mi\u0142o\u015b\u0107 Leszka Lichoty. W studiu &#8222;Pytania na \u015bniadanie&#8221; pad\u0142y wa\u017cne s\u0142owa<\/a><\/p>\n<p>        \/4<\/p>\n<p>                    <img decoding=\"async\" class=\"article-image-img\" loading=\"lazy\" alt=\"\" src=\"https:\/\/www.europesays.com\/pl\/wp-content\/uploads\/2025\/12\/8r9k9kuTURBXy83MGNiZWEzMC1iYjk5LTRmNTMtOWZmNi0yOWUyY2JlZTgyMmMuanBlZ5GTAs0DSM0B2N4AAqEwAaExAQ.jpeg\" width=\"840\" height=\"472\"\/><\/p>\n<p>                  Familiada \/ TVP<\/p>\n<p class=\"article-gallery-p\">\n        Co za sceny w &#8222;Familiadzie&#8221;? Gwiazdy nie poradzi\u0142y sobie z pytaniem Karola Strasburgera.\n    <\/p>\n<p>        \/4<\/p>\n<p>                    <img decoding=\"async\" class=\"article-image-img\" loading=\"lazy\" alt=\"\" src=\"https:\/\/www.europesays.com\/pl\/wp-content\/uploads\/2025\/12\/Mzuk9ktTURBXy8xYjZiZjg3Ni0wOWIxLTQwMDAtYWEzOC1iMzI0MTlmNmJjNTAucG5nkZMCzQNIzQHT3gACoTABoTEB.jpeg\" width=\"840\" height=\"467\"\/><\/p>\n<p>                  Familiada \/ TVP<\/p>\n<p class=\"article-gallery-p\">\n        Krystyna Soko\u0142owska i Micha\u0142 Wi\u015bniewski w &#8222;Familiadzie&#8221;.\n    <\/p>\n","protected":false},"excerpt":{"rendered":"Karol Strasburger ponownie zago\u015bci\u0142 w domach Polak\u00f3w w \u015bwi\u0105tecznym odcinku &#8222;Familiady&#8221;. Tym razem dru\u017cyny skompletowane by\u0142y z os\u00f3b&hellip;\n","protected":false},"author":2,"featured_media":172340,"comment_status":"","ping_status":"","sticky":false,"template":"","format":"standard","meta":{"footnotes":""},"categories":[22],"tags":[122,42,38,40,39,41,123],"class_list":{"0":"post-172339","1":"post","2":"type-post","3":"status-publish","4":"format-standard","5":"has-post-thumbnail","7":"category-rozrywka","8":"tag-entertainment","9":"tag-pl","10":"tag-poland","11":"tag-polish","12":"tag-polska","13":"tag-polski","14":"tag-rozrywka"},"share_on_mastodon":{"url":"https:\/\/pubeurope.com\/@pl\/115786808582449650","error":""},"_links":{"self":[{"href":"https:\/\/www.europesays.com\/pl\/wp-json\/wp\/v2\/posts\/172339","targetHints":{"allow":["GET"]}}],"collection":[{"href":"https:\/\/www.europesays.com\/pl\/wp-json\/wp\/v2\/posts"}],"about":[{"href":"https:\/\/www.europesays.com\/pl\/wp-json\/wp\/v2\/types\/post"}],"author":[{"embeddable":true,"href":"https:\/\/www.europesays.com\/pl\/wp-json\/wp\/v2\/users\/2"}],"replies":[{"embeddable":true,"href":"https:\/\/www.europesays.com\/pl\/wp-json\/wp\/v2\/comments?post=172339"}],"version-history":[{"count":0,"href":"https:\/\/www.europesays.com\/pl\/wp-json\/wp\/v2\/posts\/172339\/revisions"}],"wp:featuredmedia":[{"embeddable":true,"href":"https:\/\/www.europesays.com\/pl\/wp-json\/wp\/v2\/media\/172340"}],"wp:attachment":[{"href":"https:\/\/www.europesays.com\/pl\/wp-json\/wp\/v2\/media?parent=172339"}],"wp:term":[{"taxonomy":"category","embeddable":true,"href":"https:\/\/www.europesays.com\/pl\/wp-json\/wp\/v2\/categories?post=172339"},{"taxonomy":"post_tag","embeddable":true,"href":"https:\/\/www.europesays.com\/pl\/wp-json\/wp\/v2\/tags?post=172339"}],"curies":[{"name":"wp","href":"https:\/\/api.w.org\/{rel}","templated":true}]}}