{"id":172447,"date":"2025-12-26T17:42:17","date_gmt":"2025-12-26T17:42:17","guid":{"rendered":"https:\/\/www.europesays.com\/pl\/172447\/"},"modified":"2025-12-26T17:42:17","modified_gmt":"2025-12-26T17:42:17","slug":"armagedon-na-a1-nigdy-czegos-takiego-nie-widzielismy","status":"publish","type":"post","link":"https:\/\/www.europesays.com\/pl\/172447\/","title":{"rendered":"Armagedon na A1. &#8222;Nigdy czego\u015b takiego nie widzieli\u015bmy&#8221;"},"content":{"rendered":"<p>Autostrada A1 zablokowana jest w\u00a0miejscowo\u015bci Lipiny ko\u0142o W\u0142oc\u0142awka (woj. kujawsko-pomorskie). Utrudnienia powsta\u0142y po tym, jak dwa samochody osobowe uderzy\u0142y w\u00a0bariery ochronne. <\/p>\n<p>Do zdarzenia dok\u0142adnie dosz\u0142o na 191. km A1, na odcinku pomi\u0119dzy w\u0119z\u0142ami W\u0142oc\u0142awek P\u00f3\u0142noc \u2013\u00a0W\u0142oc\u0142awek Zach\u00f3d. Jak przekaza\u0142a GDDKiA, dwa samochody osobowe uderzy\u0142y w\u00a0bariery ochronne przy pasie awaryjnym. Nikomu nic si\u0119 nie sta\u0142o. Utrudnienia mog\u0105 potrwa\u0107 oko\u0142o dw\u00f3ch godzin.<\/p>\n<p>Ma &#8222;g\u0142odow\u0105&#8221; emerytur\u0119. Tak dorabia. &#8222;\u017beby na\u00a0\u015bwi\u0119ta co\u015b zarobi\u0107&#8221; <\/p>\n<p>Wcze\u015bniej dy\u017curny Komendy Wojew\u00f3dzkiej Pa\u0144stwowej Stra\u017cy Po\u017carnej w\u00a0Toruniu informowa\u0142, \u017ce na odcinku A1 od 190. do 196. kilometra, czyli w\u00a0okolicach W\u0142oc\u0142awka, pojazdy wpadaj\u0105 w\u00a0po\u015blizg i\u00a0wypadaj\u0105 z\u00a0jezdni.<\/p>\n<p>&#8211; Gdyby\u015bmy wiedzieli, \u017ce s\u0105 a\u017c tak fatalne warunki, z\u00a0pewno\u015bci\u0105 by\u015bmy dzi\u015b nie wyruszyli. Momentami tworz\u0105 si\u0119 zatory, bo z\u00a0trasy s\u0105 zgarniane auta, kt\u00f3re mia\u0142y wypadek. Mijali\u015bmy ju\u017c z\u00a010 zderze\u0144. Niekt\u00f3re auta le\u017ca\u0142y na dachu w\u00a0rowach. Nigdy czego\u015b takiego nie widzieli\u015bmy, a\u00a0je\u017adzimy t\u0105 trasa regularnie &#8211;\u00a0relacjonuje w\u00a0rozmowie z\u00a0WP Natalia Pestka, kt\u00f3ra wraca z\u00a0Tr\u00f3jmiasta do Rybnika.<\/p>\n<p>&#8211; A1 to obecnie lodowisko. Wi\u0119kszo\u015b\u0107 kierowc\u00f3w jedzie wolno &#8211;\u00a0ok. 70 km na godz., co na autostradzie jest wyj\u0105tkowym widokiem &#8211;\u00a0podkre\u015bla. <\/p>\n<p>Utrudnienia wyst\u0119puj\u0105 r\u00f3wnie\u017c na 221 kilometrze autostrady A1 w\u00a0miejscowo\u015bci Szewo, na odcinku pomi\u0119dzy w\u0119z\u0142ami Kutno i\u00a0Kowal, gdzie samoch\u00f3d osobowy wypad\u0142 z\u00a0drogi. Zablokowany jest tzw. pas wolny w\u00a0kierunku Gda\u0144ska.<\/p>\n<p>W dotychczasowych zdarzeniach drogowych nikt nie zosta\u0142 ranny. S\u0142u\u017cby drogowe apeluj\u0105 do kierowc\u00f3w o\u00a0ostro\u017cno\u015b\u0107.<\/p>\n<p>Policjanci z\u00a0ca\u0142ej Polski apeluj\u0105 o\u00a0zachowanie ostro\u017cno\u015bci na drogach. &#8222;Warunki drogowe s\u0105 bardzo trudne: \u015bliska i\u00a0oblodzona jezdnia dostosuj pr\u0119dko\u015b\u0107 do warunk\u00f3w na drodze, zachowaj bezpieczny odst\u0119p, unikaj gwa\u0142townych ruch\u00f3w, zachowaj spok\u00f3j i\u00a0cierpliwo\u015b\u0107 na drodze&#8221; &#8211;\u00a0przekazuje w\u00a0komunikacie policja.<\/p>\n","protected":false},"excerpt":{"rendered":"Autostrada A1 zablokowana jest w\u00a0miejscowo\u015bci Lipiny ko\u0142o W\u0142oc\u0142awka (woj. kujawsko-pomorskie). Utrudnienia powsta\u0142y po tym, jak dwa samochody osobowe&hellip;\n","protected":false},"author":2,"featured_media":172448,"comment_status":"","ping_status":"","sticky":false,"template":"","format":"standard","meta":{"footnotes":""},"categories":[5],"tags":[32,33,36,37,27,34,35,28,31,25,42,38,40,39,41,29,30,26],"class_list":{"0":"post-172447","1":"post","2":"type-post","3":"status-publish","4":"format-standard","5":"has-post-thumbnail","7":"category-naglowki","8":"tag-breaking-news","9":"tag-breakingnews","10":"tag-featured-news","11":"tag-featurednews","12":"tag-headlines","13":"tag-latest-news","14":"tag-latestnews","15":"tag-naglowki","16":"tag-najwazniejsze-artykuly","17":"tag-news","18":"tag-pl","19":"tag-poland","20":"tag-polish","21":"tag-polska","22":"tag-polski","23":"tag-top-stories","24":"tag-topstories","25":"tag-wiadomosci"},"share_on_mastodon":{"url":"","error":""},"_links":{"self":[{"href":"https:\/\/www.europesays.com\/pl\/wp-json\/wp\/v2\/posts\/172447","targetHints":{"allow":["GET"]}}],"collection":[{"href":"https:\/\/www.europesays.com\/pl\/wp-json\/wp\/v2\/posts"}],"about":[{"href":"https:\/\/www.europesays.com\/pl\/wp-json\/wp\/v2\/types\/post"}],"author":[{"embeddable":true,"href":"https:\/\/www.europesays.com\/pl\/wp-json\/wp\/v2\/users\/2"}],"replies":[{"embeddable":true,"href":"https:\/\/www.europesays.com\/pl\/wp-json\/wp\/v2\/comments?post=172447"}],"version-history":[{"count":0,"href":"https:\/\/www.europesays.com\/pl\/wp-json\/wp\/v2\/posts\/172447\/revisions"}],"wp:featuredmedia":[{"embeddable":true,"href":"https:\/\/www.europesays.com\/pl\/wp-json\/wp\/v2\/media\/172448"}],"wp:attachment":[{"href":"https:\/\/www.europesays.com\/pl\/wp-json\/wp\/v2\/media?parent=172447"}],"wp:term":[{"taxonomy":"category","embeddable":true,"href":"https:\/\/www.europesays.com\/pl\/wp-json\/wp\/v2\/categories?post=172447"},{"taxonomy":"post_tag","embeddable":true,"href":"https:\/\/www.europesays.com\/pl\/wp-json\/wp\/v2\/tags?post=172447"}],"curies":[{"name":"wp","href":"https:\/\/api.w.org\/{rel}","templated":true}]}}