{"id":172449,"date":"2025-12-26T17:43:09","date_gmt":"2025-12-26T17:43:09","guid":{"rendered":"https:\/\/www.europesays.com\/pl\/172449\/"},"modified":"2025-12-26T17:43:09","modified_gmt":"2025-12-26T17:43:09","slug":"katastrofa-niemcow-horngacher-podjal-decyzje-klamka-zapadla","status":"publish","type":"post","link":"https:\/\/www.europesays.com\/pl\/172449\/","title":{"rendered":"Katastrofa Niemc\u00f3w. Horngacher podj\u0105\u0142 decyzj\u0119. Klamka zapad\u0142a"},"content":{"rendered":"<p class=\"art_paragraph\">24 lata &#8211; tyle czekaj\u0105 Niemcy na to, by ich rodak wygra\u0142 <a href=\"https:\/\/www.sport.pl\/turniej#anchorLink\" rel=\"nofollow noopener\" target=\"_blank\">Turniej<\/a> Czterech Skoczni. Ostatnim, kt\u00f3ry tego dokona\u0142, by\u0142\u00a0Sven Hannawald. Kilku <a href=\"https:\/\/www.sport.pl\/zawodnik#anchorLink\" rel=\"nofollow noopener\" target=\"_blank\">zawodnik\u00f3w<\/a> by\u0142o blisko, by powt\u00f3rzy\u0107 wyczyn, ale nadzieje spe\u0142za\u0142y na niczym. Czy tym razem si\u0119 uda? Trudno oceni\u0107. Zawodz\u0105 szczeg\u00f3lnie liderzy. Mowa o Karlu Geigerze i Andreasie Wellingerze. Ba, zrezygnowali nawet ostatnio z Pucharu \u015awiata, by podszlifowa\u0107 form\u0119. Czy dostan\u0105 szans\u0119 na Turnieju Czterech Skoczni?<\/p>\n<p>\n    Zobacz wideo Norwegowie chc\u0105 wojny w skokach! Od razu ruszyli z oskar\u017ceniami\n  <\/p>\n<p> Stefan Horngacher og\u0142osi\u0142 sk\u0142ad na Turniej Czterech Skoczni. Geiger i Wellinger z kolejn\u0105 szans\u0105<\/p>\n<p class=\"art_paragraph\">Klamka zapad\u0142a. W pi\u0105tek na deutscherskiverband.de ukaza\u0142 si\u0119 sk\u0142ad reprezentacji na zbli\u017caj\u0105c\u0105 si\u0119 imprez\u0119. Mimo \u017ce Geiger i Wellinger prezentowali si\u0119 fatalnie &#8211; nie odnie\u015bli sukcesu nawet w mistrzostwach W\u0142och &#8211; to otrzymali zaproszenie od Stefana Horngachera.<\/p>\n<p class=\"art_paragraph\">&#8211;\u00a0Z niecierpliwo\u015bci\u0105 czekamy na 74. Turniej Czterech Skoczni. Zw\u0142aszcza na pe\u0142ne stadiony, wsparcie naszych <a href=\"https:\/\/www.sport.pl\/kibice#anchorLink\" rel=\"nofollow noopener\" target=\"_blank\">kibic\u00f3w<\/a> i fantastyczn\u0105 atmosfer\u0119 w Niemczech i Austrii. Turniej co roku w imponuj\u0105cy spos\u00f3b pokazuje ogromne zainteresowanie i znaczenie naszego <a href=\"https:\/\/www.sport.pl\/sport-hp\/0,0.html#anchorLink\" rel=\"nofollow noopener\" target=\"_blank\">sportu<\/a>. To dodatkowa motywacja dla nas wszystkich, aby zaprezentowa\u0107 si\u0119 jak najlepiej &#8211; zacz\u0105\u0142 selekcjoner reprezentacji Niemiec.<\/p>\n<p class=\"art_paragraph\">&#8211;\u00a0W turnieju we\u017amie udzia\u0142 \u0142\u0105cznie dziewi\u0119ciu zawodnik\u00f3w. Opr\u00f3cz grupy\u00a0P\u015a z Philippem Raimundem, Felixem Hoffmannem, Piusem Paschke, Karlem Geigerem i Andreasem Wellingerem, wystawimy r\u00f3wnie\u017c nasz\u0105 grup\u0119 narodow\u0105. Znajduj\u0105 si\u0119 tam\u00a0Luca Roth, Ben Bayer, Max Unglaube i Constantin Schmid &#8211; dodawa\u0142.<\/p>\n<p> Oto co Geiger i Wellinger mieli do powiedzenia przed TCS<\/p>\n<p class=\"art_paragraph\">A jak przed TCS czuj\u0105 si\u0119 Geiger i Wellinger? Czy s\u0105 gotowi na te zmagania? Ostatnio \u0107wiczyli wsp\u00f3lnie z jednym z trener\u00f3w. &#8211;\u00a0Trening by\u0142 intensywny i ju\u017c nie mog\u0119 si\u0119 doczeka\u0107 startu w TCS. Zw\u0142aszcza na mojej domowej skoczni i przed w\u0142asn\u0105 publiczno\u015bci\u0105 to dla mnie ogromna motywacja. Moim celem jest szybki powr\u00f3t do rytmu\u00a0&#8211; m\u00f3wi\u0142 Geiger. &#8211; Nie mog\u0119 si\u0119 doczeka\u0107 powrotu do P\u015a. Mam pozytywne wspomnienia ze skoczni TCS, wi\u0119c moment jest idealny &#8211; dodawa\u0142 Wellinger.<\/p>\n<p class=\"art_paragraph\">Zobacz te\u017c: <a href=\"https:\/\/www.sport.pl\/skoki\/7,65074,32492011,skandal-przed-turniejem-czterech-skoczni-polak-nie-wytrzymal.html\" class=\"art_link\" rel=\"dofollow noopener\" target=\"_blank\">Skandal przed Turniejem Czterech Skoczni. Polak nie wytrzyma\u0142<\/a>.\u00a0<\/p>\n<p class=\"art_paragraph\">Obaj maj\u0105 dobre wspomnienia z TCS z przesz\u0142o\u015bci. Geiger mo\u017ce pochwali\u0107 si\u0119 drug\u0105 i trzeci\u0105 lokat\u0105 na koniec imprezy. Z kolei Wellinger dwukrotnie zajmowa\u0142 drugie miejsce. W tym sezonie o powt\u00f3rzenie tych wynik\u00f3w b\u0119dzie jednak piekielnie ci\u0119\u017cko. Najwi\u0119ksze szanse na sukces spo\u015br\u00f3d Niemc\u00f3w, wydaje si\u0119, maj\u0105 Philipp Raimund i Felix Hoffmann, kt\u00f3rzy zajmuj\u0105 odpowiednio czwarte i sz\u00f3ste miejsce w klasyfikacji generalnej P\u015a.\u00a0<\/p>\n","protected":false},"excerpt":{"rendered":"24 lata &#8211; tyle czekaj\u0105 Niemcy na to, by ich rodak wygra\u0142 Turniej Czterech Skoczni. Ostatnim, kt\u00f3ry tego&hellip;\n","protected":false},"author":2,"featured_media":172450,"comment_status":"","ping_status":"","sticky":false,"template":"","format":"standard","meta":{"footnotes":""},"categories":[24],"tags":[42,38,40,39,41,127,126],"class_list":{"0":"post-172449","1":"post","2":"type-post","3":"status-publish","4":"format-standard","5":"has-post-thumbnail","7":"category-sport","8":"tag-pl","9":"tag-poland","10":"tag-polish","11":"tag-polska","12":"tag-polski","13":"tag-sport","14":"tag-sports"},"share_on_mastodon":{"url":"https:\/\/pubeurope.com\/@pl\/115787111362025400","error":""},"_links":{"self":[{"href":"https:\/\/www.europesays.com\/pl\/wp-json\/wp\/v2\/posts\/172449","targetHints":{"allow":["GET"]}}],"collection":[{"href":"https:\/\/www.europesays.com\/pl\/wp-json\/wp\/v2\/posts"}],"about":[{"href":"https:\/\/www.europesays.com\/pl\/wp-json\/wp\/v2\/types\/post"}],"author":[{"embeddable":true,"href":"https:\/\/www.europesays.com\/pl\/wp-json\/wp\/v2\/users\/2"}],"replies":[{"embeddable":true,"href":"https:\/\/www.europesays.com\/pl\/wp-json\/wp\/v2\/comments?post=172449"}],"version-history":[{"count":0,"href":"https:\/\/www.europesays.com\/pl\/wp-json\/wp\/v2\/posts\/172449\/revisions"}],"wp:featuredmedia":[{"embeddable":true,"href":"https:\/\/www.europesays.com\/pl\/wp-json\/wp\/v2\/media\/172450"}],"wp:attachment":[{"href":"https:\/\/www.europesays.com\/pl\/wp-json\/wp\/v2\/media?parent=172449"}],"wp:term":[{"taxonomy":"category","embeddable":true,"href":"https:\/\/www.europesays.com\/pl\/wp-json\/wp\/v2\/categories?post=172449"},{"taxonomy":"post_tag","embeddable":true,"href":"https:\/\/www.europesays.com\/pl\/wp-json\/wp\/v2\/tags?post=172449"}],"curies":[{"name":"wp","href":"https:\/\/api.w.org\/{rel}","templated":true}]}}