{"id":172451,"date":"2025-12-26T17:44:08","date_gmt":"2025-12-26T17:44:08","guid":{"rendered":"https:\/\/www.europesays.com\/pl\/172451\/"},"modified":"2025-12-26T17:44:08","modified_gmt":"2025-12-26T17:44:08","slug":"to-pierwsze-takie-swieta-dla-edyty-herbus-serce-teskni-do-przytulenia","status":"publish","type":"post","link":"https:\/\/www.europesays.com\/pl\/172451\/","title":{"rendered":"To pierwsze takie \u015bwi\u0119ta dla Edyty Herbu\u015b. &#8222;Serce t\u0119skni do przytulenia&#8221;"},"content":{"rendered":"<p class=\"ods-c-paragraph \">Tegoroczne \u015bwi\u0119ta Bo\u017cego Narodzenia maj\u0105 dla <a href=\"https:\/\/plejada.pl\/temat\/edyta-herbus\/w6pn29n\" id=\"53d91e50-578c-4a86-9c2a-cf4fb70beb55\" rel=\"nofollow noopener\" target=\"_blank\">Edyty Herbu\u015b <\/a>wyj\u0105tkowo osobisty wymiar. Popularna tancerka i aktorka, znana z otwartego dzielenia si\u0119 swoim \u017cyciem prywatnym, opublikowa\u0142a w mediach spo\u0142eczno\u015bciowych poruszaj\u0105cy wpis, w kt\u00f3rym wspomina\u0142a swoj\u0105 zmar\u0142\u0105 babci\u0119. Przypomnijmy, \u017ce pod koniec pa\u017adziernika 2025 r. Edyta Herbu\u015b <a href=\"https:\/\/plejada.pl\/newsy\/edyta-herbus-stracila-bliska-osobe-poinformowala-o-smierci-babci\/n76qzpy\" id=\"8f267d95-2882-4f5d-9b65-8c2ca7618d00\" rel=\"nofollow noopener\" target=\"_blank\">poinformowa\u0142a o \u015bmierci <\/a>tej bliskiej dla siebie osoby, z kt\u00f3r\u0105 \u0142\u0105czy\u0142a j\u0105 niezwyk\u0142a wi\u0119\u017a.<\/p>\n<p class=\"ods-c-paragraph \">&#8222;Tole\u0144ko, moja najdro\u017csza, przez ca\u0142e \u017cycie uczy\u0142a\u015b mnie, jak pi\u0119knie jest kocha\u0107 ca\u0142ym sercem. Prosz\u0119, naucz mnie teraz, jak mam to robi\u0107 ze z\u0142amanym sercem. Nasza najukocha\u0144sza Tola zasn\u0119\u0142a. Odesz\u0142a otulona najczulsz\u0105 mi\u0142o\u015bci\u0105 rodziny&#8221; \u2014 pisa\u0142a w\u00f3wczas Edyta Herbu\u015b w po\u017cegnalnym wpisie.<\/p>\n<p>Dalszy ci\u0105g artyku\u0142u pod materia\u0142em wideo<\/p>\n<p> Jak Edyta Herbu\u015b sp\u0119dza tegoroczne \u015bwi\u0119ta? <\/p>\n<p> Co Edyta Herbu\u015b napisa\u0142a o swojej babci? <\/p>\n<p> Dlaczego dla Edyty Herbu\u015b tegoroczne \u015bwi\u0119ta s\u0105 wyj\u0105tkowe? <\/p>\n<p> Czy Edyta Herbu\u015b czuje obecno\u015b\u0107 babci podczas \u015bwi\u0105t? <\/p>\n<p>  Edyta Herbu\u015b wspomina ukochan\u0105 babci\u0119 w \u015bwi\u0119ta Bo\u017cego Narodzenia<\/p>\n<p class=\"ods-c-paragraph \">W \u015bwi\u0105tecznym po\u015bcie artystka podkre\u015bli\u0142a, jak bardzo odczuwa brak babci w tym szczeg\u00f3lnym czasie.<\/p>\n<p class=\"ods-c-paragraph \">&#8222;Pi\u0119kny czas blisko\u015bci, mi\u0142o\u015bci i czu\u0142o\u015bci z ukochanymi lud\u017ami. I cho\u0107 w tym roku jest inaczej, bo serce t\u0119skni do przytulenia ukochanej babuni, to ta t\u0119sknota jeszcze bardziej przypomina o czerpaniu rado\u015bci z ka\u017cdej chwili sp\u0119dzonej razem.. Dzi\u0119kuj\u0119 kochana Toleczko, \u017ce nawet teraz uczysz nas rado\u015bci \u017cycia i pokory&#8221; \u2014 napisa\u0142a tancerka.<\/p>\n<p class=\"ods-c-paragraph \">Edyta Herbu\u015b podkre\u015bli\u0142a r\u00f3wnie\u017c, \u017ce mimo \u017ca\u0142oby, czuje obecno\u015b\u0107 babci i wsparcie rodziny.<\/p>\n<blockquote class=\"ods-o-quota\">\n<p class=\"ods-o-quota__paragraph\">Mocno czujemy ciebie przy sobie. I jak widzisz, tw\u00f3j ukochany Tadeusz jest dobrze zaopiekowany&#8230;<\/p>\n<\/blockquote>\n<p class=\"ods-c-paragraph \">\u2014 doda\u0142a w swoim wpisie i do\u0142\u0105czy\u0142a do niego rodzinne zdj\u0119cie, na kt\u00f3rym trzyma fotografi\u0119 babci.<\/p>\n<p class=\"ods-c-paragraph \">Dzi\u0119kujemy, \u017ce przeczyta\u0142a\u015b\/e\u015b nasz artyku\u0142 do ko\u0144ca. W serwisie Plejada.pl ka\u017cdego dnia piszemy o najwa\u017cniejszych wydarzeniach show-biznesowych. B\u0105d\u017a na bie\u017c\u0105co! <a rel=\"nofollow noopener\" href=\"https:\/\/news.google.com\/publications\/CAAiEF0PeAlb7W1llpV_mwV2rL4qFAgKIhBdD3gJW-1tZZaVf5sFdqy-?hl=pl&amp;gl=PL&amp;ceid=PL%3Apl\" id=\"5c456a93-564d-43d8-9567-3246997d79e3\" target=\"_blank\">Obserwuj<\/a> Plejad\u0119 w Wiadomo\u015bciach Google. Odwied\u017a nas tak\u017ce na <a rel=\"nofollow noopener\" href=\"https:\/\/www.facebook.com\/plejadapl\" id=\"e18eec32-284d-4ec2-b0da-348bdefc4660\" target=\"_blank\">Facebooku<\/a>, <a rel=\"nofollow noopener\" href=\"https:\/\/www.instagram.com\/plejadapl\/\" id=\"0f5561e4-e24c-4170-9686-c0ef1ed7ab16\" target=\"_blank\">Instagramie<\/a>, <a rel=\"nofollow noopener\" href=\"https:\/\/www.youtube.com\/c\/plejada\" id=\"41c21208-c733-4fff-8963-077aca0026a7\" target=\"_blank\">YouTubie<\/a> oraz <a rel=\"nofollow noopener\" href=\"https:\/\/www.tiktok.com\/@plejada_pl\" id=\"06b540fd-83b6-414e-b862-11b172ab2f7d\" target=\"_blank\">TikToku<\/a>.<\/p>\n<p class=\"ods-c-paragraph \">Chcesz podzieli\u0107 si\u0119 ciekawym newsem lub zaproponowa\u0107 temat? Skontaktuj si\u0119 z nami, pisz\u0105c maila na adres: plejada@redakcjaonet.pl.<\/p>\n<p><script async src=\"\/\/www.instagram.com\/embed.js\"><\/script><script async src=\"\/\/www.tiktok.com\/embed.js\"><\/script><\/p>\n","protected":false},"excerpt":{"rendered":"Tegoroczne \u015bwi\u0119ta Bo\u017cego Narodzenia maj\u0105 dla Edyty Herbu\u015b wyj\u0105tkowo osobisty wymiar. Popularna tancerka i aktorka, znana z otwartego&hellip;\n","protected":false},"author":2,"featured_media":172452,"comment_status":"","ping_status":"","sticky":false,"template":"","format":"standard","meta":{"footnotes":""},"categories":[22],"tags":[23150,18617,122,48,125,46,42,38,40,39,41,123,47,19636],"class_list":{"0":"post-172451","1":"post","2":"type-post","3":"status-publish","4":"format-standard","5":"has-post-thumbnail","7":"category-rozrywka","8":"tag-boze_narodzenie_wigilia","9":"tag-edyta_herbus","10":"tag-entertainment","11":"tag-nat_styl","12":"tag-newsy","13":"tag-omp","14":"tag-pl","15":"tag-poland","16":"tag-polish","17":"tag-polska","18":"tag-polski","19":"tag-rozrywka","20":"tag-screening_general","21":"tag-zaloba"},"share_on_mastodon":{"url":"https:\/\/pubeurope.com\/@pl\/115787115152082769","error":""},"_links":{"self":[{"href":"https:\/\/www.europesays.com\/pl\/wp-json\/wp\/v2\/posts\/172451","targetHints":{"allow":["GET"]}}],"collection":[{"href":"https:\/\/www.europesays.com\/pl\/wp-json\/wp\/v2\/posts"}],"about":[{"href":"https:\/\/www.europesays.com\/pl\/wp-json\/wp\/v2\/types\/post"}],"author":[{"embeddable":true,"href":"https:\/\/www.europesays.com\/pl\/wp-json\/wp\/v2\/users\/2"}],"replies":[{"embeddable":true,"href":"https:\/\/www.europesays.com\/pl\/wp-json\/wp\/v2\/comments?post=172451"}],"version-history":[{"count":0,"href":"https:\/\/www.europesays.com\/pl\/wp-json\/wp\/v2\/posts\/172451\/revisions"}],"wp:featuredmedia":[{"embeddable":true,"href":"https:\/\/www.europesays.com\/pl\/wp-json\/wp\/v2\/media\/172452"}],"wp:attachment":[{"href":"https:\/\/www.europesays.com\/pl\/wp-json\/wp\/v2\/media?parent=172451"}],"wp:term":[{"taxonomy":"category","embeddable":true,"href":"https:\/\/www.europesays.com\/pl\/wp-json\/wp\/v2\/categories?post=172451"},{"taxonomy":"post_tag","embeddable":true,"href":"https:\/\/www.europesays.com\/pl\/wp-json\/wp\/v2\/tags?post=172451"}],"curies":[{"name":"wp","href":"https:\/\/api.w.org\/{rel}","templated":true}]}}